{"id":1522,"date":"2023-10-09T11:35:46","date_gmt":"2023-10-09T14:35:46","guid":{"rendered":"https:\/\/www.sportchaco.com.ar\/?p=1522"},"modified":"2023-10-09T11:36:41","modified_gmt":"2023-10-09T14:36:41","slug":"fallecio-el-preparador-fisico-de-martin-demichelis","status":"publish","type":"post","link":"https:\/\/www.sportchaco.com.ar\/?p=1522","title":{"rendered":"Falleci\u00f3 el preparador f\u00edsico de Mart\u00edn Demichelis"},"content":{"rendered":"<p id=\"titulo_cable\" class=\"title\">Diego Riberi<\/p>\n<div id=\"div_cuerpo\" class=\"content cable-content\">\n<p>El preparador f\u00edsico Diego Riberi, integrante del cuerpo t\u00e9cnico de Mart\u00edn Demichelis en River Plate, falleci\u00f3 esta ma\u00f1ana luego de atravesar una enfermedad que lo oblig\u00f3 a alejarse transitoriamente de su funci\u00f3n a inicios de temporada, inform\u00f3 el club de N\u00fa\u00f1ez.<\/p>\n<p>Riberi, que a, a las \u00f3rdenes de Flavio P\u00e9rez, levant\u00f3 la copa de la Liga Profesional en la \u00faltima fecha del torneo pasado en el M\u00e1s Monumental como una se\u00f1al de apoyo por la situaci\u00f3n de salud que le tocaba enfrentar.<\/p>\n<p>\u201cHaber levantado la copa es indescriptible, no tengo palabras que describan esta situaci\u00f3n. Me toma de sorpresa, fue una idea del plantel. River es una familia y en el momento que me toca pasar a m\u00ed realmente se nota\u201d, dijo Riberi aquella tarde del 15 de julio.<\/p>\n<p>Riberi, de 50 a\u00f1os, lleg\u00f3 al club de la mano de Flavio P\u00e9rez luego de un gran trabajo en Deportivo Armenio y fue internado la semana pasada tras agravarse su cuadro cl\u00ednico.<\/p>\n<p>\u00abLamentamos profundamente el fallecimiento de Diego Riberi, preparador f\u00edsico del plantel profesional, y acompa\u00f1amos a sus seres queridos en estos momentos de dolor\u00bb, le despidi\u00f3 River en la red social X (ex Twitter).<\/p>\n<\/div>\n<div><\/div>\n<div>Foto de Diego Riberi alzando la Copa<\/div>\n","protected":false},"excerpt":{"rendered":"<p>Diego Riberi El preparador f\u00edsico Diego Riberi, integrante del cuerpo t\u00e9cnico de Mart\u00edn Demichelis en River Plate, falleci\u00f3 esta ma\u00f1ana luego de atravesar una enfermedad que lo oblig\u00f3 a alejarse transitoriamente de su funci\u00f3n a inicios de temporada, inform\u00f3 el club de N\u00fa\u00f1ez. Riberi, que a, a las \u00f3rdenes de Flavio P\u00e9rez, levant\u00f3 la copa &hellip;<\/p>\n","protected":false},"author":2,"featured_media":1523,"comment_status":"open","ping_status":"open","sticky":false,"template":"","format":"standard","meta":{"footnotes":""},"categories":[5,47],"tags":[],"class_list":["post-1522","post","type-post","status-publish","format-standard","has-post-thumbnail","hentry","category-futbol","category-nacionales"],"_links":{"self":[{"href":"https:\/\/www.sportchaco.com.ar\/index.php?rest_route=\/wp\/v2\/posts\/1522","targetHints":{"allow":["GET"]}}],"collection":[{"href":"https:\/\/www.sportchaco.com.ar\/index.php?rest_route=\/wp\/v2\/posts"}],"about":[{"href":"https:\/\/www.sportchaco.com.ar\/index.php?rest_route=\/wp\/v2\/types\/post"}],"author":[{"embeddable":true,"href":"https:\/\/www.sportchaco.com.ar\/index.php?rest_route=\/wp\/v2\/users\/2"}],"replies":[{"embeddable":true,"href":"https:\/\/www.sportchaco.com.ar\/index.php?rest_route=%2Fwp%2Fv2%2Fcomments&post=1522"}],"version-history":[{"count":2,"href":"https:\/\/www.sportchaco.com.ar\/index.php?rest_route=\/wp\/v2\/posts\/1522\/revisions"}],"predecessor-version":[{"id":1525,"href":"https:\/\/www.sportchaco.com.ar\/index.php?rest_route=\/wp\/v2\/posts\/1522\/revisions\/1525"}],"wp:featuredmedia":[{"embeddable":true,"href":"https:\/\/www.sportchaco.com.ar\/index.php?rest_route=\/wp\/v2\/media\/1523"}],"wp:attachment":[{"href":"https:\/\/www.sportchaco.com.ar\/index.php?rest_route=%2Fwp%2Fv2%2Fmedia&parent=1522"}],"wp:term":[{"taxonomy":"category","embeddable":true,"href":"https:\/\/www.sportchaco.com.ar\/index.php?rest_route=%2Fwp%2Fv2%2Fcategories&post=1522"},{"taxonomy":"post_tag","embeddable":true,"href":"https:\/\/www.sportchaco.com.ar\/index.php?rest_route=%2Fwp%2Fv2%2Ftags&post=1522"}],"curies":[{"name":"wp","href":"https:\/\/api.w.org\/{rel}","templated":true}]}}