{"id":15257,"date":"2024-12-13T15:19:51","date_gmt":"2024-12-13T18:19:51","guid":{"rendered":"https:\/\/www.sportchaco.com.ar\/?p=15257"},"modified":"2024-12-13T15:19:51","modified_gmt":"2024-12-13T18:19:51","slug":"cultural-de-sylvina-analiza-su-participacion-en-el-federal-de-basquet-2025","status":"publish","type":"post","link":"https:\/\/www.sportchaco.com.ar\/?p=15257","title":{"rendered":"Cultural de Sylvina analiza su participaci\u00f3n en el Federal de B\u00e1squet 2025"},"content":{"rendered":"<p><strong>13-12-2024<\/strong><\/p>\n<p><img loading=\"lazy\" decoding=\"async\" class=\" wp-image-9468 aligncenter\" src=\"https:\/\/www.sportchaco.com.ar\/wp-content\/uploads\/2024\/05\/Nachec-728x90-2-300x37.gif\" alt=\"\" width=\"414\" height=\"51\" \/><\/p>\n<p>Finalizando el 2024, Cultural de Santa Sylvina demostr\u00f3 a lo largo del a\u00f1o su permanente crecimiento y desarrollo, volc\u00e1ndose a la Primera con resultados m\u00e1s que satisfactorio a nivel Asociativo como Provincial, estando sin lugar a dudas entre los mejores equipos del Chaco. Actualmente, el club sylvinense clasific\u00f3 a la temporada 2025 de la Liga Federal de B\u00e1squet (LFB).<\/p>\n<p>En este marco, el entrenador principal del equipo de Primera de Cultural, Fabio Vi\u00f1etta, analiz\u00f3 lo que fue el 2024 para la instituci\u00f3n, siendo muy positivo en su an\u00e1lisis y a su vez m\u00e1s que optimista en lo que se viene. \u201cCreo que el a\u00f1o para Cultural deja un saldo positivo, a nivel local y provincial, donde jugando con jugadores del club en la local quedamos en semifinales, y teniendo en cuenta que el Provincial fue muy parejo, donde muchos equipos que se formaron con gran material humano, Cultural se form\u00f3 con chicos del club; hemos logrado ascender, estar entre los 4 mejores de la provincia y dejando un saldo totalmente positivo\u201d.<\/p>\n<p><strong>RELACI\u00d3N CON GOBIERNO Y MUNICIPIO<br \/>\n<\/strong>En cuanto a la relaci\u00f3n y el trabajo que llevan adelante con el Gobierno provincial y la Municipalidad de Santa Sylvina conducida por la intendente Susana Maggio, con el Gobierno viene muy bien, donde se trabaja con Loter\u00eda Chaque\u00f1a y se tiene un aporte por publicidad; en tanto que con el Municipio siempre acompa\u00f1a con los viajes largos con la movilidad, adem\u00e1s de la predisposici\u00f3n en todo lo que Cultural necesita y requiere.<\/p>\n<p>Con respecto al equipo que Cultural arm\u00f3 para este a\u00f1o, combinando mucha juventud y por supuesto tambi\u00e9n la experiencia en puntos claves, donde vale remarcar que los jugadores, en su gran mayor\u00eda, son netamente de la instituci\u00f3n sylvinense. \u201cArmamos equipo r\u00e1pido, joven, que se desplase ofensivamente y por supuesto defensivamente, adem\u00e1s de ir rotando para tener un desgaste f\u00edsico de gran dimensi\u00f3n; dejamos un equipo con marca registrada, un equipo diferente donde presiona y nunca se entrega\u201d, destac\u00f3 Vi\u00f1etta.<\/p>\n<figure class=\"wp-block-image size-large\"><a href=\"https:\/\/baskettotal.com.ar\/wp-content\/uploads\/2024\/12\/CULTURAL-1.jpg\"><img loading=\"lazy\" decoding=\"async\" class=\"lazy wp-image-25548 lazy-loaded\" src=\"https:\/\/baskettotal.com.ar\/wp-content\/uploads\/2024\/12\/CULTURAL-1-1024x768.jpg\" sizes=\"auto, (max-width: 1024px) 100vw, 1024px\" srcset=\"https:\/\/baskettotal.com.ar\/wp-content\/uploads\/2024\/12\/CULTURAL-1-1024x768.jpg 1024w, https:\/\/baskettotal.com.ar\/wp-content\/uploads\/2024\/12\/CULTURAL-1-300x225.jpg 300w, https:\/\/baskettotal.com.ar\/wp-content\/uploads\/2024\/12\/CULTURAL-1-768x576.jpg 768w, https:\/\/baskettotal.com.ar\/wp-content\/uploads\/2024\/12\/CULTURAL-1.jpg 1040w\" alt=\"\" width=\"1024\" height=\"768\" data-lazy-type=\"image\" data-lazy-src=\"https:\/\/baskettotal.com.ar\/wp-content\/uploads\/2024\/12\/CULTURAL-1-1024x768.jpg\" data-lazy-srcset=\"https:\/\/baskettotal.com.ar\/wp-content\/uploads\/2024\/12\/CULTURAL-1-1024x768.jpg 1024w, https:\/\/baskettotal.com.ar\/wp-content\/uploads\/2024\/12\/CULTURAL-1-300x225.jpg 300w, https:\/\/baskettotal.com.ar\/wp-content\/uploads\/2024\/12\/CULTURAL-1-768x576.jpg 768w, https:\/\/baskettotal.com.ar\/wp-content\/uploads\/2024\/12\/CULTURAL-1.jpg 1040w\" data-lazy-sizes=\"(max-width: 1024px) 100vw, 1024px\" \/><\/a><\/figure>\n<p><strong>PERFORMANCE EN LAS FORMATIVAS<br \/>\n<\/strong>Adem\u00e1s de que este a\u00f1o, la Primera de Cultural en el \u00e1mbito Asociativo y Provincial tuvo una gran performance, tambi\u00e9n es de destacar en gran manera a todas la categor\u00edas formativas, quienes llegaron a instancias de semifinales del Clausura de la Asociaci\u00f3n de B\u00e1squet del Sudoeste Chaque\u00f1o y dos de ellas jugando finales. \u201cA nivel local y provincial me siento conforme y satisfecho; estoy encargado del club en la coordinaci\u00f3n y mantenemos un esquema y formato de trabajo con los dem\u00e1s entrenadores de todas las categor\u00edas\u201d.<\/p>\n<p><strong>PARTICIPACI\u00d3N EN LA LIGA FEDERAL 2025<br \/>\n<\/strong>Y con respecto a lo que ser\u00e1 su posible participaci\u00f3n en la temporada 2025 de La Liga Federal de B\u00e1squet (LFB), la dirigencia de Cultural por estas horas trabajan gestionando para cristalizar el sue\u00f1o de volver a jugar la Liga Federal, esperando que desde los entes gubernamentales, tanto municipal y provincial, aporten para dicha causa, como as\u00ed tambi\u00e9n sponsor, empresas y particulares digan presente para seguir jerarquizando el b\u00e1squet de Santa Sylvina.<\/p>\n<p>\u201cSe tiene pensado jugar, somos un club que solo no puede solventar un gasto de esa magnitud; estamos con muchas ganas de participar, sabemos que necesitamos algunos jugadores, donde, en el caso de jugar, ya lo tenemos a Gast\u00f3n Araujo que volver\u00eda, pero nos faltar\u00eda un mayor m\u00e1s\u201d, finaliz\u00f3 Fabio Vi\u00f1etta.<\/p>\n<p><img loading=\"lazy\" decoding=\"async\" class=\" wp-image-9467 aligncenter\" src=\"https:\/\/www.sportchaco.com.ar\/wp-content\/uploads\/2024\/05\/Nachec1-300x250-1.gif\" alt=\"\" width=\"359\" height=\"299\" \/><\/p>\n","protected":false},"excerpt":{"rendered":"<p>13-12-2024 Finalizando el 2024, Cultural de Santa Sylvina demostr\u00f3 a lo largo del a\u00f1o su permanente crecimiento y desarrollo, volc\u00e1ndose a la Primera con resultados m\u00e1s que satisfactorio a nivel Asociativo como Provincial, estando sin lugar a dudas entre los mejores equipos del Chaco. Actualmente, el club sylvinense clasific\u00f3 a la temporada 2025 de la &hellip;<\/p>\n","protected":false},"author":3,"featured_media":15258,"comment_status":"open","ping_status":"open","sticky":false,"template":"","format":"standard","meta":{"footnotes":""},"categories":[3],"tags":[],"class_list":["post-15257","post","type-post","status-publish","format-standard","has-post-thumbnail","hentry","category-basquetbol"],"_links":{"self":[{"href":"https:\/\/www.sportchaco.com.ar\/index.php?rest_route=\/wp\/v2\/posts\/15257","targetHints":{"allow":["GET"]}}],"collection":[{"href":"https:\/\/www.sportchaco.com.ar\/index.php?rest_route=\/wp\/v2\/posts"}],"about":[{"href":"https:\/\/www.sportchaco.com.ar\/index.php?rest_route=\/wp\/v2\/types\/post"}],"author":[{"embeddable":true,"href":"https:\/\/www.sportchaco.com.ar\/index.php?rest_route=\/wp\/v2\/users\/3"}],"replies":[{"embeddable":true,"href":"https:\/\/www.sportchaco.com.ar\/index.php?rest_route=%2Fwp%2Fv2%2Fcomments&post=15257"}],"version-history":[{"count":1,"href":"https:\/\/www.sportchaco.com.ar\/index.php?rest_route=\/wp\/v2\/posts\/15257\/revisions"}],"predecessor-version":[{"id":15259,"href":"https:\/\/www.sportchaco.com.ar\/index.php?rest_route=\/wp\/v2\/posts\/15257\/revisions\/15259"}],"wp:featuredmedia":[{"embeddable":true,"href":"https:\/\/www.sportchaco.com.ar\/index.php?rest_route=\/wp\/v2\/media\/15258"}],"wp:attachment":[{"href":"https:\/\/www.sportchaco.com.ar\/index.php?rest_route=%2Fwp%2Fv2%2Fmedia&parent=15257"}],"wp:term":[{"taxonomy":"category","embeddable":true,"href":"https:\/\/www.sportchaco.com.ar\/index.php?rest_route=%2Fwp%2Fv2%2Fcategories&post=15257"},{"taxonomy":"post_tag","embeddable":true,"href":"https:\/\/www.sportchaco.com.ar\/index.php?rest_route=%2Fwp%2Fv2%2Ftags&post=15257"}],"curies":[{"name":"wp","href":"https:\/\/api.w.org\/{rel}","templated":true}]}}