{"id":1526,"date":"2023-10-09T11:44:30","date_gmt":"2023-10-09T14:44:30","guid":{"rendered":"https:\/\/www.sportchaco.com.ar\/?p=1526"},"modified":"2023-10-09T11:44:30","modified_gmt":"2023-10-09T14:44:30","slug":"matera-con-desgarro-grado-3-del-esquitiobial","status":"publish","type":"post","link":"https:\/\/www.sportchaco.com.ar\/?p=1526","title":{"rendered":"Matera con desgarro grado 3 del esquitiobial"},"content":{"rendered":"<p id=\"titulo_cable\" class=\"title\">\n<div id=\"div_cuerpo\" class=\"content cable-content\">\nAunque el cuerpo m\u00e9dico de Los Pumas no fijo plazo de recuperaci\u00f3n, el protocolo para dolencia de ese tipo estipula una recuperaci\u00f3n cercana a los 21 d\u00edas y la final de la competencia se jugar\u00e1 el s\u00e1bado 28 en el Stade de France de Saint-Denis.<\/p>\n<p>Matera, de 30 a\u00f1os y 98 partidos internacionales con Los Pumas, se retir\u00f3 lesionado a los 24 minutos del primer tiempo de partido que Argentina le gan\u00f3 a Jap\u00f3n (39-27) y dej\u00f3 el estadio de la ciudad de Nantes con la ayuda de muletas para trasladarse.<\/p>\n<p>El entrenador australiano Michael Cheika dispone a Rodrigo Bruni, Facundo Isa, Joaqu\u00edn Oviedo o Pedro Rubiolo como variantes naturales para ocupar el lugar de Matera en el compromiso de cuartos de final ante Gales, que se jugar\u00e1 el s\u00e1bado pr\u00f3ximo a las 12.00 de Argentina en la ciudad de Marsella.<\/p>\n<p>Hacia all\u00ed parti\u00f3 este lunes la delegaci\u00f3n nacional luego de abandonar la localidad de La Baule, situada sobre la costa noroeste del pa\u00eds, frente al golfo de Vizcaya, donde se instal\u00f3 desde su llegada a Francia, hace un mes.<\/p>\n<p>\u00abMuch\u00edsimas gracias al hotel Barriere L\u2019Hermitage por la hospitalidad y la atenci\u00f3n de parte de todos. \u00a1Los vamos a extra\u00f1ar!\u00bb, poste\u00f3 la cuenta oficial del equipo en la red social X (ex Twitter) junto a una foto de toda la delegaci\u00f3n argentina y el personal del lugar.<\/p><\/div>\n<div><\/div>\n<div>Foto de Pablo Matera, lesionado quedar\u00eda fuera del Mundial de Franica<\/div>\n","protected":false},"excerpt":{"rendered":"<p>Aunque el cuerpo m\u00e9dico de Los Pumas no fijo plazo de recuperaci\u00f3n, el protocolo para dolencia de ese tipo estipula una recuperaci\u00f3n cercana a los 21 d\u00edas y la final de la competencia se jugar\u00e1 el s\u00e1bado 28 en el Stade de France de Saint-Denis. Matera, de 30 a\u00f1os y 98 partidos internacionales con Los &hellip;<\/p>\n","protected":false},"author":2,"featured_media":1527,"comment_status":"open","ping_status":"open","sticky":false,"template":"","format":"standard","meta":{"footnotes":""},"categories":[6,7],"tags":[],"class_list":["post-1526","post","type-post","status-publish","format-standard","has-post-thumbnail","hentry","category-internacionales","category-rugby"],"_links":{"self":[{"href":"https:\/\/www.sportchaco.com.ar\/index.php?rest_route=\/wp\/v2\/posts\/1526","targetHints":{"allow":["GET"]}}],"collection":[{"href":"https:\/\/www.sportchaco.com.ar\/index.php?rest_route=\/wp\/v2\/posts"}],"about":[{"href":"https:\/\/www.sportchaco.com.ar\/index.php?rest_route=\/wp\/v2\/types\/post"}],"author":[{"embeddable":true,"href":"https:\/\/www.sportchaco.com.ar\/index.php?rest_route=\/wp\/v2\/users\/2"}],"replies":[{"embeddable":true,"href":"https:\/\/www.sportchaco.com.ar\/index.php?rest_route=%2Fwp%2Fv2%2Fcomments&post=1526"}],"version-history":[{"count":1,"href":"https:\/\/www.sportchaco.com.ar\/index.php?rest_route=\/wp\/v2\/posts\/1526\/revisions"}],"predecessor-version":[{"id":1528,"href":"https:\/\/www.sportchaco.com.ar\/index.php?rest_route=\/wp\/v2\/posts\/1526\/revisions\/1528"}],"wp:featuredmedia":[{"embeddable":true,"href":"https:\/\/www.sportchaco.com.ar\/index.php?rest_route=\/wp\/v2\/media\/1527"}],"wp:attachment":[{"href":"https:\/\/www.sportchaco.com.ar\/index.php?rest_route=%2Fwp%2Fv2%2Fmedia&parent=1526"}],"wp:term":[{"taxonomy":"category","embeddable":true,"href":"https:\/\/www.sportchaco.com.ar\/index.php?rest_route=%2Fwp%2Fv2%2Fcategories&post=1526"},{"taxonomy":"post_tag","embeddable":true,"href":"https:\/\/www.sportchaco.com.ar\/index.php?rest_route=%2Fwp%2Fv2%2Ftags&post=1526"}],"curies":[{"name":"wp","href":"https:\/\/api.w.org\/{rel}","templated":true}]}}