{"id":15267,"date":"2024-12-13T22:52:40","date_gmt":"2024-12-14T01:52:40","guid":{"rendered":"https:\/\/www.sportchaco.com.ar\/?p=15267"},"modified":"2024-12-13T22:52:40","modified_gmt":"2024-12-14T01:52:40","slug":"efemerides-del-14-de-diciembre-2","status":"publish","type":"post","link":"https:\/\/www.sportchaco.com.ar\/?p=15267","title":{"rendered":"Efem\u00e9rides del 14 de diciembre"},"content":{"rendered":"<div class=\"container fullwidth-entry-title-wrapper\">\n<div class=\"container-wrapper fullwidth-entry-title\">\n<header class=\"entry-header-outer\">\n<div class=\"entry-header\">\n<h1 class=\"post-title entry-title\">Efem\u00e9rides del 14 de diciembre<\/h1>\n<div class=\"single-post-meta post-meta clearfix\">\n<div class=\"tie-alignright\"><\/div>\n<\/div>\n<\/div>\n<\/header>\n<\/div>\n<\/div>\n<div id=\"content\" class=\"site-content container\">\n<div id=\"main-content-row\" class=\"tie-row main-content-row\">\n<div class=\"main-content tie-col-md-8 tie-col-xs-12\" role=\"main\">\n<article id=\"the-post\" class=\"container-wrapper post-content tie-standard\">\n<div class=\"featured-area\">\n<div class=\"featured-area-inner\">\n<figure class=\"single-featured-image\"><\/figure>\n<\/div>\n<\/div>\n<div class=\"entry-content entry clearfix\">\n<p><strong>Estas son las efem\u00e9rides de un 14 de diciembre, del libro \u00ab100 a\u00f1os de historia del deporte en el Chaco\u00bb, del periodista Luis Dar\u00edo Molodezky. Foto portada de Ana Marta Codina<\/strong><\/p>\n<p><img decoding=\"async\" src=\"https:\/\/www.sportchaco.com.ar\/wp-content\/uploads\/2023\/11\/Luis-D-SP-199x300.jpg\" \/><\/p>\n<p><strong>14 de diciembre<\/strong><\/p>\n<p><strong>1985 \/<\/strong>\u00a0Se conforma la Autope\u00f1a Juvenil de S\u00e1enz<br \/>\nPe\u00f1a, para apoyar al semillero de pilotos de automovilismo. La<br \/>\nintegran entre otros Luis Ferreira, Jorge Juli\u00e1n, Fernando Cenoz,<br \/>\nEduardo Zasko, Fabi\u00e1n Machado, Hugo Ferreyra, Norberto<br \/>\nMart\u00ednez, Jorge Cagliero, Miguel Garc\u00eda, Carlos Cruz, Omar Salas,<br \/>\nNorberto Medina, Jorge Stancheff, Oscar Sicora y Rub\u00e9n Cruz.<\/p>\n<p><strong>1985 \/<\/strong>\u00a0Se realiza en Charata la Fiesta del Deporte<br \/>\norganizada por Atl\u00e9tico Charata. Fueron distinguidos los clubes<br \/>\nCosme Saavedra, Libertad e Italiana; el CEF N\u00ba 9, Aero Club<br \/>\nCharata; F\u00fatbol Hildo Guti\u00e9rrez, Walter G\u00f3mez, Daniel L\u00f3pez,<br \/>\nHoracio Ren\u00e9 Ib\u00e1\u00f1ez; b\u00e1squetbol Marcelo Golob y Rub\u00e9n Zalazar;<br \/>\nbochas Ra\u00fal Capra y Roberto Maurino; ciclismo Eduardo Coria,<br \/>\nGuillermo Pfefer y Marcelo Morales; corredores Jorge G\u00f3mez Luna<br \/>\ny Claudio G\u00f3mez Luna; preparadores Carullo Boglietti y Tony<br \/>\nNovo; piloto Rody Bergallo.<\/p>\n<p><strong>2000 \/<\/strong>\u00a0La Asociaci\u00f3n Resistencia de Veteranos de<br \/>\nF\u00fatbol consagra a sus campeones del a\u00f1o 2000: Categor\u00eda A Veteranos<br \/>\nde Ratt\u00edn, subcampe\u00f3n STM. En la B, Deportivo La Leonesa<br \/>\ny Poder Legislativo. En la C, Villa Ercilia y Chaco Vial. En la D, El<br \/>\nRecambio y Parque Aut\u00f3dromo. Entre Los Maxi, en la divisi\u00f3n A,<br \/>\nHind\u00fa Club y El Territorio. En la B Reencuentro y Contadores.<\/p>\n<p><strong>2002 \/<\/strong>\u00a0La palista Mar\u00eda Fernanda Lauro es consagrada<br \/>\ndeportista del a\u00f1o por el C\u00edrculo de Periodistas Deportivos<br \/>\ndel Chaco, durante la Fiesta Anual realizada en el Club Sarmiento.<br \/>\nLa n\u00f3mina de atletas distinguidos es: ajedrez Julio S. Moreno<br \/>\nKaenel, \u00e1rbitro Jos\u00e9 Favretto, artes marciales Daniel Ch\u00e1vez, atletismo<br \/>\nSoledad Br\u00edgnoli, automovilismo Fernando Marano,<br \/>\nb\u00e1squetbol Juan Pablo Dip, bochas Tr\u00edo Juv. Unida Charata, boxeo<br \/>\nRa\u00fal Bejarano, canotaje Mar\u00eda Fernanda Lauro, caza Gustavo<br \/>\nMaidana, ciclismo Luis Bravo, dirigente Arturo Grosseti, equitaci\u00f3n<br \/>\nCarolina Azernicki, f\u00fatbol Marcelo Romero, gimnasia art\u00edstica<br \/>\nG. A. Nusbaun Vergara, golf Angel Chiozzi, handball Fabi\u00e1n<br \/>\nGabriel Castro, hockey Mar\u00eda Eugenia Garc\u00eda, homenaje Ar\u00edstides<br \/>\nOmar Ginesta, karting Sergio Rossi, marat\u00f3n Dario Avallay,<br \/>\nmotociclismo Juan Jos\u00e9 S\u00e1nchez, nataci\u00f3n Mario Moro, p\u00e1del F.<br \/>\nL\u00f3pez y S. de las Casas, pat\u00edn Fabricio Camiletti, pelota Marcelo y<br \/>\nMariano Mar\u00edn, pesca Eduardo Aguirre, rugby Maximiliano<br \/>\nFreschi, socio honorario Mario Romano, tenis Juan Carlos Castelo,<br \/>\ntenis de mesa Guillermo Codina, tiro Arturo Monroig, v\u00f3leibol<br \/>\nLaura Soloff, mountain bike Rodrigo Zamudio, yoga art\u00edstico<br \/>\nEmilia Rearte. Homenaje a la trayectoria deportiva: Elsa Takahasi.<\/p>\n<p><strong>2006 \/<\/strong>\u00a0General Belgrano se consagra campe\u00f3n del<br \/>\nTorneo Clausura 2006 de la Liga Saenzpe\u00f1ense de F\u00fatbol, al igualar<br \/>\n2 a 2 con el Deportivo Alianza en la segunda final jugada en el<br \/>\nbarrio Lamadrid. En su camino al t\u00edtulo del Clausura, Belgrano<br \/>\njug\u00f3 20 partidos, incluido el desempate del primer puesto de la<br \/>\nZona A, de los cuales gan\u00f3 11, empat\u00f3 7 y perdi\u00f3 2. Convirti\u00f3 44<br \/>\ngoles y le marcaron 26. El goleador del equipo fue Gabriel Far\u00edas,<br \/>\ncon 13 conquistas.<\/p>\n<p><strong>2007 \/<\/strong>\u00a0Ana Marta Codina, jugadora de tenis de mesa,<br \/>\nes consagrada Deportista del A\u00f1o 2007 por el C\u00edrculo de Periodistas<br \/>\nDeportivos del Chaco. Con 16 a\u00f1os, logr\u00f3 \u00e9xitos a nivel nacional e<br \/>\ninternacional. Los distinguidos fueron: ajedrez Luciano Onocko;<br \/>\n\u00e1rbitro Mar\u00eda Elena Peralta; atletismo Werfil Wagner; artes marciales<br \/>\nFlavio Flores; automovilismo Hern\u00e1n Buchholz; b\u00e1squetbol Javier<br \/>\nCarrasco; bochas Javier Sukjle; boxeo C\u00e9sar Ren\u00e9 Cuenca; caza<br \/>\nEvelyn S\u00e1nchez; canotaje Leonardo Niveiro; ciclismo Sergio Chucoff;<br \/>\ndirigente Dino Campagnani; equitaci\u00f3n Mart\u00edn Azernicki;<br \/>\nf\u00edsicoculturismo y fitnnes Natalia Wasfeld; F\u00fatbol Sergio Cort\u00e9z; gimnasia<br \/>\nart\u00edstica Juan Mart\u00edn Casco; golf Emiliano Grillo; handball<br \/>\nMarcela Avallay; hockey Gonzalo Mariano Rodr\u00edguez; homenaje<br \/>\nH\u00e9ctor Tronquito Gamarra; karting Nicol\u00e1s Paria; motociclismo<br \/>\nAmado Soto; nataci\u00f3n Daniela Jim\u00e9nez; p\u00e1del Javier Escalante; pelota<br \/>\npaleta Alfredo Montenegro; pesca Andr\u00e9s Fabi\u00e1n G\u00f3mez<br \/>\nCuruchet; rugby Diego Alexis Kreis; tenis Facundo G\u00f3mez; tenis de<br \/>\nmesa Ana Codina; tiro Gustavo Teruel; triatl\u00f3n Jos\u00e9 Muchutti; v\u00f3ley<br \/>\nFranco L\u00f3pez; marat\u00f3n Leandro Centanaro; squash Mariano<br \/>\nMolina y triatl\u00f3n Jos\u00e9 Muchutti. Premios especiales: a la trayectoria<br \/>\ncomo relator Alfredo Flores; en b\u00e1squetbol Jorge Pablo Corbal\u00e1n.<\/p>\n<p><strong>2014\/<\/strong>\u00a0La taekwondista Andrea Romina Balbuena, de sobresaliente actuaci\u00f3n en el Mundial de Roma fue consagrada deportista de la temporada 2014 en la 33\u00ba Fiesta Anual del C\u00edrculo de Periodistas celebrada anoche ante un marco imponente en las instalaciones del sal\u00f3n del Sindicato de Prensa del Chaco. Los nominados fueron Arbitro: Guillermo Gonz\u00e1lez. Atletismo: Ana Paula Corbal\u00e1n. Artes Marciales: Andrea Balbuena. Automovilismo: Pablo Zacar\u00edas. B\u00e1squetbol: Alejo Toledo. Boxeo: Luciano Orellana. Canotaje: Magal\u00ed Forte. Caza: Gustavo Teruel. Ciclismo: Germ\u00e1n Trautner. Fisicoculturismo: Rodrigo Meza. F\u00fatbol: Aldo Visconti. F\u00fatbol de Sal\u00f3n: Raquel Polich. Gimnasia Art\u00edstica: Ari Miralda Cebey. Golf: Mariano Benzaquen. Handball: Valentina Zie Fr\u00edas. Hockey: Juliana Bancalari. Karting: Lucas Bohdanowicz. Marat\u00f3n: Leandro Centanaro. Motociclismo: Mauro Passarino. Nataci\u00f3n: Joaqu\u00edn Lucero. Padel: Virginia Riera. Pesas levantamiento ol\u00edmpico: Andr\u00e9s Ortiz, Pesca: Gabriela Meza. Rugby: Juan Cruz Salgado. Squash: Juan Agust\u00edn Silva. Tenis: Juan Cruz Moncada. Tenis de mesa: Ana Codina. Tiro: Antonia Yaniselli. Voley: Alejandra Liva. Menci\u00f3n especial en Marat\u00f3n: Liliana Mariel Montenegro. Deportes Especiales: Ramiro Cardozo<br \/>\nDirigente: Alfredo Gonz\u00e1lez (Club Morava). Homenaje: Mario \u201cHuesito\u201d L\u00f3pez. Socio Honorario: Oscar Vargas. Instituciones: San Fernando, Juventud de Tirol, Asociaci\u00f3n Chaque\u00f1a de Squash, Cune, Comercio de Santa Sylvina, y Don Orione. Reconocimientos especiales: Julio Semino y el profesor Eudaldo Garayo. Jugadores y cuerpo t\u00e9cnico del equipo de Uni\u00f3n de Pinedo, que clasific\u00f3 para el Nacional 1984. Programa deportivo \u2019Los Barrios Viven\u2019.<\/p>\n<p><strong>2018 \/<\/strong>\u00a0Ezequiel Allende fue consagrado como Deportista del A\u00f1o 2018, en el marco de la 37\u00ba Fiesta Anual del Deporte que se realiz\u00f3 en el Convenciones del Domo del Centenario. El piloto de Pampa del Infierno conquist\u00f3 categor\u00eda Motoar3 del Campeonato Argentino de Velocidad. Los nominados del C\u00edrculo de Periodistas Deportivos del Chaco fueron Ajedrez: Silvana Agnello; Atletismo: Jos\u00e9 Emmanuel Alvarez; \u00c1rbitro: Lucas T\u00e9vez (b\u00e1squet); Artes Marciales: Alejandra Ivars; Automovilismo: Lucas Carabajal; B\u00e1squet: Marco Tortarolo; Bochas: Gast\u00f3n Gallegos; Boxeo: Andres Castillo; Caza: Ra\u00fal Ariel Petrunior; Ciclismo: Daniel Ben\u00edtez; Deporte Adaptado: Esteban Vega; Dirigente: Roberto Dellamea; Fisicoculturismo: Brian S\u00e1nchez; F\u00fatbol: Diego N\u00fa\u00f1ez; F\u00fatbol de sal\u00f3n: Gast\u00f3n Fort\u00edn; Gimnasia Art\u00edstica: Liz Van De Voorde Schnablegge; Golf: Carlos Barreiro; Handball: Emiliano Garc\u00eda; Homenaje: Ram\u00f3n Villanueva; Hockey: Celeste Peloso; Karting: Lucas Bodhanowicz; Levantamiento Ol\u00edmpico: Antonella Rodr\u00edguez; Marat\u00f3n: Leandro Centanaro; Motociclismo: Ezequiel Allende; Nataci\u00f3n: Franco N\u00fa\u00f1ez; Pesca: Facundo Velazquez; Rugby: Francisco Liotta Hern\u00e1ndez; Squash: Aylan Alezander Tymkiw; Tenis: Cecilia Grepo;Tenis de Mesa: Lautaro Gauna y V\u00f3ley: Nisela y Nicole Duarte. Reconocimientos: Desocha, Resistencia Corre, clubes Estudiantes, Regional, Sarmiento y Curne. Homenaje: Ram\u00f3n Villanueva, arquero y capit\u00e1n del equipo campe\u00f3n argentino de la Liga Chaque\u00f1a hace 50 a\u00f1os.<\/p>\n<p><img decoding=\"async\" src=\"https:\/\/www.sportchaco.com.ar\/wp-content\/uploads\/2023\/12\/allende-780x470.jpg\" \/><\/p>\n<p><em>Foto: Ezequiel Allende<\/em><\/p>\n<div class=\"post-bottom-meta post-bottom-edit\">\n<div class=\"post-bottom-meta-title\"><\/div>\n<\/div>\n<\/div>\n<\/article>\n<\/div>\n<\/div>\n<\/div>\n","protected":false},"excerpt":{"rendered":"<p>Efem\u00e9rides del 14 de diciembre Estas son las efem\u00e9rides de un 14 de diciembre, del libro \u00ab100 a\u00f1os de historia del deporte en el Chaco\u00bb, del periodista Luis Dar\u00edo Molodezky. Foto portada de Ana Marta Codina 14 de diciembre 1985 \/\u00a0Se conforma la Autope\u00f1a Juvenil de S\u00e1enz Pe\u00f1a, para apoyar al semillero de pilotos de &hellip;<\/p>\n","protected":false},"author":2,"featured_media":15268,"comment_status":"open","ping_status":"open","sticky":false,"template":"","format":"standard","meta":{"footnotes":""},"categories":[42,45],"tags":[],"class_list":["post-15267","post","type-post","status-publish","format-standard","has-post-thumbnail","hentry","category-diciembre","category-efemerides-dia-por-dia"],"_links":{"self":[{"href":"https:\/\/www.sportchaco.com.ar\/index.php?rest_route=\/wp\/v2\/posts\/15267","targetHints":{"allow":["GET"]}}],"collection":[{"href":"https:\/\/www.sportchaco.com.ar\/index.php?rest_route=\/wp\/v2\/posts"}],"about":[{"href":"https:\/\/www.sportchaco.com.ar\/index.php?rest_route=\/wp\/v2\/types\/post"}],"author":[{"embeddable":true,"href":"https:\/\/www.sportchaco.com.ar\/index.php?rest_route=\/wp\/v2\/users\/2"}],"replies":[{"embeddable":true,"href":"https:\/\/www.sportchaco.com.ar\/index.php?rest_route=%2Fwp%2Fv2%2Fcomments&post=15267"}],"version-history":[{"count":1,"href":"https:\/\/www.sportchaco.com.ar\/index.php?rest_route=\/wp\/v2\/posts\/15267\/revisions"}],"predecessor-version":[{"id":15269,"href":"https:\/\/www.sportchaco.com.ar\/index.php?rest_route=\/wp\/v2\/posts\/15267\/revisions\/15269"}],"wp:featuredmedia":[{"embeddable":true,"href":"https:\/\/www.sportchaco.com.ar\/index.php?rest_route=\/wp\/v2\/media\/15268"}],"wp:attachment":[{"href":"https:\/\/www.sportchaco.com.ar\/index.php?rest_route=%2Fwp%2Fv2%2Fmedia&parent=15267"}],"wp:term":[{"taxonomy":"category","embeddable":true,"href":"https:\/\/www.sportchaco.com.ar\/index.php?rest_route=%2Fwp%2Fv2%2Fcategories&post=15267"},{"taxonomy":"post_tag","embeddable":true,"href":"https:\/\/www.sportchaco.com.ar\/index.php?rest_route=%2Fwp%2Fv2%2Ftags&post=15267"}],"curies":[{"name":"wp","href":"https:\/\/api.w.org\/{rel}","templated":true}]}}