{"id":15289,"date":"2024-12-14T23:20:59","date_gmt":"2024-12-15T02:20:59","guid":{"rendered":"https:\/\/www.sportchaco.com.ar\/?p=15289"},"modified":"2024-12-14T23:20:59","modified_gmt":"2024-12-15T02:20:59","slug":"efemerides-del-15-de-diciembre-2","status":"publish","type":"post","link":"https:\/\/www.sportchaco.com.ar\/?p=15289","title":{"rendered":"Efem\u00e9rides del 15 de diciembre"},"content":{"rendered":"<div class=\"container fullwidth-entry-title-wrapper\">\n<div class=\"container-wrapper fullwidth-entry-title\">\n<header class=\"entry-header-outer\">\n<div class=\"entry-header\">\n<div class=\"single-post-meta post-meta clearfix\"><\/div>\n<\/div>\n<\/header>\n<\/div>\n<\/div>\n<div id=\"content\" class=\"site-content container\">\n<div id=\"main-content-row\" class=\"tie-row main-content-row\">\n<div class=\"main-content tie-col-md-8 tie-col-xs-12\" role=\"main\">\n<article id=\"the-post\" class=\"container-wrapper post-content tie-standard\">\n<div class=\"featured-area\">\n<div class=\"featured-area-inner\">\n<figure class=\"single-featured-image\"><\/figure>\n<\/div>\n<\/div>\n<div class=\"entry-content entry clearfix\">\n<p><strong>Estas son las efem\u00e9rides de un 15 de diciembre, del libro \u00ab100 a\u00f1os de historia del deporte en el Chaco\u00bb, del periodista Luis Dar\u00edo Molodezky. \u00c1ngel Deldo en la foto de portada<\/strong><\/p>\n<p><img decoding=\"async\" src=\"https:\/\/www.sportchaco.com.ar\/wp-content\/uploads\/2023\/11\/Luis-D-SP-199x300.jpg\" \/><\/p>\n<p><strong>15 de diciembre<\/strong><\/p>\n<p><strong>1937 \/<\/strong>\u00a0Nace el Club Social, Cultural, Deportivo y<br \/>\nRecreativo H\u00e9rcules de Charata, \u00fanica instituci\u00f3n de b\u00e1squetbol<br \/>\nque se mantuvo en el tiempo.<\/p>\n<p><strong>1950 \/<\/strong>\u00a0El Chaco consagra tres campeones nacionales<br \/>\nen el Campeonato de los Trabajadores que se realiza en<br \/>\nTucum\u00e1n. Carlos Galibert obtiene el primer puesto en 110 metros<br \/>\ncon vallas; Manuel Rodr\u00edguez es campe\u00f3n en salto en largo y Carlos<br \/>\nSteffanolo, se consagra en salto con garrocha.<\/p>\n<p><strong>1979 \/<\/strong>\u00a0Sergio V\u00edctor Palma cae en su intento por<br \/>\nrecuperar el t\u00edtulo mundial, al perder por puntos frente a Ricardo<br \/>\nCardona, pelea realizada en Barranquilla, Colombia.<\/p>\n<p><strong>1983 \/<\/strong>\u00a0Se inicia en la actividad del Tae Kwon Do<br \/>\nJuan Alderici, junto a Mauricio Feldman. Nacido en Pampa del Infierno<br \/>\nlogr\u00f3 12 Campeonatos Argentinos de manera consecutiva,<br \/>\ntres t\u00edtulos internacionales (Paraguay, Argentina y Estados Unidos).<br \/>\nEn Bulgaria obtuvo cuatro medallas doradas y dos de bronce.<\/p>\n<p><strong>1984 \/<\/strong>\u00a0El C\u00edrculo de Periodistas Deportivos del<br \/>\nChaco, premia a los destacados del a\u00f1o, con una fiesta realizada en<br \/>\nla Pe\u00f1a Nativa Mart\u00edn Fierro, con obras \u00fanicas para cada disciplina<br \/>\ndel artista Enrique Vollmer. Recibieron en ajedrez Mauricio<br \/>\nDor\u00edn, artes marciales Alcides Sol\u00eds, atletismo Jes\u00fas L\u00f3pez Ordaz,<br \/>\nautomovilismo Jos\u00e9 Daniel Sgroppo, b\u00e1squetbol Jorge Corbal\u00e1n,<br \/>\nbochas Juan S. Su\u00e1rez, boxeo Carlos Salazar, caza Luis Casta\u00f1o,<br \/>\nciclismo Eduardo Duete, dirigente Humberto Garc\u00eda, f\u00fatbol<br \/>\nClaudio Natalicio D\u00e1valos, golf Miguel Fern\u00e1ndez, hockey Laura<br \/>\nAltamirano, homenaje Antonio Arancibia, karting Jorge Wolcoff,<br \/>\nmarat\u00f3n Gabriel Ponce, motociclismo Alberto Arancibia, nataci\u00f3n<br \/>\nSantiago Gal\u00edndez, pesca Ricardo Lentati, rugby Francisco<br \/>\nCarri\u00f3, tenis Octavio Paredes y v\u00f3leibol Marcela Corso.<\/p>\n<p><strong>1984 \/<\/strong>\u00a0C\u00e9sar Enrique Pilatti Vergara es elegido vicepresidente<br \/>\nde la CABB, acompa\u00f1ando al nuevo titular Amadeo<br \/>\nCejas, venciendo en las elecciones por 13 votos a 8 a la lista encabezada<br \/>\npor Rub\u00e9n R\u00e1bano.<\/p>\n<p><strong>1986 \/<\/strong>\u00a0Se inaugura el primer natatorio en General<br \/>\nPinedo, en terrenos adquiridos por la municipalidad local. Tiene<br \/>\n21,50 metros de largo por 12 de ancho, y la profundidad de entre<br \/>\n1,40 y 2,10 metros.<\/p>\n<p><strong>2001 \/<\/strong>\u00a0El golfista Jos\u00e9 C\u00f3ceres es consagrado deportista<br \/>\ndel a\u00f1o por el C\u00edrculo de Periodistas Deportivos del Chaco,<br \/>\ndurante la Fiesta Anual realizada en el Club Sarmiento. La<br \/>\nn\u00f3mina de atletas distinguidos es: ajedrez Alessandro Manzone,<br \/>\n\u00e1rbitro Gustavo Ch\u00e1vez, artes marciales Ana S. Aguirre, atletismo<br \/>\nDiego Mor\u00e1n, automovilismo Oscar S\u00e1nchez, b\u00e1squetbol Luis<br \/>\nPikaluk, bochas N\u00e9stor Benito, boxeo Javier Alvarez, canotaje<br \/>\nLeonardo Niveiro, caza Ariel Carreras, ciclismo Ariel Eguiaz\u00e1bal,<br \/>\ndirigente Julio Meana, equitaci\u00f3n Daniel Seifert, fisicoculturismo<br \/>\nSergio Parra, f\u00fatbol Aldo Visconti, gimnasia art\u00edstica Juan Pablo<br \/>\nAlem\u00eds, golf Jos\u00e9 C\u00f3ceres, handball R. Udriza Lezcano, hockey<br \/>\nClaudia Rivas, homenaje Rub\u00e9n J. Ferrer, karting Juan Carlos<br \/>\nPolini, marat\u00f3n Daniela P\u00e9rez, motociclismo Gast\u00f3n Vivas, nataci\u00f3n<br \/>\nMariela Noguera, p\u00e1del Miguel Codina (h), pelota Ricardo<br \/>\nNakasone, pesca Marcela Rossi, rugby Atilio Lotero, socio honorario<br \/>\nEduardo Rub\u00e9n Ferreyra, tenis Patricia Holzman, tenis de<br \/>\nmesa Gast\u00f3n N. Codina, tiro Javier Codutti, v\u00f3leibol Mariela<br \/>\nTrioni, moutain bike Miguel Prado, yoga art\u00edstico Yamil Nacir.<\/p>\n<p><strong>2017 \/<\/strong>\u00a0El futbolista del seleccionado argentino de f\u00fatbol para ciegos denominado Los Murci\u00e9lagos, \u00c1ngel Deld\u00f3, fue consagrado Deportista del a\u00f1o 2017 en la 36\u00b0 edici\u00f3n de la Fiesta Anual. Deld\u00f3 fue campe\u00f3n de la Copa Am\u00e9rica junto a \u201cLos Murci\u00e9lagos\u201d Los nominados del C\u00edrculo de Periodistas Deportivos del Chaco fueron Ajedrez: Silvana Agnello. Arbitro: Soledad R\u00edos. Atletismo: Juan Emmanuel \u00c1lvarez. Artes Marciales: Tamara Ayelen P\u00e9rez Vasconcelo. Automovilismo: Tom\u00e1s Bergallo. B\u00e1squet: Marcos Gauna. Bochas: Franco Brest. Boxeo: Juan Gabriel Rizo Patr\u00f3n. Caza: Ariel Bartolucci. Ciclismo: Ver\u00f3nica Luc\u00eda Mendoza. Fisicoculturismo: Juan Carlos Larangeira. F\u00fatbol: Juan Carlos Gir\u00f3n. Futsal: Leandro Zimmers. Gimnasia art\u00edstica: Sebasti\u00e1n Sgroppo. Golf: Mauro Pic\u00f3n. Handball: Mart\u00edn Maidana. Hockey: Agustina Gim\u00e9nez. Karting: Lucas Bohdanowicz. Marat\u00f3n: Hern\u00e1n Zorrilla. Motociclismo: Mauro Passarino. Nataci\u00f3n: Julieta Ruiz D\u00edaz. Levantamiento ol\u00edmpico: Antonella Rodr\u00edguez. Pesca: Gisella Schipani. Rugby: Juan Peirano. Squash: Abril Pellizari. Tenis: Juli\u00e1n Cundom. Tenis de Mesa: Juan Ignacio Riback. Tiro: Jorge Rocha. Voley: Roc\u00edo Trangoni. Deportes especiales: Angel Deld\u00f3. Homenaje: Julio C\u00e9sar Cubillas. Distinci\u00f3n: Daniela Gim\u00e9nez. Distinci\u00f3n especial: Juan Manuel Insaurralde. Dirigente: Miguel \u00c1ngel Ortigoza. Evita de deporte convencional Adriana Pellizari (sub 14 Lanzamiento de Disco); Carla S\u00e1ndoval (sub 17 Lanzamiento de Disco); Nah\u00edn Borda (Lucha); Laureano Brezik (Levantamiento Ol\u00edmpico en categor\u00eda hasta 56 kilos); Cristian Nahuel Osuna (Levantamiento Ol\u00edmpico en categor\u00eda hasta 62 kilos); Jorge Barrios (Levantamiento Ol\u00edmpico hasta 77 kilos); Equipo femenino sub 14 de Tenis de Mesa; Equipo Sub 14 de Voley de Villa Angela; Equipo Sub 15 de v\u00f3ley comunitario; B\u00e1squet U17 Femenino de H\u00e9rcules de Charata. Evita de deporte adaptado: Maia Aguirre (ciegos 80 metros llanos y salto en largo) y Morena S\u00e1nchez (motor estilo libre y estilo espalda).<\/p>\n<p>&nbsp;<\/p>\n<\/div>\n<\/article>\n<\/div>\n<\/div>\n<\/div>\n","protected":false},"excerpt":{"rendered":"<p>Estas son las efem\u00e9rides de un 15 de diciembre, del libro \u00ab100 a\u00f1os de historia del deporte en el Chaco\u00bb, del periodista Luis Dar\u00edo Molodezky. \u00c1ngel Deldo en la foto de portada 15 de diciembre 1937 \/\u00a0Nace el Club Social, Cultural, Deportivo y Recreativo H\u00e9rcules de Charata, \u00fanica instituci\u00f3n de b\u00e1squetbol que se mantuvo en &hellip;<\/p>\n","protected":false},"author":2,"featured_media":15290,"comment_status":"open","ping_status":"open","sticky":false,"template":"","format":"standard","meta":{"footnotes":""},"categories":[42,45],"tags":[],"class_list":["post-15289","post","type-post","status-publish","format-standard","has-post-thumbnail","hentry","category-diciembre","category-efemerides-dia-por-dia"],"_links":{"self":[{"href":"https:\/\/www.sportchaco.com.ar\/index.php?rest_route=\/wp\/v2\/posts\/15289","targetHints":{"allow":["GET"]}}],"collection":[{"href":"https:\/\/www.sportchaco.com.ar\/index.php?rest_route=\/wp\/v2\/posts"}],"about":[{"href":"https:\/\/www.sportchaco.com.ar\/index.php?rest_route=\/wp\/v2\/types\/post"}],"author":[{"embeddable":true,"href":"https:\/\/www.sportchaco.com.ar\/index.php?rest_route=\/wp\/v2\/users\/2"}],"replies":[{"embeddable":true,"href":"https:\/\/www.sportchaco.com.ar\/index.php?rest_route=%2Fwp%2Fv2%2Fcomments&post=15289"}],"version-history":[{"count":1,"href":"https:\/\/www.sportchaco.com.ar\/index.php?rest_route=\/wp\/v2\/posts\/15289\/revisions"}],"predecessor-version":[{"id":15291,"href":"https:\/\/www.sportchaco.com.ar\/index.php?rest_route=\/wp\/v2\/posts\/15289\/revisions\/15291"}],"wp:featuredmedia":[{"embeddable":true,"href":"https:\/\/www.sportchaco.com.ar\/index.php?rest_route=\/wp\/v2\/media\/15290"}],"wp:attachment":[{"href":"https:\/\/www.sportchaco.com.ar\/index.php?rest_route=%2Fwp%2Fv2%2Fmedia&parent=15289"}],"wp:term":[{"taxonomy":"category","embeddable":true,"href":"https:\/\/www.sportchaco.com.ar\/index.php?rest_route=%2Fwp%2Fv2%2Fcategories&post=15289"},{"taxonomy":"post_tag","embeddable":true,"href":"https:\/\/www.sportchaco.com.ar\/index.php?rest_route=%2Fwp%2Fv2%2Ftags&post=15289"}],"curies":[{"name":"wp","href":"https:\/\/api.w.org\/{rel}","templated":true}]}}