{"id":15349,"date":"2024-12-18T01:04:31","date_gmt":"2024-12-18T04:04:31","guid":{"rendered":"https:\/\/www.sportchaco.com.ar\/?p=15349"},"modified":"2024-12-18T01:06:50","modified_gmt":"2024-12-18T04:06:50","slug":"este-miercoles-se-avanza-con-preinscripcion-para-la-tecnicatura-superior-en-periodismo-deportivo","status":"publish","type":"post","link":"https:\/\/www.sportchaco.com.ar\/?p=15349","title":{"rendered":"Este mi\u00e9rcoles se avanza con la preinscripci\u00f3n para la tecnicatura superior en Periodismo Deportivo"},"content":{"rendered":"<p><strong>18-12-2024<\/strong><\/p>\n<p><img loading=\"lazy\" decoding=\"async\" class=\" wp-image-9468 aligncenter\" src=\"https:\/\/www.sportchaco.com.ar\/wp-content\/uploads\/2024\/05\/Nachec-728x90-2-300x37.gif\" alt=\"\" width=\"389\" height=\"48\" \/><\/p>\n<p>En la ma\u00f1ana de este mi\u00e9rcoles se concretar\u00e1 la nueva jornada de preinscripci\u00f3n para la Tecnicatura Superior en Periodismo Deportivo para el ciclo 2025, tras la extensi\u00f3n del convenio entre el C\u00edrculo de Periodistas Deportivos del Chaco y la UEGP N\u00b0 157 Foro Social del NEA.<\/p>\n<p>Los interesados podr\u00e1n presentarse en la sede social del C\u00edrculo de Periodistas Deportivos, ubicada en avenida Italia 1146, a partir de las 9:15 y hasta las 12 horas.<\/p>\n<p>El estudio y la preparaci\u00f3n permitir\u00e1 a los futuros profesionales tener herramientas para comunicar en los distintos medios y plataformas, adem\u00e1s de poder proyectarse en el an\u00e1lisis de otras actividades. El objetivo es contar con nuevas generaciones de periodistas deportivos formados acad\u00e9micamente de vital importancia para su vida profesional y personal.<\/p>\n<p><strong>Los requisitos<\/strong><br \/>\nLos que se registren para dar comienzo a la carrera en 2025, deber\u00e1n presentar dos copias de fotocopia de partida nacimiento y original que de estar actualizado. Dos copias de fotocopia de DNI y original actualizado. Una fotocopia y original de t\u00edtulo secundario o constancia de t\u00edtulo en tr\u00e1mite. Dos fotos 4&#215;4 o foto carnet. La documentaci\u00f3n deber\u00e1 ser presentada en un folio tama\u00f1o oficio.<\/p>\n<p><strong>Programa de estudio<\/strong><br \/>\n<strong>Primer a\u00f1o:<\/strong> Taller de competencia comunicativa. Introducci\u00f3n al Periodismo. Lenguaje, redacci\u00f3n y Literatura I. Ingl\u00e9s I. Historia del Deporte. Inform\u00e1tica aplicada. Tecnolog\u00eda de la informaci\u00f3n y comunicaci\u00f3n. Taller I.<br \/>\n<strong>Segundo a\u00f1o:<\/strong> Opini\u00f3n P\u00fablica. Reglamentos B\u00e1sicos I. Lenguaje, redacci\u00f3n y Literatura II. Lenguaje radial y televisivo. Ingl\u00e9s II. Pasant\u00eda y pr\u00e1ctica profesional I (Observaci\u00f3n). Sociolog\u00eda. Taller II.<br \/>\n<strong>Tercer a\u00f1o:<\/strong> Estilos period\u00edsticos. Taller de radio. Taller de televisi\u00f3n. Pasant\u00eda y pr\u00e1ctica profesional II. Seminario de desarrollo local. Reglamento b\u00e1sicos II. \u00c9tica y Deontolog\u00eda profesional. Elementos de derechos. Portugu\u00e9s.<\/p>\n<p><img loading=\"lazy\" decoding=\"async\" class=\" wp-image-9467 aligncenter\" src=\"https:\/\/www.sportchaco.com.ar\/wp-content\/uploads\/2024\/05\/Nachec1-300x250-1.gif\" alt=\"\" width=\"359\" height=\"299\" \/><\/p>\n","protected":false},"excerpt":{"rendered":"<p>18-12-2024 En la ma\u00f1ana de este mi\u00e9rcoles se concretar\u00e1 la nueva jornada de preinscripci\u00f3n para la Tecnicatura Superior en Periodismo Deportivo para el ciclo 2025, tras la extensi\u00f3n del convenio entre el C\u00edrculo de Periodistas Deportivos del Chaco y la UEGP N\u00b0 157 Foro Social del NEA. Los interesados podr\u00e1n presentarse en la sede social &hellip;<\/p>\n","protected":false},"author":3,"featured_media":15350,"comment_status":"open","ping_status":"open","sticky":false,"template":"","format":"standard","meta":{"footnotes":""},"categories":[44],"tags":[],"class_list":["post-15349","post","type-post","status-publish","format-standard","has-post-thumbnail","hentry","category-varios"],"_links":{"self":[{"href":"https:\/\/www.sportchaco.com.ar\/index.php?rest_route=\/wp\/v2\/posts\/15349","targetHints":{"allow":["GET"]}}],"collection":[{"href":"https:\/\/www.sportchaco.com.ar\/index.php?rest_route=\/wp\/v2\/posts"}],"about":[{"href":"https:\/\/www.sportchaco.com.ar\/index.php?rest_route=\/wp\/v2\/types\/post"}],"author":[{"embeddable":true,"href":"https:\/\/www.sportchaco.com.ar\/index.php?rest_route=\/wp\/v2\/users\/3"}],"replies":[{"embeddable":true,"href":"https:\/\/www.sportchaco.com.ar\/index.php?rest_route=%2Fwp%2Fv2%2Fcomments&post=15349"}],"version-history":[{"count":2,"href":"https:\/\/www.sportchaco.com.ar\/index.php?rest_route=\/wp\/v2\/posts\/15349\/revisions"}],"predecessor-version":[{"id":15352,"href":"https:\/\/www.sportchaco.com.ar\/index.php?rest_route=\/wp\/v2\/posts\/15349\/revisions\/15352"}],"wp:featuredmedia":[{"embeddable":true,"href":"https:\/\/www.sportchaco.com.ar\/index.php?rest_route=\/wp\/v2\/media\/15350"}],"wp:attachment":[{"href":"https:\/\/www.sportchaco.com.ar\/index.php?rest_route=%2Fwp%2Fv2%2Fmedia&parent=15349"}],"wp:term":[{"taxonomy":"category","embeddable":true,"href":"https:\/\/www.sportchaco.com.ar\/index.php?rest_route=%2Fwp%2Fv2%2Fcategories&post=15349"},{"taxonomy":"post_tag","embeddable":true,"href":"https:\/\/www.sportchaco.com.ar\/index.php?rest_route=%2Fwp%2Fv2%2Ftags&post=15349"}],"curies":[{"name":"wp","href":"https:\/\/api.w.org\/{rel}","templated":true}]}}