{"id":15386,"date":"2024-12-19T18:13:04","date_gmt":"2024-12-19T21:13:04","guid":{"rendered":"https:\/\/www.sportchaco.com.ar\/?p=15386"},"modified":"2024-12-19T18:13:04","modified_gmt":"2024-12-19T21:13:04","slug":"el-chaco-se-viste-de-gala-para-una-nueva-edicion-de-la-fiesta-del-deporte","status":"publish","type":"post","link":"https:\/\/www.sportchaco.com.ar\/?p=15386","title":{"rendered":"El Chaco se viste de gala para una nueva edici\u00f3n de la Fiesta del Deporte"},"content":{"rendered":"<p><strong>19-12-2024<\/strong><\/p>\n<p><img loading=\"lazy\" decoding=\"async\" class=\" wp-image-9468 aligncenter\" src=\"https:\/\/www.sportchaco.com.ar\/wp-content\/uploads\/2024\/05\/Nachec-728x90-2-300x37.gif\" alt=\"\" width=\"349\" height=\"43\" \/><\/p>\n<p>El C\u00edrculo de Periodistas Deportivos del Chaco (CPDCh) realizar\u00e1 hoy, a las 21.30, la 42\u00aa edici\u00f3n de La Fiesta del Deporte, en una gala en la que habr\u00e1 distinciones y reconocimientos para aqu\u00e9llos que realizaron una destacable tarea en este 2024.<\/p>\n<p>La velada ser\u00e1 en el sal\u00f3n \u201cEl Castillito\u201d de la Mutual Bancaria, ubicado en ruta Nicol\u00e1s Avellaneda km 11.5 de Resistencia, donde se espera un gran marco. Estar\u00e1n presentes el gobernador del Chaco, Leandro Zdero; la vicegobernadora, Silvana Schneider; el titular del Instituto del Deporte, Fabio V\u00e1zquez, entre otros funcionarios destacados.<\/p>\n<p>El acontecimiento cuenta con el auspicio del Gobierno del Chaco, Loter\u00eda Chaque\u00f1a, Instituto del Deporte, Nuevo Banco del Chaco y Joyer\u00edas Antu\u00e1n.<\/p>\n<p>Habr\u00e1 34 deportistas que ser\u00e1n distinguidos por sus labores en las distintas disciplinas y 12 reconocimientos a clubes, deportistas, instituciones y medios. El momento m\u00e1s esperado se dar\u00e1 sobre el final de la gala cuando el presidente del CPDCh, Edison Omar \u201cWilly\u201d Rodr\u00edguez, entregue la Copa \u201cJoyer\u00edas Antu\u00e1n\u201d al deportista del a\u00f1o.<\/p>\n<p>A cada deportista se le entregar\u00e1 una estatuilla cuya elaboraci\u00f3n integral es obra del dise\u00f1ador Marcelo Ben\u00edtez.<\/p>\n<p><strong>Distinguidos 2024<\/strong><br \/>\n<strong>Ajedrez:<\/strong>\u00a0Nahuel Fidel Cabrera<br \/>\n<strong>\u00c1rbitro:<\/strong>\u00a0Dami\u00e1n Amarilla<br \/>\n<strong>Artes marciales:<\/strong>\u00a0Melani Alegre<br \/>\n<strong>Atletismo:<\/strong>\u00a0Dilan Tevez<br \/>\n<strong>Automovilismo:<\/strong>\u00a0Lucas Bohdanowicz<br \/>\n<strong>B\u00e1squet masculino:<\/strong>\u00a0Gabriel Frencia<br \/>\n<strong>B\u00e1squet femenino:<\/strong>\u00a0Roc\u00edo Lezcano<br \/>\n<strong>Bochas:<\/strong>\u00a0Hugo Daniel Orellana<br \/>\n<strong>Boxeo:<\/strong>\u00a0Joaqu\u00edn D\u00edaz<br \/>\n<strong>Caza:<\/strong>\u00a0Ra\u00fal Ariel Petrunior<br \/>\n<strong>Ciclismo:<\/strong>\u00a0Daniel Ju\u00e1rez<br \/>\n<strong>Deporte adaptado:<\/strong>\u00a0\u00c1ngel Deld\u00f3<br \/>\n<strong>Dirigente:<\/strong>\u00a0V\u00edctor Galeano<br \/>\n<strong>F\u00fatbol masculino:<\/strong>\u00a0Franco Grossi<br \/>\n<strong>F\u00fatbol femenino:<\/strong>\u00a0Camila Vallejos<br \/>\n<strong>Futsal:<\/strong>\u00a0Fabricio Leguizam\u00f3n<br \/>\n<strong>Gimnasia:<\/strong>\u00a0Ezequias B\u00e1ez<br \/>\n<strong>Golf:<\/strong>\u00a0Ren\u00e9 Pelozo<br \/>\n<strong>Handball:<\/strong>\u00a0Juan Pablo Dellamea<br \/>\n<strong>Hockey:<\/strong>\u00a0Jerem\u00edas Doubouloy<br \/>\n<strong>Karting:<\/strong>\u00a0Ciro Villalba<br \/>\n<strong>Levantamiento Ol\u00edmpico de Pesas:<\/strong>\u00a0Ludmila Gerzel<br \/>\n<strong>Marat\u00f3n:<\/strong>\u00a0Evangelina Defagot<br \/>\n<strong>Motociclismo:<\/strong>\u00a0Ramiro Gandola<br \/>\n<strong>Nataci\u00f3n:<\/strong>\u00a0Thiago Romero<br \/>\n<strong>P\u00e1del:<\/strong>\u00a0Franco Stupaczuk<br \/>\n<strong>Pat\u00edn Art\u00edstico:<\/strong>\u00a0V\u00edctoria G\u00f3mez<br \/>\n<strong>Rugby:<\/strong>\u00a0Juan S\u00e1nchez<br \/>\n<strong>Squash:<\/strong>\u00a0Lola Aznarez<br \/>\n<strong>Tenis:<\/strong>\u00a0Juli\u00e1n Cundom<br \/>\n<strong>Tenis de mesa:<\/strong>\u00a0Gast\u00f3n Codina<br \/>\n<strong>Tiro:<\/strong>\u00a0Roberto Omar C\u00e1ceres<br \/>\n<strong>Triatl\u00f3n:<\/strong>\u00a0Jos\u00e9 Muchutti<br \/>\n<strong>V\u00f3ley:<\/strong>\u00a0Andreina Ghiggeri<\/p>\n<p><strong>Reconocimientos<\/strong><br \/>\nTalia Rodich<br \/>\nCristal Escalante<br \/>\nUEGP 157<br \/>\nDefensores de Vilelas<br \/>\nIndependiente Tirol<br \/>\nDeportivo Luj\u00e1n<br \/>\nHind\u00fa Club<br \/>\nVer\u00f3nica Acevedo<\/p>\n<p><img loading=\"lazy\" decoding=\"async\" class=\"wp-image-8481 aligncenter\" src=\"https:\/\/www.sportchaco.com.ar\/wp-content\/uploads\/2024\/04\/Nachec1-200x200-2.gif\" alt=\"\" width=\"268\" height=\"268\" \/><\/p>\n","protected":false},"excerpt":{"rendered":"<p>19-12-2024 El C\u00edrculo de Periodistas Deportivos del Chaco (CPDCh) realizar\u00e1 hoy, a las 21.30, la 42\u00aa edici\u00f3n de La Fiesta del Deporte, en una gala en la que habr\u00e1 distinciones y reconocimientos para aqu\u00e9llos que realizaron una destacable tarea en este 2024. La velada ser\u00e1 en el sal\u00f3n \u201cEl Castillito\u201d de la Mutual Bancaria, ubicado &hellip;<\/p>\n","protected":false},"author":3,"featured_media":15387,"comment_status":"open","ping_status":"open","sticky":false,"template":"","format":"standard","meta":{"footnotes":""},"categories":[44],"tags":[],"class_list":["post-15386","post","type-post","status-publish","format-standard","has-post-thumbnail","hentry","category-varios"],"_links":{"self":[{"href":"https:\/\/www.sportchaco.com.ar\/index.php?rest_route=\/wp\/v2\/posts\/15386","targetHints":{"allow":["GET"]}}],"collection":[{"href":"https:\/\/www.sportchaco.com.ar\/index.php?rest_route=\/wp\/v2\/posts"}],"about":[{"href":"https:\/\/www.sportchaco.com.ar\/index.php?rest_route=\/wp\/v2\/types\/post"}],"author":[{"embeddable":true,"href":"https:\/\/www.sportchaco.com.ar\/index.php?rest_route=\/wp\/v2\/users\/3"}],"replies":[{"embeddable":true,"href":"https:\/\/www.sportchaco.com.ar\/index.php?rest_route=%2Fwp%2Fv2%2Fcomments&post=15386"}],"version-history":[{"count":1,"href":"https:\/\/www.sportchaco.com.ar\/index.php?rest_route=\/wp\/v2\/posts\/15386\/revisions"}],"predecessor-version":[{"id":15388,"href":"https:\/\/www.sportchaco.com.ar\/index.php?rest_route=\/wp\/v2\/posts\/15386\/revisions\/15388"}],"wp:featuredmedia":[{"embeddable":true,"href":"https:\/\/www.sportchaco.com.ar\/index.php?rest_route=\/wp\/v2\/media\/15387"}],"wp:attachment":[{"href":"https:\/\/www.sportchaco.com.ar\/index.php?rest_route=%2Fwp%2Fv2%2Fmedia&parent=15386"}],"wp:term":[{"taxonomy":"category","embeddable":true,"href":"https:\/\/www.sportchaco.com.ar\/index.php?rest_route=%2Fwp%2Fv2%2Fcategories&post=15386"},{"taxonomy":"post_tag","embeddable":true,"href":"https:\/\/www.sportchaco.com.ar\/index.php?rest_route=%2Fwp%2Fv2%2Ftags&post=15386"}],"curies":[{"name":"wp","href":"https:\/\/api.w.org\/{rel}","templated":true}]}}