{"id":15389,"date":"2024-12-19T18:15:15","date_gmt":"2024-12-19T21:15:15","guid":{"rendered":"https:\/\/www.sportchaco.com.ar\/?p=15389"},"modified":"2024-12-19T19:03:54","modified_gmt":"2024-12-19T22:03:54","slug":"fallecio-en-saenz-pena-el-periodista-raul-alejandro-sobol","status":"publish","type":"post","link":"https:\/\/www.sportchaco.com.ar\/?p=15389","title":{"rendered":"Falleci\u00f3 en S\u00e1enz Pe\u00f1a el periodista Ra\u00fal Alejandro Sobol"},"content":{"rendered":"<header class=\"entry-header clearfix\">\n<p class=\"entry-title\"><strong><span style=\"font-size: 16px;\">19-12-2024<\/span><\/strong><\/p>\n<\/header>\n<p><img loading=\"lazy\" decoding=\"async\" class=\" wp-image-9640 aligncenter\" src=\"https:\/\/www.sportchaco.com.ar\/wp-content\/uploads\/2024\/05\/gob-obras-marzo-apaisado-300x29.gif\" alt=\"\" width=\"372\" height=\"36\" srcset=\"https:\/\/www.sportchaco.com.ar\/wp-content\/uploads\/2024\/05\/gob-obras-marzo-apaisado-300x29.gif 300w, https:\/\/www.sportchaco.com.ar\/wp-content\/uploads\/2024\/05\/gob-obras-marzo-apaisado-768x74.gif 768w\" sizes=\"auto, (max-width: 372px) 100vw, 372px\" \/><\/p>\n<div class=\"entry-content clearfix\">\n<p>Uno de los \u00edconos del periodismo deportivo de la provincia del Chaco nos ha dejado. Ra\u00fal Alejandro Sobol ha desplegado todo su arte y conocimiento en la radiofon\u00eda durante casi 50 a\u00f1os, hasta que su coraz\u00f3n dijo basta este 19 de diciembre. Ten\u00eda 72 a\u00f1os y deja un vac\u00edo imposible de llenar en una profesi\u00f3n que abraz\u00f3 con pasi\u00f3n y entrega.<\/p>\n<p>Habiendo nacido el 29 de marzo de 1952, en 2020 fue reconocido por sus 45 a\u00f1os de trayectoria en la Gala del Deporte organizada por la Fundaci\u00f3n Eco Deportivo, donde pudo compartir su experiencia en la cobertura de distintas disciplinas deportivas en distintos momentos de la historia tanto de la radio como de la comunidad saenzpe\u00f1ense.<\/p>\n<div id=\"attachment_15897\" class=\"wp-caption alignnone\">\n<p><a href=\"https:\/\/www.ecodeportivo.com.ar\/img\/2020\/12\/gala-sobol-periodista.jpg\"><img loading=\"lazy\" decoding=\"async\" class=\"wp-image-15897 size-full\" src=\"https:\/\/www.ecodeportivo.com.ar\/img\/2020\/12\/gala-sobol-periodista.jpg\" sizes=\"auto, (max-width: 1260px) 100vw, 1260px\" srcset=\"https:\/\/www.ecodeportivo.com.ar\/img\/2020\/12\/gala-sobol-periodista.jpg 1260w, https:\/\/www.ecodeportivo.com.ar\/img\/2020\/12\/gala-sobol-periodista-300x180.jpg 300w, https:\/\/www.ecodeportivo.com.ar\/img\/2020\/12\/gala-sobol-periodista-1024x615.jpg 1024w, https:\/\/www.ecodeportivo.com.ar\/img\/2020\/12\/gala-sobol-periodista-768x461.jpg 768w\" alt=\"\" width=\"1260\" height=\"757\" aria-describedby=\"caption-attachment-15897\" \/><\/a><\/p>\n<p id=\"caption-attachment-15897\" class=\"wp-caption-text\">A\u00fan con los coletazos de la pandemia, recibi\u00f3 un reconocimiento en la Gala del Deporte 2020, acompa\u00f1ado por su hijo Mart\u00edn<\/p>\n<\/div>\n<p>Se inici\u00f3 en 1975 en la hist\u00f3rica audici\u00f3n \u201cMomento Deportivo\u201d, aquel ciclo radial de LT 16 Radio S\u00e1enz Pe\u00f1a que integraban otros reconocidos profesionales del micr\u00f3fono como el recientemente declarado \u201cMaestro del Periodismo Deportivo\u201d por la FAPED, Carlos \u201cCacho\u201d Silva; adem\u00e1s de Mario Fernando Romano, Antonio Araya y C\u00e9sar Miguel Gerez.<\/p>\n<p>Fue cr\u00edtico deportivo e informativista de LT 16, y tambi\u00e9n se desempe\u00f1\u00f3 en la d\u00e9cada del 70 en LT 43 Radio Mocov\u00ed de Charata. De regreso a la legendaria emisora de la Termal, retom\u00f3 \u201cMomento Deportivo\u201d, ahora sumando a Rodolfo Minich, Atilio Centuri\u00f3n y Luis B\u00e1ez, entre otros, con quienes realizaron coberturas locales, provinciales y nacionales de distintas disciplinas.<\/p>\n<div id=\"attachment_44943\" class=\"wp-caption alignnone\">\n<p><a href=\"https:\/\/www.ecodeportivo.com.ar\/img\/2024\/12\/sobol-equipo-LT.jpg\"><img loading=\"lazy\" decoding=\"async\" class=\"wp-image-44943 size-full\" src=\"https:\/\/www.ecodeportivo.com.ar\/img\/2024\/12\/sobol-equipo-LT.jpg\" sizes=\"auto, (max-width: 1260px) 100vw, 1260px\" srcset=\"https:\/\/www.ecodeportivo.com.ar\/img\/2024\/12\/sobol-equipo-LT.jpg 1260w, https:\/\/www.ecodeportivo.com.ar\/img\/2024\/12\/sobol-equipo-LT-300x180.jpg 300w, https:\/\/www.ecodeportivo.com.ar\/img\/2024\/12\/sobol-equipo-LT-1024x614.jpg 1024w, https:\/\/www.ecodeportivo.com.ar\/img\/2024\/12\/sobol-equipo-LT-768x461.jpg 768w\" alt=\"\" width=\"1260\" height=\"756\" aria-describedby=\"caption-attachment-44943\" \/><\/a><\/p>\n<p id=\"caption-attachment-44943\" class=\"wp-caption-text\">Uno de los equipos de transmisi\u00f3n, con Fernando Romano y Mart\u00edn Sobol, relatando b\u00e1squet<\/p>\n<\/div>\n<p>Tambi\u00e9n encabez\u00f3 el equipo period\u00edstico que acompa\u00f1\u00f3 con LT 16 la campa\u00f1a de Uni\u00f3n Progresista de Villa \u00c1ngela entre 1987 y 1988, coronada con el ascenso a la Liga Nacional de B\u00e1squet por primera vez para un equipo chaque\u00f1o. Fue corresponsal de la revista Cr\u00edtica Deportiva que dirig\u00eda el desaparecido Eduardo Ferreyra; y a la par fue corresponsal del diario El Territorio de Resistencia 1987.<\/p>\n<p>Condujo el programa \u201cEl Deporte Chaque\u00f1o\u201d que se emit\u00eda por canal 11 de Formosa entre 1987 y 1989; adem\u00e1s del Programa \u201cS\u00edntesis Deportiva\u201d en Canal 2 de STC a principios de los 90. Ya en los a\u00f1os 2000 recal\u00f3 en FM Yancall\u00e1 y posteriormente en FM Vida, con distintas propuestas.<\/p>\n<div id=\"attachment_44944\" class=\"wp-caption alignnone\">\n<p><a href=\"https:\/\/www.ecodeportivo.com.ar\/img\/2024\/12\/sobol-cepi.jpg\"><img loading=\"lazy\" decoding=\"async\" class=\"wp-image-44944 size-full\" src=\"https:\/\/www.ecodeportivo.com.ar\/img\/2024\/12\/sobol-cepi.jpg\" sizes=\"auto, (max-width: 1260px) 100vw, 1260px\" srcset=\"https:\/\/www.ecodeportivo.com.ar\/img\/2024\/12\/sobol-cepi.jpg 1260w, https:\/\/www.ecodeportivo.com.ar\/img\/2024\/12\/sobol-cepi-300x180.jpg 300w, https:\/\/www.ecodeportivo.com.ar\/img\/2024\/12\/sobol-cepi-1024x614.jpg 1024w, https:\/\/www.ecodeportivo.com.ar\/img\/2024\/12\/sobol-cepi-768x461.jpg 768w\" alt=\"\" width=\"1260\" height=\"756\" aria-describedby=\"caption-attachment-44944\" \/><\/a><\/p>\n<p id=\"caption-attachment-44944\" class=\"wp-caption-text\">En los \u00faltimos a\u00f1os conform\u00f3 dupla de relato y comentarios con Atilio Rub\u00e9n Centuri\u00f3n, para la hist\u00f3rica LT16, siguiendo la campa\u00f1a de Acci\u00f3n en el Pre Federal<\/p>\n<\/div>\n<p>En los \u00faltimos a\u00f1os transmiti\u00f3 el Torneo Federal y el Campeonato Provincial de B\u00e1squet acompa\u00f1ando al Club Acci\u00f3n, adem\u00e1s del Torneo de la Asociaci\u00f3n Saenzpe\u00f1ense de B\u00e1squet. En 2022 fue reconocido por el Concejo Municipal de Presidencia Roque S\u00e1enz Pe\u00f1a, donde los ediles destacaron su valioso aporte.<\/p>\n<p>En los \u00faltimos tiempos, ven\u00eda padeciendo una insuficiencia respiratoria que le imped\u00eda estar en su plenitud. En 2025 iba a cumplir 50 a\u00f1os de profesi\u00f3n en el \u00e1mbito del periodismo, especialmente deportivo, aunque se adelant\u00f3 y la radio lo va a sentir. Hasta siempre maestro, Ra\u00fal Alejandro Sobol.<\/p>\n<div id=\"attachment_26400\" class=\"wp-caption alignnone\">\n<p><a href=\"https:\/\/www.ecodeportivo.com.ar\/img\/2022\/06\/sobol-concejo2.jpg\"><img loading=\"lazy\" decoding=\"async\" class=\"wp-image-26400 size-full\" src=\"https:\/\/www.ecodeportivo.com.ar\/img\/2022\/06\/sobol-concejo2.jpg\" sizes=\"auto, (max-width: 1260px) 100vw, 1260px\" srcset=\"https:\/\/www.ecodeportivo.com.ar\/img\/2022\/06\/sobol-concejo2.jpg 1260w, https:\/\/www.ecodeportivo.com.ar\/img\/2022\/06\/sobol-concejo2-300x169.jpg 300w, https:\/\/www.ecodeportivo.com.ar\/img\/2022\/06\/sobol-concejo2-1024x576.jpg 1024w, https:\/\/www.ecodeportivo.com.ar\/img\/2022\/06\/sobol-concejo2-768x432.jpg 768w, https:\/\/www.ecodeportivo.com.ar\/img\/2022\/06\/sobol-concejo2-777x437.jpg 777w, https:\/\/www.ecodeportivo.com.ar\/img\/2022\/06\/sobol-concejo2-180x101.jpg 180w, https:\/\/www.ecodeportivo.com.ar\/img\/2022\/06\/sobol-concejo2-260x146.jpg 260w, https:\/\/www.ecodeportivo.com.ar\/img\/2022\/06\/sobol-concejo2-373x210.jpg 373w, https:\/\/www.ecodeportivo.com.ar\/img\/2022\/06\/sobol-concejo2-120x67.jpg 120w\" alt=\"\" width=\"1260\" height=\"709\" aria-describedby=\"caption-attachment-26400\" \/><\/a><\/p>\n<p id=\"caption-attachment-26400\" class=\"wp-caption-text\">Sus hijos y su nieto lo acompa\u00f1aron en el reconocimiento que en 2022 le tribut\u00f3 el Concejo Municipal de S\u00e1enz Pe\u00f1a por su trayectoria<\/p>\n<\/div>\n<p><em><strong>Fuente: Eco Deportivo<\/strong><\/em><\/p>\n<p><img loading=\"lazy\" decoding=\"async\" class=\" wp-image-9571 aligncenter\" src=\"https:\/\/www.sportchaco.com.ar\/wp-content\/uploads\/2024\/05\/gob-salud-marzo-apaisado-2-1.gif\" alt=\"\" width=\"295\" height=\"295\" \/><\/p>\n<\/div>\n","protected":false},"excerpt":{"rendered":"<p>19-12-2024 Uno de los \u00edconos del periodismo deportivo de la provincia del Chaco nos ha dejado. Ra\u00fal Alejandro Sobol ha desplegado todo su arte y conocimiento en la radiofon\u00eda durante casi 50 a\u00f1os, hasta que su coraz\u00f3n dijo basta este 19 de diciembre. Ten\u00eda 72 a\u00f1os y deja un vac\u00edo imposible de llenar en una &hellip;<\/p>\n","protected":false},"author":2,"featured_media":15391,"comment_status":"open","ping_status":"open","sticky":false,"template":"","format":"standard","meta":{"footnotes":""},"categories":[44],"tags":[],"class_list":["post-15389","post","type-post","status-publish","format-standard","has-post-thumbnail","hentry","category-varios"],"_links":{"self":[{"href":"https:\/\/www.sportchaco.com.ar\/index.php?rest_route=\/wp\/v2\/posts\/15389","targetHints":{"allow":["GET"]}}],"collection":[{"href":"https:\/\/www.sportchaco.com.ar\/index.php?rest_route=\/wp\/v2\/posts"}],"about":[{"href":"https:\/\/www.sportchaco.com.ar\/index.php?rest_route=\/wp\/v2\/types\/post"}],"author":[{"embeddable":true,"href":"https:\/\/www.sportchaco.com.ar\/index.php?rest_route=\/wp\/v2\/users\/2"}],"replies":[{"embeddable":true,"href":"https:\/\/www.sportchaco.com.ar\/index.php?rest_route=%2Fwp%2Fv2%2Fcomments&post=15389"}],"version-history":[{"count":4,"href":"https:\/\/www.sportchaco.com.ar\/index.php?rest_route=\/wp\/v2\/posts\/15389\/revisions"}],"predecessor-version":[{"id":15397,"href":"https:\/\/www.sportchaco.com.ar\/index.php?rest_route=\/wp\/v2\/posts\/15389\/revisions\/15397"}],"wp:featuredmedia":[{"embeddable":true,"href":"https:\/\/www.sportchaco.com.ar\/index.php?rest_route=\/wp\/v2\/media\/15391"}],"wp:attachment":[{"href":"https:\/\/www.sportchaco.com.ar\/index.php?rest_route=%2Fwp%2Fv2%2Fmedia&parent=15389"}],"wp:term":[{"taxonomy":"category","embeddable":true,"href":"https:\/\/www.sportchaco.com.ar\/index.php?rest_route=%2Fwp%2Fv2%2Fcategories&post=15389"},{"taxonomy":"post_tag","embeddable":true,"href":"https:\/\/www.sportchaco.com.ar\/index.php?rest_route=%2Fwp%2Fv2%2Ftags&post=15389"}],"curies":[{"name":"wp","href":"https:\/\/api.w.org\/{rel}","templated":true}]}}