{"id":15393,"date":"2024-12-19T18:55:59","date_gmt":"2024-12-19T21:55:59","guid":{"rendered":"https:\/\/www.sportchaco.com.ar\/?p=15393"},"modified":"2024-12-19T18:55:59","modified_gmt":"2024-12-19T21:55:59","slug":"hercules-celebro-su-87-aniversario-y-confirmo-su-participacion-en-la-liga-federal-2025","status":"publish","type":"post","link":"https:\/\/www.sportchaco.com.ar\/?p=15393","title":{"rendered":"H\u00e9rcules celebr\u00f3 su 87\u00b0 aniversario y confirm\u00f3 su participaci\u00f3n en La Liga Federal 2025"},"content":{"rendered":"<p><strong>19-12-2024<\/strong><\/p>\n<p><img loading=\"lazy\" decoding=\"async\" class=\" wp-image-7249 aligncenter\" src=\"https:\/\/www.sportchaco.com.ar\/wp-content\/uploads\/2024\/03\/aviso-Impulsamos-turismo-1-300x31.jpg\" alt=\"\" width=\"416\" height=\"43\" srcset=\"https:\/\/www.sportchaco.com.ar\/wp-content\/uploads\/2024\/03\/aviso-Impulsamos-turismo-1-300x31.jpg 300w, https:\/\/www.sportchaco.com.ar\/wp-content\/uploads\/2024\/03\/aviso-Impulsamos-turismo-1-1024x106.jpg 1024w, https:\/\/www.sportchaco.com.ar\/wp-content\/uploads\/2024\/03\/aviso-Impulsamos-turismo-1-768x79.jpg 768w, https:\/\/www.sportchaco.com.ar\/wp-content\/uploads\/2024\/03\/aviso-Impulsamos-turismo-1.jpg 1366w\" sizes=\"auto, (max-width: 416px) 100vw, 416px\" \/><\/p>\n<p>El club H\u00e9rcules de Charata cumpli\u00f3 el pasado 15 de diciembre 87 a\u00f1os, donde las distintas disciplinas que conforman esta instituci\u00f3n disfrutaron de una velada colmada de emociones y satisfacci\u00f3n por todo el trabajo que se realiza y que queda a la vista de todos. Logros deportivos, institucionales y de infraestructura son las postales de la actualidad del club.<\/p>\n<p>\u201cEste aniversario significa un a\u00f1o mas de crecimiento que le podemos dar nosotros como dirigentes, donde estamos muy contentos por lo momentos que esta instituci\u00f3n est\u00e1 pasando y no olvidemos que si bien el club cumpli\u00f3 87 a\u00f1os, muchos a\u00f1os estuvo desaparecido deportivamente y eso cost\u00f3 mucho a la hora de recuperarlo, m\u00e1s teniendo en cuenta que muchos chicos no conoc\u00edan de su existencia; hoy podemos decir que H\u00e9rcules recupero su identidad\u201d, expres\u00f3 el titular de la instituci\u00f3n, Rodolfo Canela.<\/p>\n<p>En este marco, actualmente H\u00e9rcules trabaja con el b\u00e1squet , disciplina con la cual comenz\u00f3 el resurgimiento del club y posteriormente se agreg\u00f3 el v\u00f3leibol, que si bien todav\u00eda no est\u00e1 federado, cuenta con casi 100 ni\u00f1os haciendo la actividad y con la posibilidad de que el a\u00f1o pr\u00f3ximo comience a participar en la Asociaci\u00f3n de V\u00f3ley. \u201cAdem\u00e1s tenemos el futbol infantil y Maxi femenino en nuestra cancha de futbol 5 de c\u00e9sped sint\u00e9tico, a modo recreativo, sin competencia, como as\u00ed tambi\u00e9n el pat\u00edn art\u00edstico, actividad que viene creciendo significativamente y que tambi\u00e9n a partir del a\u00f1o pr\u00f3ximo comenzar\u00e1 a ser competitivo\u201d, remarc\u00f3 Canela.<\/p>\n<figure class=\"wp-block-image size-large\"><a href=\"https:\/\/baskettotal.com.ar\/wp-content\/uploads\/2024\/12\/IMG-20241219-WA0005.jpg\"><img loading=\"lazy\" decoding=\"async\" class=\"lazy wp-image-25648 lazy-loaded\" src=\"https:\/\/baskettotal.com.ar\/wp-content\/uploads\/2024\/12\/IMG-20241219-WA0005-1024x768.jpg\" sizes=\"auto, (max-width: 1024px) 100vw, 1024px\" srcset=\"https:\/\/baskettotal.com.ar\/wp-content\/uploads\/2024\/12\/IMG-20241219-WA0005-1024x768.jpg 1024w, https:\/\/baskettotal.com.ar\/wp-content\/uploads\/2024\/12\/IMG-20241219-WA0005-300x225.jpg 300w, https:\/\/baskettotal.com.ar\/wp-content\/uploads\/2024\/12\/IMG-20241219-WA0005-768x576.jpg 768w, https:\/\/baskettotal.com.ar\/wp-content\/uploads\/2024\/12\/IMG-20241219-WA0005.jpg 1040w\" alt=\"\" width=\"1024\" height=\"768\" data-lazy-type=\"image\" data-lazy-src=\"https:\/\/baskettotal.com.ar\/wp-content\/uploads\/2024\/12\/IMG-20241219-WA0005-1024x768.jpg\" data-lazy-srcset=\"https:\/\/baskettotal.com.ar\/wp-content\/uploads\/2024\/12\/IMG-20241219-WA0005-1024x768.jpg 1024w, https:\/\/baskettotal.com.ar\/wp-content\/uploads\/2024\/12\/IMG-20241219-WA0005-300x225.jpg 300w, https:\/\/baskettotal.com.ar\/wp-content\/uploads\/2024\/12\/IMG-20241219-WA0005-768x576.jpg 768w, https:\/\/baskettotal.com.ar\/wp-content\/uploads\/2024\/12\/IMG-20241219-WA0005.jpg 1040w\" data-lazy-sizes=\"(max-width: 1024px) 100vw, 1024px\" \/><\/a><\/figure>\n<p>\u201cDesde que el nuevo grupo de dirigentes se hizo cargo de la instituci\u00f3n comenzamos a trabajar, con el fin de recuperar esa identidad y lograr hacer un lugar digno para que los chicos del barrio puedan practicar estos deportes, en el cual nos llev\u00f3 mucho trabajo, las obras comenzaron desde primer minuto y hasta el d\u00eda de hoy se sigue desarrollando\u201d, afirm\u00f3 el presidente, a\u00f1adiendo a su vez que \u201choy estamos trabajando en la finalizaci\u00f3n del nuevos ba\u00f1os, duchas , albergues y otro gym exclusivo para los jugadores, adem\u00e1s de que estamos reparando la cancha de parqu\u00e9 para tenerlo en condiciones para los nuevos torneos que se avecinan y aprovechando a esta gente para colocar piso de parqu\u00e9 en el gym\u201d.<\/p>\n<p>En cuanto a los objetivos trazados por esta gesti\u00f3n, Canela se mostr\u00f3 muy satisfecho, manifestando que \u201clos objetivos de este 2024 est\u00e1n todos pr\u00e1cticamente cumplidos, tanto en lo deportivo como en los edilicio, donde hemos participado del Torneo Federal de B\u00e1squet en la categor\u00eda Primera, tanto del masculino haciendo un debut en la categor\u00eda con una buena campa\u00f1a. Tambi\u00e9n hemos participado en el Torneo Federal Femenino de Primera llegando al Final Four, con chicas en su mayor\u00eda formadas en el club. Tambi\u00e9n hemos salido campeones del Pre \u2013 Federal U21 masculino, en el femenino de formativas se ha logrado salir campeones U15 y U17 tanto en el torneo de la Asociaci\u00f3n como el Pre \u2013 Federal; y en lo que respecta al U19 masculino, hemos salido campeones del torneo de la Asociaci\u00f3n del Sudoeste\u201d.<\/p>\n<p>\u201cY con respecto a la participaci\u00f3n en la Liga Federal 2025, podemos decir que esta pr\u00e1cticamente asegurado H\u00e9rcules, con detalles que aun faltan concretar\u201d, finaliz\u00f3.<\/p>\n<p><img loading=\"lazy\" decoding=\"async\" class=\" wp-image-11604 aligncenter\" src=\"https:\/\/www.sportchaco.com.ar\/wp-content\/uploads\/2024\/07\/Mosquitos-3-2-300x300.jpg\" alt=\"\" width=\"325\" height=\"325\" srcset=\"https:\/\/www.sportchaco.com.ar\/wp-content\/uploads\/2024\/07\/Mosquitos-3-2-300x300.jpg 300w, https:\/\/www.sportchaco.com.ar\/wp-content\/uploads\/2024\/07\/Mosquitos-3-2-1024x1024.jpg 1024w, https:\/\/www.sportchaco.com.ar\/wp-content\/uploads\/2024\/07\/Mosquitos-3-2-150x150.jpg 150w, https:\/\/www.sportchaco.com.ar\/wp-content\/uploads\/2024\/07\/Mosquitos-3-2-768x768.jpg 768w, https:\/\/www.sportchaco.com.ar\/wp-content\/uploads\/2024\/07\/Mosquitos-3-2.jpg 1440w\" sizes=\"auto, (max-width: 325px) 100vw, 325px\" \/><\/p>\n","protected":false},"excerpt":{"rendered":"<p>19-12-2024 El club H\u00e9rcules de Charata cumpli\u00f3 el pasado 15 de diciembre 87 a\u00f1os, donde las distintas disciplinas que conforman esta instituci\u00f3n disfrutaron de una velada colmada de emociones y satisfacci\u00f3n por todo el trabajo que se realiza y que queda a la vista de todos. Logros deportivos, institucionales y de infraestructura son las postales &hellip;<\/p>\n","protected":false},"author":3,"featured_media":15394,"comment_status":"open","ping_status":"open","sticky":false,"template":"","format":"standard","meta":{"footnotes":""},"categories":[3],"tags":[],"class_list":["post-15393","post","type-post","status-publish","format-standard","has-post-thumbnail","hentry","category-basquetbol"],"_links":{"self":[{"href":"https:\/\/www.sportchaco.com.ar\/index.php?rest_route=\/wp\/v2\/posts\/15393","targetHints":{"allow":["GET"]}}],"collection":[{"href":"https:\/\/www.sportchaco.com.ar\/index.php?rest_route=\/wp\/v2\/posts"}],"about":[{"href":"https:\/\/www.sportchaco.com.ar\/index.php?rest_route=\/wp\/v2\/types\/post"}],"author":[{"embeddable":true,"href":"https:\/\/www.sportchaco.com.ar\/index.php?rest_route=\/wp\/v2\/users\/3"}],"replies":[{"embeddable":true,"href":"https:\/\/www.sportchaco.com.ar\/index.php?rest_route=%2Fwp%2Fv2%2Fcomments&post=15393"}],"version-history":[{"count":1,"href":"https:\/\/www.sportchaco.com.ar\/index.php?rest_route=\/wp\/v2\/posts\/15393\/revisions"}],"predecessor-version":[{"id":15395,"href":"https:\/\/www.sportchaco.com.ar\/index.php?rest_route=\/wp\/v2\/posts\/15393\/revisions\/15395"}],"wp:featuredmedia":[{"embeddable":true,"href":"https:\/\/www.sportchaco.com.ar\/index.php?rest_route=\/wp\/v2\/media\/15394"}],"wp:attachment":[{"href":"https:\/\/www.sportchaco.com.ar\/index.php?rest_route=%2Fwp%2Fv2%2Fmedia&parent=15393"}],"wp:term":[{"taxonomy":"category","embeddable":true,"href":"https:\/\/www.sportchaco.com.ar\/index.php?rest_route=%2Fwp%2Fv2%2Fcategories&post=15393"},{"taxonomy":"post_tag","embeddable":true,"href":"https:\/\/www.sportchaco.com.ar\/index.php?rest_route=%2Fwp%2Fv2%2Ftags&post=15393"}],"curies":[{"name":"wp","href":"https:\/\/api.w.org\/{rel}","templated":true}]}}