{"id":15422,"date":"2024-12-21T13:48:45","date_gmt":"2024-12-21T16:48:45","guid":{"rendered":"https:\/\/www.sportchaco.com.ar\/?p=15422"},"modified":"2024-12-21T13:48:45","modified_gmt":"2024-12-21T16:48:45","slug":"for-ever-suma-refuerzos-y-ya-conoce-a-su-rival-para-el-debut-en-el-2025","status":"publish","type":"post","link":"https:\/\/www.sportchaco.com.ar\/?p=15422","title":{"rendered":"For Ever suma refuerzos y ya conoce a su rival para el debut en el 2025"},"content":{"rendered":"<p><strong>21-12-2024<\/strong><\/p>\n<p><img loading=\"lazy\" decoding=\"async\" class=\" wp-image-7248 aligncenter\" src=\"https:\/\/www.sportchaco.com.ar\/wp-content\/uploads\/2024\/03\/aVISO-2-2-300x50.jpeg\" alt=\"\" width=\"402\" height=\"67\" srcset=\"https:\/\/www.sportchaco.com.ar\/wp-content\/uploads\/2024\/03\/aVISO-2-2-300x50.jpeg 300w, https:\/\/www.sportchaco.com.ar\/wp-content\/uploads\/2024\/03\/aVISO-2-2-1024x171.jpeg 1024w, https:\/\/www.sportchaco.com.ar\/wp-content\/uploads\/2024\/03\/aVISO-2-2-768x128.jpeg 768w, https:\/\/www.sportchaco.com.ar\/wp-content\/uploads\/2024\/03\/aVISO-2-2.jpeg 1200w\" sizes=\"auto, (max-width: 402px) 100vw, 402px\" \/><\/p>\n<p>De cara a lo que ser\u00e1 la temporada 2025 de la Primera Nacional de F\u00fatbol, Ricardo Pancaldo y For Ever contin\u00faan trabajando en la conformaci\u00f3n de plantel y en las \u00faltimas horas sellaron la llegada del arquero Nicol\u00e1s Caprio y del zaguero central Jonathan Fleita.<\/p>\n<p>Cabe destacar que Nicol\u00e1s Caprio es de Santa Fe. Tiene 35 a\u00f1os y es conocido en la zona por su paso en Sarmiento. El \u00ab1\u00bb jug\u00f3 en Uni\u00f3n (2007-11), Libertad de Sunchales (2011-12), otra vez Uni\u00f3n (2012-13), San Jorge de Tucum\u00e1n (2013-14), Uni\u00f3n Aconquija de Catamarca (2014), Cipolletti (2015-16), Petapa de Guatemala (2016), Ferro de Pico (2017-18), Cipolletti (2018-19), Sarmiento (2019-20), Cipolletti (2020-21), Monagas de Venezuela (2021-22), Central Norte de Salta (2023), Carabobo de Venezuela (2023) y Olimpo de Bah\u00eda Blanca (2024).<\/p>\n<p>En tanto que Jonathan Fleita tambi\u00e9n es de Santa Fe, tiene 29 a\u00f1os y tuvo pasos por Uni\u00f3n (2015-18), Nueva Chicago (2018-20), Temperley (2020-21), otra vez Chicago (2021), Atl\u00e9tico Rafaela (2022), Brown de Madryn (2023) y Olimpo de Bah\u00eda Blanca (2024).<\/p>\n<p>El que seguir\u00e1 en el club es el polifuncional defensor Maximiliano Romero, que en este 2024 actu\u00f3 en la gran mayor\u00eda de los partidos como lateral derecho, aunque tambi\u00e9n puede jugar de zaguero central. Y el que se despidi\u00f3 fue el zaguero Milton Leyendeker, que tuvo una gran temporada y no seguir\u00e1 en For Ever. Aparentemente est\u00e1 analizando algunas ofertas de equipos de la Liga Profesional de F\u00fatbol. Otro zaguero que dej\u00f3 el club es Enzo Tamborelli, que seguir\u00e1 su carrera en Talleres de Remedios de Escalada.<\/p>\n<p>Adem\u00e1s, este viernes se dio a conocer el fixture del torneo de la Primera Nacional y For Ever sabe que debutar\u00e1 de local ante Estudiantes de Caseros. Ser\u00e1 la primera vez desde su regreso a la categor\u00eda que el equipo chaque\u00f1o empiece el torneo en el \u00abJuan Alberto Garc\u00eda\u00bb. Ya en la segunda fecha ir\u00e1 a Z\u00e1rate para enfrentar a Defensores Unidos.<\/p>\n<p><img loading=\"lazy\" decoding=\"async\" class=\" wp-image-9746 aligncenter\" src=\"https:\/\/www.sportchaco.com.ar\/wp-content\/uploads\/2024\/05\/Mosquitos-aviso-240x300.jpeg\" alt=\"\" width=\"272\" height=\"340\" srcset=\"https:\/\/www.sportchaco.com.ar\/wp-content\/uploads\/2024\/05\/Mosquitos-aviso-240x300.jpeg 240w, https:\/\/www.sportchaco.com.ar\/wp-content\/uploads\/2024\/05\/Mosquitos-aviso-819x1024.jpeg 819w, https:\/\/www.sportchaco.com.ar\/wp-content\/uploads\/2024\/05\/Mosquitos-aviso-768x960.jpeg 768w, https:\/\/www.sportchaco.com.ar\/wp-content\/uploads\/2024\/05\/Mosquitos-aviso.jpeg 1080w\" sizes=\"auto, (max-width: 272px) 100vw, 272px\" \/><\/p>\n","protected":false},"excerpt":{"rendered":"<p>21-12-2024 De cara a lo que ser\u00e1 la temporada 2025 de la Primera Nacional de F\u00fatbol, Ricardo Pancaldo y For Ever contin\u00faan trabajando en la conformaci\u00f3n de plantel y en las \u00faltimas horas sellaron la llegada del arquero Nicol\u00e1s Caprio y del zaguero central Jonathan Fleita. Cabe destacar que Nicol\u00e1s Caprio es de Santa Fe. &hellip;<\/p>\n","protected":false},"author":3,"featured_media":12697,"comment_status":"open","ping_status":"open","sticky":false,"template":"","format":"standard","meta":{"footnotes":""},"categories":[5],"tags":[],"class_list":["post-15422","post","type-post","status-publish","format-standard","has-post-thumbnail","hentry","category-futbol"],"_links":{"self":[{"href":"https:\/\/www.sportchaco.com.ar\/index.php?rest_route=\/wp\/v2\/posts\/15422","targetHints":{"allow":["GET"]}}],"collection":[{"href":"https:\/\/www.sportchaco.com.ar\/index.php?rest_route=\/wp\/v2\/posts"}],"about":[{"href":"https:\/\/www.sportchaco.com.ar\/index.php?rest_route=\/wp\/v2\/types\/post"}],"author":[{"embeddable":true,"href":"https:\/\/www.sportchaco.com.ar\/index.php?rest_route=\/wp\/v2\/users\/3"}],"replies":[{"embeddable":true,"href":"https:\/\/www.sportchaco.com.ar\/index.php?rest_route=%2Fwp%2Fv2%2Fcomments&post=15422"}],"version-history":[{"count":1,"href":"https:\/\/www.sportchaco.com.ar\/index.php?rest_route=\/wp\/v2\/posts\/15422\/revisions"}],"predecessor-version":[{"id":15423,"href":"https:\/\/www.sportchaco.com.ar\/index.php?rest_route=\/wp\/v2\/posts\/15422\/revisions\/15423"}],"wp:featuredmedia":[{"embeddable":true,"href":"https:\/\/www.sportchaco.com.ar\/index.php?rest_route=\/wp\/v2\/media\/12697"}],"wp:attachment":[{"href":"https:\/\/www.sportchaco.com.ar\/index.php?rest_route=%2Fwp%2Fv2%2Fmedia&parent=15422"}],"wp:term":[{"taxonomy":"category","embeddable":true,"href":"https:\/\/www.sportchaco.com.ar\/index.php?rest_route=%2Fwp%2Fv2%2Fcategories&post=15422"},{"taxonomy":"post_tag","embeddable":true,"href":"https:\/\/www.sportchaco.com.ar\/index.php?rest_route=%2Fwp%2Fv2%2Ftags&post=15422"}],"curies":[{"name":"wp","href":"https:\/\/api.w.org\/{rel}","templated":true}]}}