{"id":15459,"date":"2024-12-23T22:47:26","date_gmt":"2024-12-24T01:47:26","guid":{"rendered":"https:\/\/www.sportchaco.com.ar\/?p=15459"},"modified":"2024-12-23T22:47:26","modified_gmt":"2024-12-24T01:47:26","slug":"efemerides-del-24-de-diciembre","status":"publish","type":"post","link":"https:\/\/www.sportchaco.com.ar\/?p=15459","title":{"rendered":"Efem\u00e9rides del 24 de diciembre"},"content":{"rendered":"<div class=\"container fullwidth-entry-title-wrapper\">\n<div class=\"container-wrapper fullwidth-entry-title\">\n<header class=\"entry-header-outer\">\n<div class=\"entry-header\"><\/div>\n<\/header>\n<\/div>\n<\/div>\n<div id=\"content\" class=\"site-content container\">\n<div id=\"main-content-row\" class=\"tie-row main-content-row\">\n<div class=\"main-content tie-col-md-8 tie-col-xs-12\" role=\"main\">\n<article id=\"the-post\" class=\"container-wrapper post-content tie-standard\">\n<div class=\"featured-area\">\n<div class=\"featured-area-inner\">\n<figure class=\"single-featured-image\"><\/figure>\n<\/div>\n<\/div>\n<div id=\"share-buttons-top\" class=\"share-buttons share-buttons-top\"><\/div>\n<div class=\"entry-content entry clearfix\">\n<p><strong>Esta es la Efem\u00e9rides del Deporte en el Chaco de un 24 de diciembre del periodista Luis Dar\u00edo Molodezky<\/strong><\/p>\n<p><img loading=\"lazy\" decoding=\"async\" class=\"alignnone size-medium wp-image-3979\" src=\"https:\/\/www.sportchaco.com.ar\/wp-content\/uploads\/2023\/12\/Molodezky-luis-sin-anteojos-249x300.jpg\" sizes=\"auto, (max-width: 249px) 100vw, 249px\" srcset=\"https:\/\/www.sportchaco.com.ar\/wp-content\/uploads\/2023\/12\/Molodezky-luis-sin-anteojos-249x300.jpg 249w, https:\/\/www.sportchaco.com.ar\/wp-content\/uploads\/2023\/12\/Molodezky-luis-sin-anteojos.jpg 417w\" alt=\"\" width=\"249\" height=\"300\" \/><\/p>\n<p>&nbsp;<\/p>\n<p><strong>1941 \/<\/strong>\u00a0Nace en la provincia de Entre R\u00edos, Guillermo Pfeffer, \u00a0\u2018Lechuza\u2019, notable ciclista que represent\u00f3 a Charata en competencias provinciales y nacionales, con m\u00e1s de 120 triunfos en los m\u00e1s diversos circuitos callejeros y vel\u00f3dromos del pa\u00eds. Particip\u00f3 en cuatro ediciones de \u2018La Vuelta del Chaco\u2019. Debut\u00f3 en un circuito callejero charatense a los 16 a\u00f1os.<\/p>\n<p><strong>1947\u00a0<\/strong>\/ Nace en Resistencia en Resistencia el periodista Oscar Alberto Vargas. Criado en una familia apasionada por el f\u00fatbol (padre \u00e1rbitro y hermanos jugadores) y las dulces rutinas de los barrios. Se desempe\u00f1\u00f3 en el Banco Provincia del Chaco SEM durante 13 a\u00f1os y posteriormente en la Secretar\u00eda Electoral Nacional por 9 a\u00f1os. Ingres\u00f3 en NORTE como colaborador de Deportes y luego fue empleado de planta desde el 1 de agosto de 1991 hasta el 30 de septiembre de 2013 cuando se jubil\u00f3. Al mismo tiempo se desempe\u00f1\u00f3 por m\u00e1s de cuarenta a\u00f1os en la Liga Chaque\u00f1a de F\u00fatbol donde ingres\u00f3 en enero de 1972, y en 1994 por iniciativa del presidente de esa \u00e9poca, C\u00e9sar Acu\u00f1a fue promovido a gerente. Jug\u00f3 en todas las inferiores del Club Don Orione, hasta hacerlo en primera durante 3 a\u00f1os, (65, 66 y 67), terminando su carrera en Bancarios. Falleci\u00f3 el 9 de enero de 2018 a los 70 a\u00f1os.<\/p>\n<p><strong>1972\u00a0<\/strong>\/ Tr\u00e1gico fallecimiento del notable corredor de motos y novel de automovilismo, Oscar\u00a0<em>Oso\u00a0<\/em>Piovano, a los 27 a\u00f1os de edad. Una traicionera curva en Puerto Vilelas, le llev\u00f3 la vida en un inesperado accidente automovil\u00edstico.<\/p>\n<p>&nbsp;<\/p>\n<p>&nbsp;<\/p>\n<h3>Foto de Oscar Vargas, en una de sus cl\u00e1sicas humoradas.<\/h3>\n<\/div>\n<\/article>\n<\/div>\n<\/div>\n<\/div>\n","protected":false},"excerpt":{"rendered":"<p>Esta es la Efem\u00e9rides del Deporte en el Chaco de un 24 de diciembre del periodista Luis Dar\u00edo Molodezky &nbsp; 1941 \/\u00a0Nace en la provincia de Entre R\u00edos, Guillermo Pfeffer, \u00a0\u2018Lechuza\u2019, notable ciclista que represent\u00f3 a Charata en competencias provinciales y nacionales, con m\u00e1s de 120 triunfos en los m\u00e1s diversos circuitos callejeros y vel\u00f3dromos &hellip;<\/p>\n","protected":false},"author":2,"featured_media":15460,"comment_status":"open","ping_status":"open","sticky":false,"template":"","format":"standard","meta":{"footnotes":""},"categories":[42,45],"tags":[],"class_list":["post-15459","post","type-post","status-publish","format-standard","has-post-thumbnail","hentry","category-diciembre","category-efemerides-dia-por-dia"],"_links":{"self":[{"href":"https:\/\/www.sportchaco.com.ar\/index.php?rest_route=\/wp\/v2\/posts\/15459","targetHints":{"allow":["GET"]}}],"collection":[{"href":"https:\/\/www.sportchaco.com.ar\/index.php?rest_route=\/wp\/v2\/posts"}],"about":[{"href":"https:\/\/www.sportchaco.com.ar\/index.php?rest_route=\/wp\/v2\/types\/post"}],"author":[{"embeddable":true,"href":"https:\/\/www.sportchaco.com.ar\/index.php?rest_route=\/wp\/v2\/users\/2"}],"replies":[{"embeddable":true,"href":"https:\/\/www.sportchaco.com.ar\/index.php?rest_route=%2Fwp%2Fv2%2Fcomments&post=15459"}],"version-history":[{"count":1,"href":"https:\/\/www.sportchaco.com.ar\/index.php?rest_route=\/wp\/v2\/posts\/15459\/revisions"}],"predecessor-version":[{"id":15461,"href":"https:\/\/www.sportchaco.com.ar\/index.php?rest_route=\/wp\/v2\/posts\/15459\/revisions\/15461"}],"wp:featuredmedia":[{"embeddable":true,"href":"https:\/\/www.sportchaco.com.ar\/index.php?rest_route=\/wp\/v2\/media\/15460"}],"wp:attachment":[{"href":"https:\/\/www.sportchaco.com.ar\/index.php?rest_route=%2Fwp%2Fv2%2Fmedia&parent=15459"}],"wp:term":[{"taxonomy":"category","embeddable":true,"href":"https:\/\/www.sportchaco.com.ar\/index.php?rest_route=%2Fwp%2Fv2%2Fcategories&post=15459"},{"taxonomy":"post_tag","embeddable":true,"href":"https:\/\/www.sportchaco.com.ar\/index.php?rest_route=%2Fwp%2Fv2%2Ftags&post=15459"}],"curies":[{"name":"wp","href":"https:\/\/api.w.org\/{rel}","templated":true}]}}