{"id":15471,"date":"2024-12-26T17:53:28","date_gmt":"2024-12-26T20:53:28","guid":{"rendered":"https:\/\/www.sportchaco.com.ar\/?p=15471"},"modified":"2024-12-26T17:53:28","modified_gmt":"2024-12-26T20:53:28","slug":"don-bosco-despidio-el-ano-en-todas-las-categorias-y-ambas-ramas","status":"publish","type":"post","link":"https:\/\/www.sportchaco.com.ar\/?p=15471","title":{"rendered":"Don Bosco despidi\u00f3 el a\u00f1o en todas las categor\u00edas y ambas ramas"},"content":{"rendered":"<p><strong>26-12-2024<\/strong><\/p>\n<p><img loading=\"lazy\" decoding=\"async\" class=\" wp-image-9640 aligncenter\" src=\"https:\/\/www.sportchaco.com.ar\/wp-content\/uploads\/2024\/05\/gob-obras-marzo-apaisado-300x29.gif\" alt=\"\" width=\"393\" height=\"38\" srcset=\"https:\/\/www.sportchaco.com.ar\/wp-content\/uploads\/2024\/05\/gob-obras-marzo-apaisado-300x29.gif 300w, https:\/\/www.sportchaco.com.ar\/wp-content\/uploads\/2024\/05\/gob-obras-marzo-apaisado-768x74.gif 768w\" sizes=\"auto, (max-width: 393px) 100vw, 393px\" \/><\/p>\n<p>D\u00edas atr\u00e1s, el Centro Deportivo Don Bosco llev\u00f3 adelante su fiesta de Cierre de A\u00f1o junto a todos los jugadores, entrenadores, dirigencia y las familias que se hicieron presente para vivir una noche inolvidable en una instituci\u00f3n moderna y con todas las comodidades, y por supuesto, m\u00faltiples propuestas basquetbol\u00edsticas en todas las categor\u00edas y en ambas ramas.<\/p>\n<figure class=\"wp-block-image size-large\"><a href=\"https:\/\/baskettotal.com.ar\/wp-content\/uploads\/2024\/12\/Don-Bosco-5.jpg\"><img loading=\"lazy\" decoding=\"async\" class=\"lazy wp-image-25716 lazy-loaded\" src=\"https:\/\/baskettotal.com.ar\/wp-content\/uploads\/2024\/12\/Don-Bosco-5-1024x685.jpg\" sizes=\"auto, (max-width: 1024px) 100vw, 1024px\" srcset=\"https:\/\/baskettotal.com.ar\/wp-content\/uploads\/2024\/12\/Don-Bosco-5-1024x685.jpg 1024w, https:\/\/baskettotal.com.ar\/wp-content\/uploads\/2024\/12\/Don-Bosco-5-300x201.jpg 300w, https:\/\/baskettotal.com.ar\/wp-content\/uploads\/2024\/12\/Don-Bosco-5-768x514.jpg 768w, https:\/\/baskettotal.com.ar\/wp-content\/uploads\/2024\/12\/Don-Bosco-5.jpg 1040w\" alt=\"\" width=\"1024\" height=\"685\" data-lazy-type=\"image\" data-lazy-src=\"https:\/\/baskettotal.com.ar\/wp-content\/uploads\/2024\/12\/Don-Bosco-5-1024x685.jpg\" data-lazy-srcset=\"https:\/\/baskettotal.com.ar\/wp-content\/uploads\/2024\/12\/Don-Bosco-5-1024x685.jpg 1024w, https:\/\/baskettotal.com.ar\/wp-content\/uploads\/2024\/12\/Don-Bosco-5-300x201.jpg 300w, https:\/\/baskettotal.com.ar\/wp-content\/uploads\/2024\/12\/Don-Bosco-5-768x514.jpg 768w, https:\/\/baskettotal.com.ar\/wp-content\/uploads\/2024\/12\/Don-Bosco-5.jpg 1040w\" data-lazy-sizes=\"(max-width: 1024px) 100vw, 1024px\" \/><\/a><\/figure>\n<p>&nbsp;<\/p>\n<p><strong>\u201cEstoy muy contento de formar parte y de dejar a la instituci\u00f3n en lo m\u00e1s alto\u201d<br \/>\n<\/strong>En primer lugar, uno de los referentes o piezas con m\u00e1s experiencia en la instituci\u00f3n es Facundo G\u00f3mez Brocal, jugador de Primera y entrenador en categor\u00edas formativas, remarc\u00f3 \u201ctrabajar siempre con seriedad, teniendo una fiesta hermosa, donde se est\u00e1 generando un sentido de pertenencia muy grande, que los chicos de formativas masculino y femenino quieren estar en una Primera; en esta oportunidad, se premi\u00f3 y dio obsequios a las diferentes categor\u00edas\u201d.<\/p>\n<p>\u201cEstoy muy contento de formar parte y de dejar a la instituci\u00f3n en lo m\u00e1s alto; como entrenador orgulloso y satisfecho que cada vez m\u00e1s chicos vengan al club\u201d, finaliz\u00f3 G\u00f3mez Brocal.<\/p>\n<p><strong>\u201cHace varios a\u00f1os Don Bosco viene siendo protagonista\u201d<br \/>\n<\/strong>Por su parte, el entrenador de Primera de Don Bosco y a su vez referente del minib\u00e1squet de la instituci\u00f3n, Fernando Cristaldo, expres\u00f3 que \u201cen minib\u00e1squet creemos que hicimos un muy buen trabajo, tuvimos un gran a\u00f1o; deportivamente los chicos est\u00e1n mejorando mucho m\u00e1s\u201d.<\/p>\n<p>\u201cEn tanto que en las categor\u00edas formativas, donde si bien llegan muchos chicos, tambi\u00e9n muchos se van; nos gustar\u00eda ser m\u00e1s competitivos, ya que no podemos mantener una camada tres o cuatro a\u00f1os seguidos.<\/p>\n<figure class=\"wp-block-image size-large\"><a href=\"https:\/\/baskettotal.com.ar\/wp-content\/uploads\/2024\/12\/Don-Bosco-6.jpg\"><img loading=\"lazy\" decoding=\"async\" class=\"lazy wp-image-25717 lazy-loaded\" src=\"https:\/\/baskettotal.com.ar\/wp-content\/uploads\/2024\/12\/Don-Bosco-6-1024x685.jpg\" sizes=\"auto, (max-width: 1024px) 100vw, 1024px\" srcset=\"https:\/\/baskettotal.com.ar\/wp-content\/uploads\/2024\/12\/Don-Bosco-6-1024x685.jpg 1024w, https:\/\/baskettotal.com.ar\/wp-content\/uploads\/2024\/12\/Don-Bosco-6-300x201.jpg 300w, https:\/\/baskettotal.com.ar\/wp-content\/uploads\/2024\/12\/Don-Bosco-6-768x514.jpg 768w, https:\/\/baskettotal.com.ar\/wp-content\/uploads\/2024\/12\/Don-Bosco-6.jpg 1040w\" alt=\"\" width=\"1024\" height=\"685\" data-lazy-type=\"image\" data-lazy-src=\"https:\/\/baskettotal.com.ar\/wp-content\/uploads\/2024\/12\/Don-Bosco-6-1024x685.jpg\" data-lazy-srcset=\"https:\/\/baskettotal.com.ar\/wp-content\/uploads\/2024\/12\/Don-Bosco-6-1024x685.jpg 1024w, https:\/\/baskettotal.com.ar\/wp-content\/uploads\/2024\/12\/Don-Bosco-6-300x201.jpg 300w, https:\/\/baskettotal.com.ar\/wp-content\/uploads\/2024\/12\/Don-Bosco-6-768x514.jpg 768w, https:\/\/baskettotal.com.ar\/wp-content\/uploads\/2024\/12\/Don-Bosco-6.jpg 1040w\" data-lazy-sizes=\"auto, (max-width: 1024px) 100vw, 1024px\" \/><\/a><\/figure>\n<p>\u201cY en la Primera, el arranque no fue bueno, despu\u00e9s de mitad de a\u00f1o mejoramos, todos nuestros partidos fueron excelente, estuvimos a la altura, donde en el Torneo Clausura se cumpli\u00f3 el objetivo, hace varios a\u00f1os Don Bosco viene siendo protagonista; cerramos un a\u00f1o con grandes puntos, siguiendo el trabajo en formativas y la comisi\u00f3n directiva se muestra muy conforme\u201d, finaliz\u00f3 Cristaldo.<\/p>\n<p>&nbsp;<\/p>\n<p><em><strong>Fotos: Gentileza Nahiara Pallares (Don Bosco)<\/strong><\/em><\/p>\n<p><img loading=\"lazy\" decoding=\"async\" class=\" wp-image-10045 aligncenter\" src=\"https:\/\/www.sportchaco.com.ar\/wp-content\/uploads\/2024\/05\/Gobierno-paisaje-1-300x116.png\" alt=\"\" width=\"486\" height=\"188\" srcset=\"https:\/\/www.sportchaco.com.ar\/wp-content\/uploads\/2024\/05\/Gobierno-paisaje-1-300x116.png 300w, https:\/\/www.sportchaco.com.ar\/wp-content\/uploads\/2024\/05\/Gobierno-paisaje-1-768x297.png 768w, https:\/\/www.sportchaco.com.ar\/wp-content\/uploads\/2024\/05\/Gobierno-paisaje-1.png 800w\" sizes=\"auto, (max-width: 486px) 100vw, 486px\" \/><\/p>\n","protected":false},"excerpt":{"rendered":"<p>26-12-2024 D\u00edas atr\u00e1s, el Centro Deportivo Don Bosco llev\u00f3 adelante su fiesta de Cierre de A\u00f1o junto a todos los jugadores, entrenadores, dirigencia y las familias que se hicieron presente para vivir una noche inolvidable en una instituci\u00f3n moderna y con todas las comodidades, y por supuesto, m\u00faltiples propuestas basquetbol\u00edsticas en todas las categor\u00edas y &hellip;<\/p>\n","protected":false},"author":3,"featured_media":15472,"comment_status":"open","ping_status":"open","sticky":false,"template":"","format":"standard","meta":{"footnotes":""},"categories":[3],"tags":[],"class_list":["post-15471","post","type-post","status-publish","format-standard","has-post-thumbnail","hentry","category-basquetbol"],"_links":{"self":[{"href":"https:\/\/www.sportchaco.com.ar\/index.php?rest_route=\/wp\/v2\/posts\/15471","targetHints":{"allow":["GET"]}}],"collection":[{"href":"https:\/\/www.sportchaco.com.ar\/index.php?rest_route=\/wp\/v2\/posts"}],"about":[{"href":"https:\/\/www.sportchaco.com.ar\/index.php?rest_route=\/wp\/v2\/types\/post"}],"author":[{"embeddable":true,"href":"https:\/\/www.sportchaco.com.ar\/index.php?rest_route=\/wp\/v2\/users\/3"}],"replies":[{"embeddable":true,"href":"https:\/\/www.sportchaco.com.ar\/index.php?rest_route=%2Fwp%2Fv2%2Fcomments&post=15471"}],"version-history":[{"count":1,"href":"https:\/\/www.sportchaco.com.ar\/index.php?rest_route=\/wp\/v2\/posts\/15471\/revisions"}],"predecessor-version":[{"id":15473,"href":"https:\/\/www.sportchaco.com.ar\/index.php?rest_route=\/wp\/v2\/posts\/15471\/revisions\/15473"}],"wp:featuredmedia":[{"embeddable":true,"href":"https:\/\/www.sportchaco.com.ar\/index.php?rest_route=\/wp\/v2\/media\/15472"}],"wp:attachment":[{"href":"https:\/\/www.sportchaco.com.ar\/index.php?rest_route=%2Fwp%2Fv2%2Fmedia&parent=15471"}],"wp:term":[{"taxonomy":"category","embeddable":true,"href":"https:\/\/www.sportchaco.com.ar\/index.php?rest_route=%2Fwp%2Fv2%2Fcategories&post=15471"},{"taxonomy":"post_tag","embeddable":true,"href":"https:\/\/www.sportchaco.com.ar\/index.php?rest_route=%2Fwp%2Fv2%2Ftags&post=15471"}],"curies":[{"name":"wp","href":"https:\/\/api.w.org\/{rel}","templated":true}]}}