{"id":15485,"date":"2024-12-27T23:18:46","date_gmt":"2024-12-28T02:18:46","guid":{"rendered":"https:\/\/www.sportchaco.com.ar\/?p=15485"},"modified":"2024-12-27T23:19:18","modified_gmt":"2024-12-28T02:19:18","slug":"efemerides-del-28-de-diciembre-2","status":"publish","type":"post","link":"https:\/\/www.sportchaco.com.ar\/?p=15485","title":{"rendered":"Efem\u00e9rides del 28 de diciembre"},"content":{"rendered":"<div class=\"container fullwidth-entry-title-wrapper\">\n<div class=\"container-wrapper fullwidth-entry-title\">\n<header class=\"entry-header-outer\">\n<div class=\"entry-header\">\n<h1 class=\"post-title entry-title\"><\/h1>\n<div class=\"single-post-meta post-meta clearfix\"><\/div>\n<\/div>\n<\/header>\n<\/div>\n<\/div>\n<div id=\"content\" class=\"site-content container\">\n<div id=\"main-content-row\" class=\"tie-row main-content-row\">\n<div class=\"main-content tie-col-md-8 tie-col-xs-12\" role=\"main\">\n<article id=\"the-post\" class=\"container-wrapper post-content tie-standard\">\n<div class=\"featured-area\">\n<div class=\"featured-area-inner\"><\/div>\n<\/div>\n<div class=\"entry-content entry clearfix\">\n<p><strong>Esta es la Efem\u00e9rides del Deporte en el Chaco de un 28 diciembre del periodista Luis Dar\u00edo Molodezky<\/strong><\/p>\n<p><img loading=\"lazy\" decoding=\"async\" class=\"alignnone size-medium wp-image-3979\" src=\"https:\/\/www.sportchaco.com.ar\/wp-content\/uploads\/2023\/12\/Molodezky-luis-sin-anteojos-249x300.jpg\" sizes=\"auto, (max-width: 249px) 100vw, 249px\" srcset=\"https:\/\/www.sportchaco.com.ar\/wp-content\/uploads\/2023\/12\/Molodezky-luis-sin-anteojos-249x300.jpg 249w, https:\/\/www.sportchaco.com.ar\/wp-content\/uploads\/2023\/12\/Molodezky-luis-sin-anteojos.jpg 417w\" alt=\"\" width=\"249\" height=\"300\" \/><\/p>\n<p>&nbsp;<\/p>\n<p>&nbsp;<\/p>\n<p>&nbsp;<\/p>\n<p><strong>\u00a0<\/strong><\/p>\n<p><strong>1982 \/ <\/strong>Primera Fiesta del Deporte del C\u00edrculo de\u00a0Periodistas Deportivos del Chaco, se realiza en el sal\u00f3n de Cosecha\u00a0Seguros de avenida 9 de Julio 236 y fueron distinguidos: atletismo\u00a0Carlos Varas, automovilismo H\u00e9ctor Risso Patr\u00f3n, b\u00e1squetbol\u00a0Orlando Salinas, bochas Club Don Bosco, boxeo Alcides Puebla,\u00a0ciclismo Sergio Gassman, dirigente Francisco Ameri, f\u00fatbol Efra\u00edn\u00a0Chac\u00f3n, Golf Omar Aguilar, Nataci\u00f3n Clarisa Aguirre, pesas Jos\u00e9\u00a0Centanaro, pesca Carlos Cuffia, tenis A. Khairallah, v\u00f3leibol Alberto\u00a0Gonz\u00e1lez. Fue homenajeado el relator Carlos Rodolfo Monti.<\/p>\n<p><strong>\u00a0<\/strong><\/p>\n<p><strong>1984 \/ <\/strong>Capit\u00e1n Solari se consagra campe\u00f3n de la\u00a0Liga Palme\u00f1a de F\u00fatbol, al vencer a Sportivo Libertad en el \u00faltimo\u00a0partido por 3-0. El campe\u00f3n form\u00f3 con Miguel \u00c1lvarez; Atilio\u00a0Ben\u00edtez, V\u00edctor Villalba y Ram\u00f3n Troche, Antonio \u00c1lvarez, Roberto\u00a0Vera y Osvaldo Davles; Walter Escobar, francisco \u00c1lvarez y Dardo\u00a0Ram\u00edrez. DT: Artemio Gonz\u00e1lez.<\/p>\n<p><strong>\u00a0<\/strong><\/p>\n<p><strong>1985 \/ <\/strong>Jorge G\u00f3mez Luna logra el t\u00edtulo de campe\u00f3n\u00a0nacional de karting, con una m\u00e1quina preparada por su padre\u00a0Leonardo.<\/p>\n<p><strong>1986 \/ <\/strong>Nace el programa La Voz del Deporte en la\u00a0nueva Radio Chaco. Edmundo Duncan Molina, Emilio Lagranja, Arnaldo Federico Bejarano estuvieron entre sus fundadores. El\u00a0programa se prolong\u00f3 en el tiempo pasando por varias emisoras.<\/p>\n<p><strong>1988 \/<\/strong> Cosecha b\u00e1squetbol se consagra campe\u00f3n oficial de primera divisi\u00f3n de la ABR en forma invicta, al vencer en el cotejo final a Villa San Mart\u00edn 83 a 71. Integraron el plantel Cesar Claris, Dante Fleitas, Jos\u00e9 Gonz\u00e1lez (Gonzalito), Marcus Adams, Luis Spagnoli (p), Hugo Montes; Alejandro Rodr\u00edguez, Ricardo Manuel Siri, Roberto Catarozzi, Daniel Bodanovich, Eduardo Paniagua. DT Ernesto Roig, PF Jos\u00e9 Luis Centanaro<\/p>\n<p><strong>1999 \/<\/strong> La Asociaci\u00f3n de F\u00fatbol de Veteranos de\u00a0Resistencia consagra a los campeones del a\u00f1o, entregando los respectivos premios: En la divisi\u00f3n A, campe\u00f3n Veteranos de Ratt\u00edn y\u00a0subcampe\u00f3n San Jos\u00e9. Divisi\u00f3n B, Sindicato de Trabajadores Municipales\u00a0y Colonia Ben\u00edtez. En la C, La Leonesa y Deportivo Reencuentro. En la D, Villa Ercilia y Caja Municipal. En Maxi Veteranos A, Hind\u00fa Club y Colonia Ben\u00edtez. En la B STM y Deportivo Espa\u00f1ol.<\/p>\n<p><strong>2005 \/ <\/strong>El futbolista Enzo Guti\u00e9rrez, es premiado\u00a0con la Charata de Oro al mejor deportista de 2005, en el marco de\u00a0la decimotercera edici\u00f3n de la Fiesta del Deporte.<\/p>\n<p><strong>2006 \/ <\/strong>El periodista Edison Omar Rodr\u00edguez, presenta su libro \u201cPinceladas Deportivas\u201d, en el recinto de sesiones\u00a0Deolindo Felipe Bittel de la C\u00e1mara de Diputados del Chaco. Con\u00a0una trayectoria de m\u00e1s de 40 a\u00f1os en el periodismo deportivo,\u00a0desarrollado en el diario El Territorio, Canal 9 y Radio Chaco, en\u00a0la vieja y nueva \u00e9poca, y colaboraciones en otros medios escritos radiales, fue testigo de la alegr\u00eda y tristezas de los chaque\u00f1os.<\/p>\n<p><strong>2021 \/ <\/strong>Finalizan los torneos oficiales de Hockey de la Federaci\u00f3n Chaque\u00f1a en sus diferentes zonas y categor\u00edas con sus respectivos campeones y campeonas. Se entregaron premios en las instalaciones del Microestadio Jaime Zapata. En primera caballeros 1) Posiciones finales caballeros: Estudiantes (Campe\u00f3n), 2) San Fernando, 3) Chaco Hockey. En primera Damas, 1) Curne, 2) Regatas Resistencia, 3) Cune<\/p>\n<p>&nbsp;<\/p>\n<p>&nbsp;<\/p>\n<h3>Foto de diario El Territorio de Cosecha campe\u00f3n 1988<\/h3>\n<\/div>\n<\/article>\n<\/div>\n<\/div>\n<\/div>\n","protected":false},"excerpt":{"rendered":"<p>Esta es la Efem\u00e9rides del Deporte en el Chaco de un 28 diciembre del periodista Luis Dar\u00edo Molodezky &nbsp; &nbsp; &nbsp; \u00a0 1982 \/ Primera Fiesta del Deporte del C\u00edrculo de\u00a0Periodistas Deportivos del Chaco, se realiza en el sal\u00f3n de Cosecha\u00a0Seguros de avenida 9 de Julio 236 y fueron distinguidos: atletismo\u00a0Carlos Varas, automovilismo H\u00e9ctor Risso &hellip;<\/p>\n","protected":false},"author":2,"featured_media":15486,"comment_status":"open","ping_status":"open","sticky":false,"template":"","format":"standard","meta":{"footnotes":""},"categories":[42,45],"tags":[],"class_list":["post-15485","post","type-post","status-publish","format-standard","has-post-thumbnail","hentry","category-diciembre","category-efemerides-dia-por-dia"],"_links":{"self":[{"href":"https:\/\/www.sportchaco.com.ar\/index.php?rest_route=\/wp\/v2\/posts\/15485","targetHints":{"allow":["GET"]}}],"collection":[{"href":"https:\/\/www.sportchaco.com.ar\/index.php?rest_route=\/wp\/v2\/posts"}],"about":[{"href":"https:\/\/www.sportchaco.com.ar\/index.php?rest_route=\/wp\/v2\/types\/post"}],"author":[{"embeddable":true,"href":"https:\/\/www.sportchaco.com.ar\/index.php?rest_route=\/wp\/v2\/users\/2"}],"replies":[{"embeddable":true,"href":"https:\/\/www.sportchaco.com.ar\/index.php?rest_route=%2Fwp%2Fv2%2Fcomments&post=15485"}],"version-history":[{"count":2,"href":"https:\/\/www.sportchaco.com.ar\/index.php?rest_route=\/wp\/v2\/posts\/15485\/revisions"}],"predecessor-version":[{"id":15488,"href":"https:\/\/www.sportchaco.com.ar\/index.php?rest_route=\/wp\/v2\/posts\/15485\/revisions\/15488"}],"wp:featuredmedia":[{"embeddable":true,"href":"https:\/\/www.sportchaco.com.ar\/index.php?rest_route=\/wp\/v2\/media\/15486"}],"wp:attachment":[{"href":"https:\/\/www.sportchaco.com.ar\/index.php?rest_route=%2Fwp%2Fv2%2Fmedia&parent=15485"}],"wp:term":[{"taxonomy":"category","embeddable":true,"href":"https:\/\/www.sportchaco.com.ar\/index.php?rest_route=%2Fwp%2Fv2%2Fcategories&post=15485"},{"taxonomy":"post_tag","embeddable":true,"href":"https:\/\/www.sportchaco.com.ar\/index.php?rest_route=%2Fwp%2Fv2%2Ftags&post=15485"}],"curies":[{"name":"wp","href":"https:\/\/api.w.org\/{rel}","templated":true}]}}