{"id":15497,"date":"2024-12-28T11:49:50","date_gmt":"2024-12-28T14:49:50","guid":{"rendered":"https:\/\/www.sportchaco.com.ar\/?p=15497"},"modified":"2024-12-28T11:49:50","modified_gmt":"2024-12-28T14:49:50","slug":"cristian-medina-ejecuto-la-clausula-de-rescision-y-se-marchara-de-boca","status":"publish","type":"post","link":"https:\/\/www.sportchaco.com.ar\/?p=15497","title":{"rendered":"Cristian Medina ejecut\u00f3 la cl\u00e1usula de rescisi\u00f3n y se marchar\u00e1 de Boca"},"content":{"rendered":"<header class=\"article-header-wrapper\">\n<div class=\"article-header\">\n<h1 id=\"cristian-medina-ejecuto-la-clausula-de-rescision-y-se-marchara-de-boca-juniors:-la-cifra-que-embolsara-el-club\" class=\"article-headline left\">Cristian Medina ejecut\u00f3 la cl\u00e1usula de rescisi\u00f3n y se marchar\u00e1 de Boca Juniors: la cifra que embolsar\u00e1 el club. El futbolista notific\u00f3 al Consejo de F\u00fatbol que har\u00e1 uso de opci\u00f3n de salida. El grupo empresario que adquirir\u00e1 su pase podr\u00eda depositarlo en otro club argentino<\/h1>\n<div class=\"byline\">\n<div class=\"byline-image-ctn\">\n<div class=\"author-image-header\">\n<div class=\"\"><picture><source srcset=\"https:\/\/www.infobae.com\/resizer\/v2\/https%3A%2F%2Fs3.amazonaws.com%2Farc-authors%2Finfobae%2Fe6622ee8-5a86-4321-bba2-95b6cb3baa8c.jpg?auth=f68d3bc3b7fac4afdbc3995972833738d8f9e7c26cd37e0edf92985b30b58013&amp;smart=true&amp;width=40&amp;height=40&amp;quality=85\" media=\"(min-width: 80px)\" \/><img loading=\"lazy\" decoding=\"async\" class=\"global-image byline-author-image\" src=\"https:\/\/www.infobae.com\/resizer\/v2\/https%3A%2F%2Fs3.amazonaws.com%2Farc-authors%2Finfobae%2Fe6622ee8-5a86-4321-bba2-95b6cb3baa8c.jpg?auth=f68d3bc3b7fac4afdbc3995972833738d8f9e7c26cd37e0edf92985b30b58013&amp;smart=true&amp;width=40&amp;height=40&amp;quality=85\" alt=\"Federico Cristofanelli\" width=\"1\" height=\"1\" \/><\/picture><\/div>\n<\/div>\n<\/div>\n<\/div>\n<\/div>\n<\/header>\n<article class=\"article\">\n<div class=\"sharebar-container\">\n<div class=\"share-bar-article-date-container \"><\/div>\n<div class=\"sharebar-buttons-container\"><\/div>\n<\/div>\n<div class=\"body-article \">\n<div class=\" visual__image\">Cristian Medina se marcha de Boca: ejecut\u00f3 la cl\u00e1usula de rescisi\u00f3n (Joaqu\u00edn Camiletti\/Getty Images)<\/div>\n<p class=\"paragraph\"><b>Cristian Medina<\/b>\u00a0dejar\u00e1 de ser futbolista de<b>\u00a0Boca Juniors\u00a0<\/b>en las pr\u00f3ximas horas: el futbolista de 22 a\u00f1os que est\u00e1 en conflicto con el club desde hace un par de meses, envi\u00f3 un mail a la directiva para anunciar la ejecuci\u00f3n de su cl\u00e1usula de salida. En la entidad\u00a0<i>xeneize\u00a0<\/i>no tienen claro cu\u00e1l ser\u00e1 su destino, ya que depender\u00e1 de la voluntad del jugador, que ten\u00eda charlas avanzadas con el Fenerbah\u00e7e de Turqu\u00eda. De esta forma, a la Ribera ingresar\u00e1n\u00a0<b>15 millones de d\u00f3lares.\u00a0<\/b>La bomba dentro de la noticia es que\u00a0<a href=\"https:\/\/www.infobae.com\/deportes\/2024\/08\/21\/foster-gillett-el-magnate-que-condujo-al-liverpool-y-apuesta-a-invertir-en-el-futbol-argentino-queremos-mejorar-lo-que-hay-no-danarlo\/\" target=\"_blank\" rel=\"noopener noreferrer\"><b>el grupo empresario del norteamericano Foster Gillett<\/b><\/a>\u00a0es quien adquirir\u00e1 su ficha y podr\u00eda depositarlo en otro equipo argentino:<b>\u00a0Estudiantes de La Plata.<\/b><\/p>\n<p class=\"paragraph\">El \u00faltimo partido oficial de Medina en el\u00a0<i>Xeneize\u00a0<\/i>fue justamente en el debut de\u00a0<b>Fernando Gago<\/b>\u00a0como entrenador (derrota 3-0 ante Tigre en Victoria). Tras ese duelo, el futbolista se neg\u00f3 a disputar el duelo por Copa Argentina ante Gimnasia La Plata (Boca triunf\u00f3 en tanda de penales tras el 1-1 en tiempo reglamentario) y desde all\u00ed dej\u00f3 de estar en la consideraci\u00f3n del cuerpo t\u00e9cnico para las convocatorias oficiales, a pesar de haberse mantenido entrenando con el plantel profesional.<\/p>\n<p class=\"paragraph\">\u201c\u00c9l me manifest\u00f3 que existe la posibilidad de que tenga una transferencia. Yo tengo muy pocos d\u00edas en el club, lo entend\u00ed desde el lugar de futbolista, en cuanto a irse a Europa y que es su sue\u00f1o. Ahora, hay momentos para las situaciones. Quedan tres meses de mercado todav\u00eda, pueden pasar muchas cosas.\u00a0<b>Yo voy a contar con los jugadores que est\u00e9n comprometidos al 100 por ciento.\u00a0<\/b>No lo digo por Cristian, que no est\u00e1 comprometido, al contrario. Es una situaci\u00f3n particular. Son situaciones en las que est\u00e1 bueno que se le ense\u00f1en, que aprenda. Tengo mi opini\u00f3n, lo habl\u00e9 con \u00e9l personalmente y decid\u00ed que no est\u00e9 disponible\u201d, fue lo que expres\u00f3 Gago en conferencia tras la clasificaci\u00f3n ante Gimnasia.<\/p>\n<div class=\" visual__image\"><picture><source srcset=\"https:\/\/www.infobae.com\/resizer\/v2\/IKNFQWEE4EDHNJEQAPLYXJHTY4.jpg?auth=97b5f26a35512e5d5fe426e5ef8d83452935af955d1eeeecb05ab3a95cdd92fb&amp;smart=true&amp;width=992&amp;height=744&amp;quality=85\" media=\"(min-width: 1000px)\" \/><source srcset=\"https:\/\/www.infobae.com\/resizer\/v2\/IKNFQWEE4EDHNJEQAPLYXJHTY4.jpg?auth=97b5f26a35512e5d5fe426e5ef8d83452935af955d1eeeecb05ab3a95cdd92fb&amp;smart=true&amp;width=768&amp;height=576&amp;quality=85\" media=\"(min-width: 768px)\" \/><source srcset=\"https:\/\/www.infobae.com\/resizer\/v2\/IKNFQWEE4EDHNJEQAPLYXJHTY4.jpg?auth=97b5f26a35512e5d5fe426e5ef8d83452935af955d1eeeecb05ab3a95cdd92fb&amp;smart=true&amp;width=577&amp;height=433&amp;quality=85\" media=\"(min-width: 580px)\" \/><source srcset=\"https:\/\/www.infobae.com\/resizer\/v2\/IKNFQWEE4EDHNJEQAPLYXJHTY4.jpg?auth=97b5f26a35512e5d5fe426e5ef8d83452935af955d1eeeecb05ab3a95cdd92fb&amp;smart=true&amp;width=420&amp;height=315&amp;quality=85\" media=\"(min-width: 350px)\" \/><source srcset=\"https:\/\/www.infobae.com\/resizer\/v2\/IKNFQWEE4EDHNJEQAPLYXJHTY4.jpg?auth=97b5f26a35512e5d5fe426e5ef8d83452935af955d1eeeecb05ab3a95cdd92fb&amp;smart=true&amp;width=350&amp;height=263&amp;quality=85\" media=\"(min-width: 80px)\" \/><img loading=\"lazy\" decoding=\"async\" class=\"global-image\" src=\"https:\/\/www.infobae.com\/resizer\/v2\/IKNFQWEE4EDHNJEQAPLYXJHTY4.jpg?auth=97b5f26a35512e5d5fe426e5ef8d83452935af955d1eeeecb05ab3a95cdd92fb&amp;smart=true&amp;width=350&amp;height=263&amp;quality=85\" alt=\"El futbolista de 22 a\u00f1os\" width=\"3029\" height=\"2189\" \/><\/picture>El futbolista de 22 a\u00f1os disput\u00f3 su \u00faltimo partido oficial el d\u00eda del debut de Gago como DT (REUTERS\/Cristina Sille)<\/div>\n<p class=\"paragraph\">Seg\u00fan pudo averiguar Infobae, el Consejo de F\u00fatbol no se entrometi\u00f3 ni le baj\u00f3 l\u00ednea a Gago. Fue el DT quien defini\u00f3 los pasos a seguir con Medina, que finalmente firm\u00f3 planilla frente a Gimnasia en Rosario y estuvo entre los suplentes en aquel partido, pero no volvi\u00f3 a ser citado por el DT de all\u00ed en m\u00e1s.<\/p>\n<p class=\"paragraph\">El Consejo de F\u00fatbol boquense no acept\u00f3 la \u00faltima propuesta del Fenerbah\u00e7e ya que entendieron que no les era redituable la forma de pagos. Seg\u00fan pudo averiguar este medio, los turcos ofrecieron los 15 millones de d\u00f3lares, pero en \u201cc\u00f3modas cuotas\u201d.\u00a0<b>\u00bfEn qu\u00e9 consiste la propuesta?<\/b>\u00a0Al momento de firmar (en el inicio del pr\u00f3ximo mercado), desembolsar\u00edan 2.800.000 d\u00f3lares. Pero la primera cuota del resto de la transacci\u00f3n la abonar\u00edan reci\u00e9n en abril de 2026 y, la segunda, en octubre. Es decir que Boca, a fines de 2026, reci\u00e9n habr\u00eda cobrado poco m\u00e1s de 6 millones de d\u00f3lares del total de los 15M.<\/p>\n<p class=\"paragraph\">Adem\u00e1s, unos 5 millones de d\u00f3lares del total de los 15M ser\u00edan cobrados por el\u00a0<i>Xeneize\u00a0<\/i>a medida que el jugador cumpla determinados objetivos: un mill\u00f3n tras su primer partido como titular, otro a los 15 partidos jugados, otro a los 30 y finalmente por salir campe\u00f3n de la liga turca y clasificarse a la Champions League. En resumen, Boca reci\u00e9n iba a cobrar con seguridad poco m\u00e1s de 8 millones de d\u00f3lares en el a\u00f1o 2027 (descontando los impuestos de los 10M iniciales) y quedar\u00edan pendientes los 5M en variables, de los cuales entienden que el \u00edtem m\u00e1s seguro a cobrar es el del primer partido como titular.\u00a0<b>Con la ejecuci\u00f3n de su cl\u00e1usula de salida, el dinero a Boca ingresar\u00e1 cash y la instituci\u00f3n azul y oro se desentiende completamente del destino profesional del jugador.<\/b><\/p>\n<\/div>\n<\/article>\n","protected":false},"excerpt":{"rendered":"<p>Cristian Medina ejecut\u00f3 la cl\u00e1usula de rescisi\u00f3n y se marchar\u00e1 de Boca Juniors: la cifra que embolsar\u00e1 el club. El futbolista notific\u00f3 al Consejo de F\u00fatbol que har\u00e1 uso de opci\u00f3n de salida. El grupo empresario que adquirir\u00e1 su pase podr\u00eda depositarlo en otro club argentino Cristian Medina se marcha de Boca: ejecut\u00f3 la cl\u00e1usula &hellip;<\/p>\n","protected":false},"author":2,"featured_media":15498,"comment_status":"open","ping_status":"open","sticky":false,"template":"","format":"standard","meta":{"footnotes":""},"categories":[47],"tags":[],"class_list":["post-15497","post","type-post","status-publish","format-standard","has-post-thumbnail","hentry","category-nacionales"],"_links":{"self":[{"href":"https:\/\/www.sportchaco.com.ar\/index.php?rest_route=\/wp\/v2\/posts\/15497","targetHints":{"allow":["GET"]}}],"collection":[{"href":"https:\/\/www.sportchaco.com.ar\/index.php?rest_route=\/wp\/v2\/posts"}],"about":[{"href":"https:\/\/www.sportchaco.com.ar\/index.php?rest_route=\/wp\/v2\/types\/post"}],"author":[{"embeddable":true,"href":"https:\/\/www.sportchaco.com.ar\/index.php?rest_route=\/wp\/v2\/users\/2"}],"replies":[{"embeddable":true,"href":"https:\/\/www.sportchaco.com.ar\/index.php?rest_route=%2Fwp%2Fv2%2Fcomments&post=15497"}],"version-history":[{"count":1,"href":"https:\/\/www.sportchaco.com.ar\/index.php?rest_route=\/wp\/v2\/posts\/15497\/revisions"}],"predecessor-version":[{"id":15499,"href":"https:\/\/www.sportchaco.com.ar\/index.php?rest_route=\/wp\/v2\/posts\/15497\/revisions\/15499"}],"wp:featuredmedia":[{"embeddable":true,"href":"https:\/\/www.sportchaco.com.ar\/index.php?rest_route=\/wp\/v2\/media\/15498"}],"wp:attachment":[{"href":"https:\/\/www.sportchaco.com.ar\/index.php?rest_route=%2Fwp%2Fv2%2Fmedia&parent=15497"}],"wp:term":[{"taxonomy":"category","embeddable":true,"href":"https:\/\/www.sportchaco.com.ar\/index.php?rest_route=%2Fwp%2Fv2%2Fcategories&post=15497"},{"taxonomy":"post_tag","embeddable":true,"href":"https:\/\/www.sportchaco.com.ar\/index.php?rest_route=%2Fwp%2Fv2%2Ftags&post=15497"}],"curies":[{"name":"wp","href":"https:\/\/api.w.org\/{rel}","templated":true}]}}