{"id":15534,"date":"2024-12-30T23:18:34","date_gmt":"2024-12-31T02:18:34","guid":{"rendered":"https:\/\/www.sportchaco.com.ar\/?p=15534"},"modified":"2024-12-30T23:18:34","modified_gmt":"2024-12-31T02:18:34","slug":"efemerides-del-31-de-diciembre","status":"publish","type":"post","link":"https:\/\/www.sportchaco.com.ar\/?p=15534","title":{"rendered":"Efem\u00e9rides del 31 de diciembre"},"content":{"rendered":"<div class=\"container fullwidth-entry-title-wrapper\">\n<div class=\"container-wrapper fullwidth-entry-title\">\n<header class=\"entry-header-outer\">\n<div class=\"entry-header\">\n<h1 class=\"post-title entry-title\">Efem\u00e9rides del 31 de diciembre<\/h1>\n<div class=\"single-post-meta post-meta clearfix\"><\/div>\n<\/div>\n<\/header>\n<\/div>\n<\/div>\n<div id=\"content\" class=\"site-content container\">\n<div id=\"main-content-row\" class=\"tie-row main-content-row\">\n<div class=\"main-content tie-col-md-8 tie-col-xs-12\" role=\"main\">\n<article id=\"the-post\" class=\"container-wrapper post-content tie-standard\">\n<div class=\"featured-area\">\n<div class=\"featured-area-inner\">\n<figure class=\"single-featured-image\"><img loading=\"lazy\" decoding=\"async\" class=\"attachment-jannah-image-post size-jannah-image-post wp-post-image\" src=\"https:\/\/www.sportchaco.com.ar\/wp-content\/uploads\/2023\/12\/Pedro-Biolchi-FE.jpeg\" alt=\"\" width=\"199\" height=\"252\" data-main-img=\"1\" \/><\/figure>\n<\/div>\n<\/div>\n<div class=\"entry-content entry clearfix\">\n<p><strong>Esta es la Efem\u00e9rides del Deporte en el Chaco de un 31 diciembre del periodista Luis Dar\u00edo Molodezky<\/strong><\/p>\n<p><strong><img loading=\"lazy\" decoding=\"async\" class=\"alignnone size-medium wp-image-4063\" src=\"https:\/\/www.sportchaco.com.ar\/wp-content\/uploads\/2023\/12\/Molodezky-luis-sin-anteojos-1-249x300.jpg\" sizes=\"auto, (max-width: 249px) 100vw, 249px\" srcset=\"https:\/\/www.sportchaco.com.ar\/wp-content\/uploads\/2023\/12\/Molodezky-luis-sin-anteojos-1-249x300.jpg 249w, https:\/\/www.sportchaco.com.ar\/wp-content\/uploads\/2023\/12\/Molodezky-luis-sin-anteojos-1.jpg 417w\" alt=\"\" width=\"249\" height=\"300\" \/><\/strong><\/p>\n<p>&nbsp;<\/p>\n<p><strong>1916 \/\u00a0<\/strong>Nace en Barranqueras Pedro Biolchi, fundador y primer presidente de Don Orione. M\u00e9dico, amante del deporte, ser humano excepcional, generoso, comprensivo y un ejemplo de vida. Fallece a los 94 a\u00f1os el 6 de julio de 2006<\/p>\n<p>&nbsp;<\/p>\n<p><strong>\u00a0<\/strong><\/p>\n<p><strong>2005\u00a0<\/strong>\/ El golfista Jorge Alfredo Maidana tuvo un cierre de a\u00f1o con marcada precisi\u00f3n, ya que consigui\u00f3 el preciado hoyo en uno. Lo hizo realidad en el hoyo 8 con un hierro 9, gracias a un certero golpe de 145 yardas. En el momento en que estaba acompa\u00f1ado por el aficionado Alejandro Tjor y el caddie\u00a0<em>Tiky\u00a0<\/em>Fern\u00e1ndez.<\/p>\n<p>&nbsp;<\/p>\n<p><strong>2005\u00a0<\/strong>\/ Justo Zacar\u00edas, atleta que representa al Club Municipales, triunfa en la categor\u00eda cadetes en la Marat\u00f3n de los Dos A\u00f1os, que se disputa sobre una distancia de 10.000 metros, en la ciudad cordobesa de R\u00edo Cuarto. Se inici\u00f3 a las 23,45 y se defini\u00f3 en los primeros minutos del nuevo a\u00f1o.<\/p>\n<p>&nbsp;<\/p>\n<h3>Foto de Pedro Biolchi<\/h3>\n<\/div>\n<\/article>\n<\/div>\n<\/div>\n<\/div>\n","protected":false},"excerpt":{"rendered":"<p>Efem\u00e9rides del 31 de diciembre Esta es la Efem\u00e9rides del Deporte en el Chaco de un 31 diciembre del periodista Luis Dar\u00edo Molodezky &nbsp; 1916 \/\u00a0Nace en Barranqueras Pedro Biolchi, fundador y primer presidente de Don Orione. M\u00e9dico, amante del deporte, ser humano excepcional, generoso, comprensivo y un ejemplo de vida. Fallece a los 94 &hellip;<\/p>\n","protected":false},"author":2,"featured_media":15535,"comment_status":"open","ping_status":"open","sticky":false,"template":"","format":"standard","meta":{"footnotes":""},"categories":[42,45],"tags":[],"class_list":["post-15534","post","type-post","status-publish","format-standard","has-post-thumbnail","hentry","category-diciembre","category-efemerides-dia-por-dia"],"_links":{"self":[{"href":"https:\/\/www.sportchaco.com.ar\/index.php?rest_route=\/wp\/v2\/posts\/15534","targetHints":{"allow":["GET"]}}],"collection":[{"href":"https:\/\/www.sportchaco.com.ar\/index.php?rest_route=\/wp\/v2\/posts"}],"about":[{"href":"https:\/\/www.sportchaco.com.ar\/index.php?rest_route=\/wp\/v2\/types\/post"}],"author":[{"embeddable":true,"href":"https:\/\/www.sportchaco.com.ar\/index.php?rest_route=\/wp\/v2\/users\/2"}],"replies":[{"embeddable":true,"href":"https:\/\/www.sportchaco.com.ar\/index.php?rest_route=%2Fwp%2Fv2%2Fcomments&post=15534"}],"version-history":[{"count":1,"href":"https:\/\/www.sportchaco.com.ar\/index.php?rest_route=\/wp\/v2\/posts\/15534\/revisions"}],"predecessor-version":[{"id":15536,"href":"https:\/\/www.sportchaco.com.ar\/index.php?rest_route=\/wp\/v2\/posts\/15534\/revisions\/15536"}],"wp:featuredmedia":[{"embeddable":true,"href":"https:\/\/www.sportchaco.com.ar\/index.php?rest_route=\/wp\/v2\/media\/15535"}],"wp:attachment":[{"href":"https:\/\/www.sportchaco.com.ar\/index.php?rest_route=%2Fwp%2Fv2%2Fmedia&parent=15534"}],"wp:term":[{"taxonomy":"category","embeddable":true,"href":"https:\/\/www.sportchaco.com.ar\/index.php?rest_route=%2Fwp%2Fv2%2Fcategories&post=15534"},{"taxonomy":"post_tag","embeddable":true,"href":"https:\/\/www.sportchaco.com.ar\/index.php?rest_route=%2Fwp%2Fv2%2Ftags&post=15534"}],"curies":[{"name":"wp","href":"https:\/\/api.w.org\/{rel}","templated":true}]}}