{"id":15537,"date":"2024-12-31T12:26:16","date_gmt":"2024-12-31T15:26:16","guid":{"rendered":"https:\/\/www.sportchaco.com.ar\/?p=15537"},"modified":"2024-12-31T12:26:16","modified_gmt":"2024-12-31T15:26:16","slug":"villa-san-martin-cerro-la-temporada-2024-junto-a-la-familia-tricolor","status":"publish","type":"post","link":"https:\/\/www.sportchaco.com.ar\/?p=15537","title":{"rendered":"Villa San Mart\u00edn cerr\u00f3 la temporada 2024 junto a la familia \u00abtricolor\u00bb"},"content":{"rendered":"<p><strong>31-12-2024<\/strong><\/p>\n<p><img loading=\"lazy\" decoding=\"async\" class=\"size-medium wp-image-7249 aligncenter\" src=\"https:\/\/www.sportchaco.com.ar\/wp-content\/uploads\/2024\/03\/aviso-Impulsamos-turismo-1-300x31.jpg\" alt=\"\" width=\"300\" height=\"31\" srcset=\"https:\/\/www.sportchaco.com.ar\/wp-content\/uploads\/2024\/03\/aviso-Impulsamos-turismo-1-300x31.jpg 300w, https:\/\/www.sportchaco.com.ar\/wp-content\/uploads\/2024\/03\/aviso-Impulsamos-turismo-1-1024x106.jpg 1024w, https:\/\/www.sportchaco.com.ar\/wp-content\/uploads\/2024\/03\/aviso-Impulsamos-turismo-1-768x79.jpg 768w, https:\/\/www.sportchaco.com.ar\/wp-content\/uploads\/2024\/03\/aviso-Impulsamos-turismo-1.jpg 1366w\" sizes=\"auto, (max-width: 300px) 100vw, 300px\" \/><\/p>\n<p>Durante la noche del s\u00e1bado 28, Villa San Mart\u00edn llev\u00f3 adelante la fiesta \u2013 despedida de la temporada 2024, junto a todos los jugadores de las distintas edades y ambas ramas, siendo un a\u00f1o colmado de \u00e9xitos, incluyendo a nivel nacional, que sin dudas pone a la instituci\u00f3n \u201ctricolor\u201d en los primeros planos, reflejando gran trabajo en las formativas y la calidad dirigencial con la que cuenta.<\/p>\n<figure class=\"wp-block-image size-large\"><a href=\"https:\/\/baskettotal.com.ar\/wp-content\/uploads\/2024\/12\/VSM-11.jpg\"><img loading=\"lazy\" decoding=\"async\" class=\"lazy wp-image-25769 aligncenter\" src=\"https:\/\/baskettotal.com.ar\/wp-content\/uploads\/2024\/12\/VSM-11-1024x680.jpg\" sizes=\"auto, (max-width: 1024px) 100vw, 1024px\" srcset=\"https:\/\/baskettotal.com.ar\/wp-content\/uploads\/2024\/12\/VSM-11-1024x680.jpg 1024w, https:\/\/baskettotal.com.ar\/wp-content\/uploads\/2024\/12\/VSM-11-300x199.jpg 300w, https:\/\/baskettotal.com.ar\/wp-content\/uploads\/2024\/12\/VSM-11-768x510.jpg 768w, https:\/\/baskettotal.com.ar\/wp-content\/uploads\/2024\/12\/VSM-11.jpg 1040w\" alt=\"\" width=\"1024\" height=\"680\" data-lazy-type=\"image\" data-lazy-src=\"https:\/\/baskettotal.com.ar\/wp-content\/uploads\/2024\/12\/VSM-11-1024x680.jpg\" data-lazy-srcset=\"https:\/\/baskettotal.com.ar\/wp-content\/uploads\/2024\/12\/VSM-11-1024x680.jpg 1024w, https:\/\/baskettotal.com.ar\/wp-content\/uploads\/2024\/12\/VSM-11-300x199.jpg 300w, https:\/\/baskettotal.com.ar\/wp-content\/uploads\/2024\/12\/VSM-11-768x510.jpg 768w, https:\/\/baskettotal.com.ar\/wp-content\/uploads\/2024\/12\/VSM-11.jpg 1040w\" data-lazy-sizes=\"(max-width: 1024px) 100vw, 1024px\" \/><\/a><\/figure>\n<p><strong>Un significado muy importante<br \/>\n<\/strong>\u201cEste acontecimiento fue todo un \u00e9xito, tiene un significado muy importante para la instituci\u00f3n, ya que marca claramente el sentido de pertenencia de los chicos hacia el club\u201d, afirm\u00f3 el presidente de Villa San Mart\u00edn, Ricardo Siri, quien estuvo acompa\u00f1ado durante la velada deportiva \u2013 familiar por el vicepresidente de la instituci\u00f3n, Mart\u00edn P\u00e9rez Bataglia y dem\u00e1s dirigentes como Gustavo Galarza, Juan Manuel Cabrera, Adriana Tesoriere, Pablo Calcagno, Rodolfo Carlen, Javier Corbal\u00e1n, N\u00e9stor C\u00f3ceres y dem\u00e1s integrantes, junto a entrenadores de las diferentes categor\u00edas y un gran marco de familias que dijeron presente.<\/p>\n<p>Durante el acontecimiento, lleg\u00f3 el momento de las premiaciones a las distintas categor\u00edas de Villa San Mart\u00edn, desde minib\u00e1squet hasta Primera, tanto masculino como femenino. Tambi\u00e9n hubo un reconocimiento especial a la categor\u00eda U15, quienes fueron campeones nacionales de su categor\u00eda, demostrando claramente ser los mejores del pa\u00eds. Asimismo, se premi\u00f3 al joven jugador U15, I\u00e1n Torres, quien tambi\u00e9n form\u00f3 parte del equipo de la Selecci\u00f3n Argentina U16 que disput\u00f3 el Sudamericano, donde adem\u00e1s lo premiaron como integrante del quinteto ideal en este certamen, clasificando la \u201cceleste y blanca\u201d al AmeriCup U16 de 2025.<\/p>\n<p>Dentro de todas las premiaciones a las categor\u00edas del club, tambi\u00e9n hubo sorteos, sesiones de fotos y animaci\u00f3n permanente con m\u00fasica y animador que mantuvo la fiesta siempre con un gran clima y m\u00faltiples emociones.<\/p>\n<figure class=\"wp-block-image size-large\"><a href=\"https:\/\/baskettotal.com.ar\/wp-content\/uploads\/2024\/12\/VSM-7.jpg\"><img loading=\"lazy\" decoding=\"async\" class=\"lazy wp-image-25767 lazy-loaded\" src=\"https:\/\/baskettotal.com.ar\/wp-content\/uploads\/2024\/12\/VSM-7-1024x680.jpg\" sizes=\"auto, (max-width: 1024px) 100vw, 1024px\" srcset=\"https:\/\/baskettotal.com.ar\/wp-content\/uploads\/2024\/12\/VSM-7-1024x680.jpg 1024w, https:\/\/baskettotal.com.ar\/wp-content\/uploads\/2024\/12\/VSM-7-300x199.jpg 300w, https:\/\/baskettotal.com.ar\/wp-content\/uploads\/2024\/12\/VSM-7-768x510.jpg 768w, https:\/\/baskettotal.com.ar\/wp-content\/uploads\/2024\/12\/VSM-7.jpg 1040w\" alt=\"\" width=\"1024\" height=\"680\" data-lazy-type=\"image\" data-lazy-src=\"https:\/\/baskettotal.com.ar\/wp-content\/uploads\/2024\/12\/VSM-7-1024x680.jpg\" data-lazy-srcset=\"https:\/\/baskettotal.com.ar\/wp-content\/uploads\/2024\/12\/VSM-7-1024x680.jpg 1024w, https:\/\/baskettotal.com.ar\/wp-content\/uploads\/2024\/12\/VSM-7-300x199.jpg 300w, https:\/\/baskettotal.com.ar\/wp-content\/uploads\/2024\/12\/VSM-7-768x510.jpg 768w, https:\/\/baskettotal.com.ar\/wp-content\/uploads\/2024\/12\/VSM-7.jpg 1040w\" data-lazy-sizes=\"auto, (max-width: 1024px) 100vw, 1024px\" \/><\/a><\/figure>\n<p><strong>Reconocido e hist\u00f3rico entrenador<br \/>\n<\/strong>Por su parte, el reconocido e hist\u00f3rico entrenador de minib\u00e1squet de Villa San Mart\u00edn, C\u00e9sar Puljiz, destac\u00f3 este gran cierre de temporada, donde sin dudas Villa San Mart\u00edn vuelve a dejar en claro el gran potencial y trabajo que existe en la instituci\u00f3n, con grandes resultados a la vista de todos. \u201cAgradecimiento especial a todas las familias que acompa\u00f1aron de muy buena manera este a\u00f1o\u201d, remarcando Puljiz que la fiesta \u201cfue una hermosa noche de la que mas nos gusta, que es estar en Villa San Mart\u00edn\u201d.<\/p>\n<p><strong>El b\u00e1squet femenino<br \/>\n<\/strong>Finalmente, Miguel \u00c1ngel Graciani, entrenador del b\u00e1squet femenino de la instituci\u00f3n \u201ctricolor\u201d, tambi\u00e9n celebr\u00f3 \u201ceste gran encuentro y participaci\u00f3n de todos los padres del masculino y femenino; hubo un muy buen clima, buena energ\u00eda y una gran organizaci\u00f3n del evento por parte de la dirigencia y entrenadores\u201d, finaliz\u00f3.<\/p>\n<figure class=\"wp-block-image size-large\"><a href=\"https:\/\/baskettotal.com.ar\/wp-content\/uploads\/2024\/12\/VSM-3.jpg\"><img loading=\"lazy\" decoding=\"async\" class=\"lazy wp-image-25768 lazy-loaded\" src=\"https:\/\/baskettotal.com.ar\/wp-content\/uploads\/2024\/12\/VSM-3-1024x680.jpg\" sizes=\"auto, (max-width: 1024px) 100vw, 1024px\" srcset=\"https:\/\/baskettotal.com.ar\/wp-content\/uploads\/2024\/12\/VSM-3-1024x680.jpg 1024w, https:\/\/baskettotal.com.ar\/wp-content\/uploads\/2024\/12\/VSM-3-300x199.jpg 300w, https:\/\/baskettotal.com.ar\/wp-content\/uploads\/2024\/12\/VSM-3-768x510.jpg 768w, https:\/\/baskettotal.com.ar\/wp-content\/uploads\/2024\/12\/VSM-3.jpg 1040w\" alt=\"\" width=\"1024\" height=\"680\" data-lazy-type=\"image\" data-lazy-src=\"https:\/\/baskettotal.com.ar\/wp-content\/uploads\/2024\/12\/VSM-3-1024x680.jpg\" data-lazy-srcset=\"https:\/\/baskettotal.com.ar\/wp-content\/uploads\/2024\/12\/VSM-3-1024x680.jpg 1024w, https:\/\/baskettotal.com.ar\/wp-content\/uploads\/2024\/12\/VSM-3-300x199.jpg 300w, https:\/\/baskettotal.com.ar\/wp-content\/uploads\/2024\/12\/VSM-3-768x510.jpg 768w, https:\/\/baskettotal.com.ar\/wp-content\/uploads\/2024\/12\/VSM-3.jpg 1040w\" data-lazy-sizes=\"auto, (max-width: 1024px) 100vw, 1024px\" \/><\/a><\/figure>\n<p>&nbsp;<\/p>\n<p>&nbsp;<\/p>\n<p><em><strong>Fotos: Soledad Mordacini (Villa San Mart\u00edn)<\/strong><\/em><\/p>\n<p><img loading=\"lazy\" decoding=\"async\" class=\"size-medium wp-image-11604 aligncenter\" src=\"https:\/\/www.sportchaco.com.ar\/wp-content\/uploads\/2024\/07\/Mosquitos-3-2-300x300.jpg\" alt=\"\" width=\"300\" height=\"300\" srcset=\"https:\/\/www.sportchaco.com.ar\/wp-content\/uploads\/2024\/07\/Mosquitos-3-2-300x300.jpg 300w, https:\/\/www.sportchaco.com.ar\/wp-content\/uploads\/2024\/07\/Mosquitos-3-2-1024x1024.jpg 1024w, https:\/\/www.sportchaco.com.ar\/wp-content\/uploads\/2024\/07\/Mosquitos-3-2-150x150.jpg 150w, https:\/\/www.sportchaco.com.ar\/wp-content\/uploads\/2024\/07\/Mosquitos-3-2-768x768.jpg 768w, https:\/\/www.sportchaco.com.ar\/wp-content\/uploads\/2024\/07\/Mosquitos-3-2.jpg 1440w\" sizes=\"auto, (max-width: 300px) 100vw, 300px\" \/><\/p>\n","protected":false},"excerpt":{"rendered":"<p>31-12-2024 Durante la noche del s\u00e1bado 28, Villa San Mart\u00edn llev\u00f3 adelante la fiesta \u2013 despedida de la temporada 2024, junto a todos los jugadores de las distintas edades y ambas ramas, siendo un a\u00f1o colmado de \u00e9xitos, incluyendo a nivel nacional, que sin dudas pone a la instituci\u00f3n \u201ctricolor\u201d en los primeros planos, reflejando &hellip;<\/p>\n","protected":false},"author":3,"featured_media":15538,"comment_status":"open","ping_status":"open","sticky":false,"template":"","format":"standard","meta":{"footnotes":""},"categories":[3],"tags":[],"class_list":["post-15537","post","type-post","status-publish","format-standard","has-post-thumbnail","hentry","category-basquetbol"],"_links":{"self":[{"href":"https:\/\/www.sportchaco.com.ar\/index.php?rest_route=\/wp\/v2\/posts\/15537","targetHints":{"allow":["GET"]}}],"collection":[{"href":"https:\/\/www.sportchaco.com.ar\/index.php?rest_route=\/wp\/v2\/posts"}],"about":[{"href":"https:\/\/www.sportchaco.com.ar\/index.php?rest_route=\/wp\/v2\/types\/post"}],"author":[{"embeddable":true,"href":"https:\/\/www.sportchaco.com.ar\/index.php?rest_route=\/wp\/v2\/users\/3"}],"replies":[{"embeddable":true,"href":"https:\/\/www.sportchaco.com.ar\/index.php?rest_route=%2Fwp%2Fv2%2Fcomments&post=15537"}],"version-history":[{"count":1,"href":"https:\/\/www.sportchaco.com.ar\/index.php?rest_route=\/wp\/v2\/posts\/15537\/revisions"}],"predecessor-version":[{"id":15539,"href":"https:\/\/www.sportchaco.com.ar\/index.php?rest_route=\/wp\/v2\/posts\/15537\/revisions\/15539"}],"wp:featuredmedia":[{"embeddable":true,"href":"https:\/\/www.sportchaco.com.ar\/index.php?rest_route=\/wp\/v2\/media\/15538"}],"wp:attachment":[{"href":"https:\/\/www.sportchaco.com.ar\/index.php?rest_route=%2Fwp%2Fv2%2Fmedia&parent=15537"}],"wp:term":[{"taxonomy":"category","embeddable":true,"href":"https:\/\/www.sportchaco.com.ar\/index.php?rest_route=%2Fwp%2Fv2%2Fcategories&post=15537"},{"taxonomy":"post_tag","embeddable":true,"href":"https:\/\/www.sportchaco.com.ar\/index.php?rest_route=%2Fwp%2Fv2%2Ftags&post=15537"}],"curies":[{"name":"wp","href":"https:\/\/api.w.org\/{rel}","templated":true}]}}