{"id":1554,"date":"2023-10-09T23:09:17","date_gmt":"2023-10-10T02:09:17","guid":{"rendered":"https:\/\/www.sportchaco.com.ar\/?p=1554"},"modified":"2023-10-09T23:10:01","modified_gmt":"2023-10-10T02:10:01","slug":"conmebol-confirmo-el-horario-para-la-final-de-la-libertadores","status":"publish","type":"post","link":"https:\/\/www.sportchaco.com.ar\/?p=1554","title":{"rendered":"Conmebol confirm\u00f3 el horario para la final de la Libertadores"},"content":{"rendered":"<div class=\"\"><\/div>\n<div class=\"\">\n<h1 class=\"\">Conmebol confirm\u00f3 el horario para la final de la Libertadores<\/h1>\n<p><strong>El \u201cXeneize\u201d y el \u201cTricolor\u201d, en Brasil. As\u00ed lo anunci\u00f3 a trav\u00e9s de las redes sociales el ente que regula el f\u00fatbol sudamericano.<\/strong><\/p>\n<div>\n<div id=\"carouselExampleControls\" class=\"carousel slide\" data-ride=\"carousel\">\n<div class=\"carousel-inner\">\n<div class=\"carousel-item active\"><\/div>\n<\/div>\n<\/div>\n<\/div>\n<div class=\"sharethis-inline-share-buttons pb-3\"><\/div>\n<p>A falta de 26 d\u00edas para la\u00a0final de la Copa Libertadores en la que Boca buscar\u00e1 su s\u00e9ptima corona ante Fluminense\u00a0tras 15 a\u00f1os de sequ\u00eda,\u00a0la Conmebol oficializ\u00f3 el horario de la gran final que disputar\u00e1n ambos equipos en el Maracan\u00e1.<\/p>\n<p>La casa madre del f\u00fatbol sudamericano anunci\u00f3 a trav\u00e9s de sus redes oficiales que el partido que definir\u00e1 al nuevo rey del continente se disputar\u00e1 el pr\u00f3ximo\u00a0s\u00e1bado 4 de noviembre a partir de las 17, hora de la Argentina.<\/p>\n<p>Boca busca cortar la hegemon\u00eda brasile\u00f1a en la Copa Libertadores<\/p>\n<p>Boca y Fluminense disputar\u00e1n la 5\u00aa edici\u00f3n de la final \u00fanica de Copa Libertadores, implementada desde 2019 y con la particularidad de que siempre se consagr\u00f3 campe\u00f3n un equipo brasile\u00f1o: Flamengo (2019), Palmeiras (2020), Palmeiras (2021) y Flamengo (2022).<\/p>\n<p><strong><em>Fuente: TyC Sports<\/em><\/strong><\/p>\n<\/div>\n","protected":false},"excerpt":{"rendered":"<p>Conmebol confirm\u00f3 el horario para la final de la Libertadores El \u201cXeneize\u201d y el \u201cTricolor\u201d, en Brasil. As\u00ed lo anunci\u00f3 a trav\u00e9s de las redes sociales el ente que regula el f\u00fatbol sudamericano. A falta de 26 d\u00edas para la\u00a0final de la Copa Libertadores en la que Boca buscar\u00e1 su s\u00e9ptima corona ante Fluminense\u00a0tras 15 &hellip;<\/p>\n","protected":false},"author":2,"featured_media":1555,"comment_status":"open","ping_status":"open","sticky":false,"template":"","format":"standard","meta":{"footnotes":""},"categories":[6],"tags":[],"class_list":["post-1554","post","type-post","status-publish","format-standard","has-post-thumbnail","hentry","category-internacionales"],"_links":{"self":[{"href":"https:\/\/www.sportchaco.com.ar\/index.php?rest_route=\/wp\/v2\/posts\/1554","targetHints":{"allow":["GET"]}}],"collection":[{"href":"https:\/\/www.sportchaco.com.ar\/index.php?rest_route=\/wp\/v2\/posts"}],"about":[{"href":"https:\/\/www.sportchaco.com.ar\/index.php?rest_route=\/wp\/v2\/types\/post"}],"author":[{"embeddable":true,"href":"https:\/\/www.sportchaco.com.ar\/index.php?rest_route=\/wp\/v2\/users\/2"}],"replies":[{"embeddable":true,"href":"https:\/\/www.sportchaco.com.ar\/index.php?rest_route=%2Fwp%2Fv2%2Fcomments&post=1554"}],"version-history":[{"count":1,"href":"https:\/\/www.sportchaco.com.ar\/index.php?rest_route=\/wp\/v2\/posts\/1554\/revisions"}],"predecessor-version":[{"id":1556,"href":"https:\/\/www.sportchaco.com.ar\/index.php?rest_route=\/wp\/v2\/posts\/1554\/revisions\/1556"}],"wp:featuredmedia":[{"embeddable":true,"href":"https:\/\/www.sportchaco.com.ar\/index.php?rest_route=\/wp\/v2\/media\/1555"}],"wp:attachment":[{"href":"https:\/\/www.sportchaco.com.ar\/index.php?rest_route=%2Fwp%2Fv2%2Fmedia&parent=1554"}],"wp:term":[{"taxonomy":"category","embeddable":true,"href":"https:\/\/www.sportchaco.com.ar\/index.php?rest_route=%2Fwp%2Fv2%2Fcategories&post=1554"},{"taxonomy":"post_tag","embeddable":true,"href":"https:\/\/www.sportchaco.com.ar\/index.php?rest_route=%2Fwp%2Fv2%2Ftags&post=1554"}],"curies":[{"name":"wp","href":"https:\/\/api.w.org\/{rel}","templated":true}]}}