{"id":15545,"date":"2024-12-31T13:18:47","date_gmt":"2024-12-31T16:18:47","guid":{"rendered":"https:\/\/www.sportchaco.com.ar\/?p=15545"},"modified":"2024-12-31T13:18:47","modified_gmt":"2024-12-31T16:18:47","slug":"hindu-cerro-el-ano-con-reconocimientos-y-festejos-en-sus-disciplinas","status":"publish","type":"post","link":"https:\/\/www.sportchaco.com.ar\/?p=15545","title":{"rendered":"Hind\u00fa cerr\u00f3 el a\u00f1o con reconocimientos y festejos en sus disciplinas"},"content":{"rendered":"<p><strong>31-12-2024<\/strong><\/p>\n<p><img loading=\"lazy\" decoding=\"async\" class=\" wp-image-9640 aligncenter\" src=\"https:\/\/www.sportchaco.com.ar\/wp-content\/uploads\/2024\/05\/gob-obras-marzo-apaisado-300x29.gif\" alt=\"\" width=\"383\" height=\"37\" srcset=\"https:\/\/www.sportchaco.com.ar\/wp-content\/uploads\/2024\/05\/gob-obras-marzo-apaisado-300x29.gif 300w, https:\/\/www.sportchaco.com.ar\/wp-content\/uploads\/2024\/05\/gob-obras-marzo-apaisado-768x74.gif 768w\" sizes=\"auto, (max-width: 383px) 100vw, 383px\" \/><\/p>\n<p>En la noche del lunes 30, Hind\u00fa Club de Resistencia despidi\u00f3 el 2024 con una cena familiar \u201ca la canasta\u201d, donde las distintas familias, jugadores, entrenadores y dirigentes disfrutaron de lo que fue un acontecimiento que dej\u00f3 en claro que la familia del \u201cb\u00f3lido verde\u201d contin\u00faa trabajando y fortaleciendo el b\u00e1squet y v\u00f3ley de la instituci\u00f3n capitalina.<\/p>\n<p>\u201cNosotros reconocimos los valores que pregonamos desde el primer d\u00eda que asumimos en diciembre de 2021, donde siempre dijimos que lo fundamental es volver a tener los valores con los que nosotros crecimos dentro del club y podamos ser buenas personas que sirvan a la sociedad\u201d, fueron las primeras palabras del presidente de Hind\u00fa Club, Luis Cequeira, quien estuvo acompa\u00f1ado por dem\u00e1s dirigentes de la instituci\u00f3n, tales como Ricardo Brocal, Daniel Arregui, Gast\u00f3n Rocha y Alejandro Pirotta. Adem\u00e1s particip\u00f3 de la velada el presidente de la Asociaci\u00f3n de B\u00e1squet de Resistencia (ABR), Oscar Rivas.<\/p>\n<figure class=\"wp-block-image size-large\"><a href=\"https:\/\/baskettotal.com.ar\/wp-content\/uploads\/2024\/12\/6-5.jpg\"><img loading=\"lazy\" decoding=\"async\" class=\"lazy wp-image-25775 lazy-loaded\" src=\"https:\/\/baskettotal.com.ar\/wp-content\/uploads\/2024\/12\/6-5-1024x711.jpg\" sizes=\"auto, (max-width: 1024px) 100vw, 1024px\" srcset=\"https:\/\/baskettotal.com.ar\/wp-content\/uploads\/2024\/12\/6-5-1024x711.jpg 1024w, https:\/\/baskettotal.com.ar\/wp-content\/uploads\/2024\/12\/6-5-300x208.jpg 300w, https:\/\/baskettotal.com.ar\/wp-content\/uploads\/2024\/12\/6-5-768x533.jpg 768w, https:\/\/baskettotal.com.ar\/wp-content\/uploads\/2024\/12\/6-5.jpg 1040w\" alt=\"\" width=\"1024\" height=\"711\" data-lazy-type=\"image\" data-lazy-src=\"https:\/\/baskettotal.com.ar\/wp-content\/uploads\/2024\/12\/6-5-1024x711.jpg\" data-lazy-srcset=\"https:\/\/baskettotal.com.ar\/wp-content\/uploads\/2024\/12\/6-5-1024x711.jpg 1024w, https:\/\/baskettotal.com.ar\/wp-content\/uploads\/2024\/12\/6-5-300x208.jpg 300w, https:\/\/baskettotal.com.ar\/wp-content\/uploads\/2024\/12\/6-5-768x533.jpg 768w, https:\/\/baskettotal.com.ar\/wp-content\/uploads\/2024\/12\/6-5.jpg 1040w\" data-lazy-sizes=\"(max-width: 1024px) 100vw, 1024px\" \/><\/a><\/figure>\n<p>Durante el evento, la dirigencia de Hind\u00fa Club premi\u00f3 a sus jugadores, donde hubo elecci\u00f3n al mejor compa\u00f1ero, jugador m\u00e1s divertido y el m\u00e1s destacado; vale remarcar que la elecci\u00f3n de los mismos fue por votos de sus respectivos compa\u00f1eros en cada categor\u00eda. Hubo palabras de agradecimiento, videos emotivos y el grupo musical \u201cLa Previa\u201d brill\u00f3 en lo que fue una fiesta emotiva para la instituci\u00f3n capitalina.<\/p>\n<p>\u201cNosotros como club tenemos la obligaci\u00f3n de contener a los ni\u00f1os de b\u00e1squet y v\u00f3ley, por lo que esta noche premiamos el compa\u00f1erismo, donde a partir de all\u00ed crece el trabajo en equipo y eso hace que obviamente todos podamos crecer\u201d, concluy\u00f3 Cequeira. Adem\u00e1s, hubo el momento donde se reconoci\u00f3 el gran trabajo en la instituci\u00f3n del que hace pocos d\u00edas fue coordinador y entrenador del b\u00e1squet del club, quien por cuestiones de profesi\u00f3n su futuro continuar\u00e1 en Indonesia, Ramiro D\u00edaz Cuello, con grandes resultados deportivos en todas las categor\u00edas del club, inclusive en la Primera, teniendo desde su llegada en 2020 en total ocho t\u00edtulos (cinco torneos Asociativos, dos Provinciales y un certamen interprovincial \u201cChaco \u2013 Corrientes\u201d) y por supuesto activa participaci\u00f3n en distintas temporadas de la Liga Federal de B\u00e1squet (LFB).<\/p>\n<figure class=\"wp-block-image size-large\"><a href=\"https:\/\/baskettotal.com.ar\/wp-content\/uploads\/2024\/12\/4-11.jpg\"><img loading=\"lazy\" decoding=\"async\" class=\"lazy wp-image-25776 lazy-loaded\" src=\"https:\/\/baskettotal.com.ar\/wp-content\/uploads\/2024\/12\/4-11-1024x479.jpg\" sizes=\"auto, (max-width: 1024px) 100vw, 1024px\" srcset=\"https:\/\/baskettotal.com.ar\/wp-content\/uploads\/2024\/12\/4-11-1024x479.jpg 1024w, https:\/\/baskettotal.com.ar\/wp-content\/uploads\/2024\/12\/4-11-300x140.jpg 300w, https:\/\/baskettotal.com.ar\/wp-content\/uploads\/2024\/12\/4-11-768x359.jpg 768w, https:\/\/baskettotal.com.ar\/wp-content\/uploads\/2024\/12\/4-11.jpg 1040w\" alt=\"\" width=\"1024\" height=\"479\" data-lazy-type=\"image\" data-lazy-src=\"https:\/\/baskettotal.com.ar\/wp-content\/uploads\/2024\/12\/4-11-1024x479.jpg\" data-lazy-srcset=\"https:\/\/baskettotal.com.ar\/wp-content\/uploads\/2024\/12\/4-11-1024x479.jpg 1024w, https:\/\/baskettotal.com.ar\/wp-content\/uploads\/2024\/12\/4-11-300x140.jpg 300w, https:\/\/baskettotal.com.ar\/wp-content\/uploads\/2024\/12\/4-11-768x359.jpg 768w, https:\/\/baskettotal.com.ar\/wp-content\/uploads\/2024\/12\/4-11.jpg 1040w\" data-lazy-sizes=\"(max-width: 1024px) 100vw, 1024px\" \/><\/a><\/figure>\n<p><strong>\u201cVamos a dar lo mejor de nosotros\u201d<br \/>\n<\/strong>Por su parte, la coordinadora y entrenadora del v\u00f3ley de Hind\u00fa, Laura Insaurralde, celebr\u00f3 estos festejos de cierre de a\u00f1o, teniendo grandes resultados y un trabajo m\u00e1s que positivo, afirmando que \u201cme emociona todo esto, porque llega un momento que nos sacamos la remera de entrenadores y somos electricistas, plomeros, ayudantes y lo que sea para el bien del club\u201d, destacando a su vez a sus pares que la acompa\u00f1an como Guido Baricheval y Karen P\u00edccoli, quienes dejan de ser profesores y cumplen lo que sea necesario en el club, sea reparando alg\u00fan inconveniente o est\u00e1n con nuestros chicos despu\u00e9s de horario hasta que sus padres los retiren; al club lo hacemos entre todos\u201d, afirm\u00f3 la coordinadora quien tambi\u00e9n encabez\u00f3 las premiaciones junto a Vanesa Areco, de la subcomisi\u00f3n de v\u00f3ley.<\/p>\n<figure class=\"wp-block-image size-large\"><a href=\"https:\/\/baskettotal.com.ar\/wp-content\/uploads\/2024\/12\/DSC_0836.jpg\"><img loading=\"lazy\" decoding=\"async\" class=\"lazy wp-image-25777 lazy-loaded\" src=\"https:\/\/baskettotal.com.ar\/wp-content\/uploads\/2024\/12\/DSC_0836-1024x682.jpg\" sizes=\"auto, (max-width: 1024px) 100vw, 1024px\" srcset=\"https:\/\/baskettotal.com.ar\/wp-content\/uploads\/2024\/12\/DSC_0836-1024x682.jpg 1024w, https:\/\/baskettotal.com.ar\/wp-content\/uploads\/2024\/12\/DSC_0836-300x200.jpg 300w, https:\/\/baskettotal.com.ar\/wp-content\/uploads\/2024\/12\/DSC_0836-768x512.jpg 768w, https:\/\/baskettotal.com.ar\/wp-content\/uploads\/2024\/12\/DSC_0836.jpg 1040w\" alt=\"\" width=\"1024\" height=\"682\" data-lazy-type=\"image\" data-lazy-src=\"https:\/\/baskettotal.com.ar\/wp-content\/uploads\/2024\/12\/DSC_0836-1024x682.jpg\" data-lazy-srcset=\"https:\/\/baskettotal.com.ar\/wp-content\/uploads\/2024\/12\/DSC_0836-1024x682.jpg 1024w, https:\/\/baskettotal.com.ar\/wp-content\/uploads\/2024\/12\/DSC_0836-300x200.jpg 300w, https:\/\/baskettotal.com.ar\/wp-content\/uploads\/2024\/12\/DSC_0836-768x512.jpg 768w, https:\/\/baskettotal.com.ar\/wp-content\/uploads\/2024\/12\/DSC_0836.jpg 1040w\" data-lazy-sizes=\"auto, (max-width: 1024px) 100vw, 1024px\" \/><\/a><\/figure>\n<p>\u201cVamos a dar lo mejor de nosotros, pero al margen del v\u00f3ley, primero es el ni\u00f1o, la adolescente y formarlos para que sean mejores personas\u201d, finaliz\u00f3 Insaurralde.<\/p>\n<p><img loading=\"lazy\" decoding=\"async\" class=\" wp-image-9818 aligncenter\" src=\"https:\/\/www.sportchaco.com.ar\/wp-content\/uploads\/2024\/05\/gobierno-paisaje-300x116.png\" alt=\"\" width=\"391\" height=\"151\" srcset=\"https:\/\/www.sportchaco.com.ar\/wp-content\/uploads\/2024\/05\/gobierno-paisaje-300x116.png 300w, https:\/\/www.sportchaco.com.ar\/wp-content\/uploads\/2024\/05\/gobierno-paisaje-768x297.png 768w, https:\/\/www.sportchaco.com.ar\/wp-content\/uploads\/2024\/05\/gobierno-paisaje.png 800w\" sizes=\"auto, (max-width: 391px) 100vw, 391px\" \/><\/p>\n","protected":false},"excerpt":{"rendered":"<p>31-12-2024 En la noche del lunes 30, Hind\u00fa Club de Resistencia despidi\u00f3 el 2024 con una cena familiar \u201ca la canasta\u201d, donde las distintas familias, jugadores, entrenadores y dirigentes disfrutaron de lo que fue un acontecimiento que dej\u00f3 en claro que la familia del \u201cb\u00f3lido verde\u201d contin\u00faa trabajando y fortaleciendo el b\u00e1squet y v\u00f3ley de &hellip;<\/p>\n","protected":false},"author":3,"featured_media":15546,"comment_status":"open","ping_status":"open","sticky":false,"template":"","format":"standard","meta":{"footnotes":""},"categories":[3],"tags":[],"class_list":["post-15545","post","type-post","status-publish","format-standard","has-post-thumbnail","hentry","category-basquetbol"],"_links":{"self":[{"href":"https:\/\/www.sportchaco.com.ar\/index.php?rest_route=\/wp\/v2\/posts\/15545","targetHints":{"allow":["GET"]}}],"collection":[{"href":"https:\/\/www.sportchaco.com.ar\/index.php?rest_route=\/wp\/v2\/posts"}],"about":[{"href":"https:\/\/www.sportchaco.com.ar\/index.php?rest_route=\/wp\/v2\/types\/post"}],"author":[{"embeddable":true,"href":"https:\/\/www.sportchaco.com.ar\/index.php?rest_route=\/wp\/v2\/users\/3"}],"replies":[{"embeddable":true,"href":"https:\/\/www.sportchaco.com.ar\/index.php?rest_route=%2Fwp%2Fv2%2Fcomments&post=15545"}],"version-history":[{"count":1,"href":"https:\/\/www.sportchaco.com.ar\/index.php?rest_route=\/wp\/v2\/posts\/15545\/revisions"}],"predecessor-version":[{"id":15547,"href":"https:\/\/www.sportchaco.com.ar\/index.php?rest_route=\/wp\/v2\/posts\/15545\/revisions\/15547"}],"wp:featuredmedia":[{"embeddable":true,"href":"https:\/\/www.sportchaco.com.ar\/index.php?rest_route=\/wp\/v2\/media\/15546"}],"wp:attachment":[{"href":"https:\/\/www.sportchaco.com.ar\/index.php?rest_route=%2Fwp%2Fv2%2Fmedia&parent=15545"}],"wp:term":[{"taxonomy":"category","embeddable":true,"href":"https:\/\/www.sportchaco.com.ar\/index.php?rest_route=%2Fwp%2Fv2%2Fcategories&post=15545"},{"taxonomy":"post_tag","embeddable":true,"href":"https:\/\/www.sportchaco.com.ar\/index.php?rest_route=%2Fwp%2Fv2%2Ftags&post=15545"}],"curies":[{"name":"wp","href":"https:\/\/api.w.org\/{rel}","templated":true}]}}