{"id":15555,"date":"2025-01-01T22:49:56","date_gmt":"2025-01-02T01:49:56","guid":{"rendered":"https:\/\/www.sportchaco.com.ar\/?p=15555"},"modified":"2025-01-02T13:56:09","modified_gmt":"2025-01-02T16:56:09","slug":"resistencia-villa-libertad-cerro-el-ano-en-pleno-crecimiento-muchos-chicos-y-proyectos-por-delante","status":"publish","type":"post","link":"https:\/\/www.sportchaco.com.ar\/?p=15555","title":{"rendered":"Villa Libertad cerr\u00f3 el a\u00f1o en pleno crecimiento, muchos chicos y proyectos por delante"},"content":{"rendered":"<div id=\"right-content\" class=\"relative\">\n<div id=\"content-area\" class=\"left relative\">\n<div id=\"tps_slideContainer_25782\" class=\"theiaPostSlider_slides\">\n<div>\n<p class=\"wp-block-image size-full\"><strong>02-01-2025<\/strong><\/p>\n<p><img loading=\"lazy\" decoding=\"async\" class=\" wp-image-9468 aligncenter\" src=\"https:\/\/www.sportchaco.com.ar\/wp-content\/uploads\/2024\/05\/Nachec-728x90-2-300x37.gif\" alt=\"\" width=\"389\" height=\"48\" \/><\/p>\n<p>D\u00edas atr\u00e1s, el club Villa Libertad de la ciudad de Resistencia finaliz\u00f3 la temporada 2024 en todas sus categor\u00edas, desde minib\u00e1squet hasta U12, tanto en la rama femenina como masculina. En este marco, el coordinador y entrenador principal de la zona sur, Jos\u00e9 Valant, realiz\u00f3 un balance de este a\u00f1o, afirmando que \u201cse cumplieron todos los objetivos y un poco m\u00e1s de lo que hab\u00edamos planificado durante el a\u00f1o, tanto con el club y los profes, donde \u201cse cumplieron todos los viajes que hab\u00edamos planificado, realizando cinco viajes con todos los chicos, tanto con minib\u00e1squet y con el U12 que entr\u00f3 en las formativas de la Asociaci\u00f3n de B\u00e1squet de Resistencia (ABR)\u201d.<\/p>\n<figure class=\"wp-block-image size-large\"><a href=\"https:\/\/baskettotal.com.ar\/wp-content\/uploads\/2024\/12\/VL-6.jpg\"><img loading=\"lazy\" decoding=\"async\" class=\"lazy wp-image-25783 lazy-loaded\" src=\"https:\/\/baskettotal.com.ar\/wp-content\/uploads\/2024\/12\/VL-6-1024x766.jpg\" sizes=\"auto, (max-width: 1024px) 100vw, 1024px\" srcset=\"https:\/\/baskettotal.com.ar\/wp-content\/uploads\/2024\/12\/VL-6-1024x766.jpg 1024w, https:\/\/baskettotal.com.ar\/wp-content\/uploads\/2024\/12\/VL-6-300x224.jpg 300w, https:\/\/baskettotal.com.ar\/wp-content\/uploads\/2024\/12\/VL-6-768x575.jpg 768w, https:\/\/baskettotal.com.ar\/wp-content\/uploads\/2024\/12\/VL-6.jpg 1040w\" alt=\"\" width=\"1024\" height=\"766\" data-lazy-type=\"image\" data-lazy-src=\"https:\/\/baskettotal.com.ar\/wp-content\/uploads\/2024\/12\/VL-6-1024x766.jpg\" data-lazy-srcset=\"https:\/\/baskettotal.com.ar\/wp-content\/uploads\/2024\/12\/VL-6-1024x766.jpg 1024w, https:\/\/baskettotal.com.ar\/wp-content\/uploads\/2024\/12\/VL-6-300x224.jpg 300w, https:\/\/baskettotal.com.ar\/wp-content\/uploads\/2024\/12\/VL-6-768x575.jpg 768w, https:\/\/baskettotal.com.ar\/wp-content\/uploads\/2024\/12\/VL-6.jpg 1040w\" data-lazy-sizes=\"(max-width: 1024px) 100vw, 1024px\" \/><\/a><\/figure>\n<p>En esta l\u00ednea, el profe Jos\u00e9 Valant dijo que \u201cestamos teniendo much\u00edsimos chicos para las formativas U15 y U17, donde el objetivo principal para el a\u00f1o que viene es tratar de poner dos categor\u00edas en la ABR y si se puede una categor\u00eda en el Torneo Departamental que se juega en el interior de la provincia; Tambi\u00e9n tenemos una invitaci\u00f3n muy especial Chapa Boeri para Eldorado, por lo que nos estamos preparando para eso tambi\u00e9n\u201d.<\/p>\n<figure class=\"wp-block-image size-large\"><a href=\"https:\/\/baskettotal.com.ar\/wp-content\/uploads\/2024\/12\/VL-1.jpg\"><img loading=\"lazy\" decoding=\"async\" class=\"lazy wp-image-25784 lazy-loaded\" src=\"https:\/\/baskettotal.com.ar\/wp-content\/uploads\/2024\/12\/VL-1-1024x683.jpg\" sizes=\"auto, (max-width: 1024px) 100vw, 1024px\" srcset=\"https:\/\/baskettotal.com.ar\/wp-content\/uploads\/2024\/12\/VL-1-1024x683.jpg 1024w, https:\/\/baskettotal.com.ar\/wp-content\/uploads\/2024\/12\/VL-1-300x200.jpg 300w, https:\/\/baskettotal.com.ar\/wp-content\/uploads\/2024\/12\/VL-1-768x512.jpg 768w, https:\/\/baskettotal.com.ar\/wp-content\/uploads\/2024\/12\/VL-1.jpg 1040w\" alt=\"\" width=\"1024\" height=\"683\" data-lazy-type=\"image\" data-lazy-src=\"https:\/\/baskettotal.com.ar\/wp-content\/uploads\/2024\/12\/VL-1-1024x683.jpg\" data-lazy-srcset=\"https:\/\/baskettotal.com.ar\/wp-content\/uploads\/2024\/12\/VL-1-1024x683.jpg 1024w, https:\/\/baskettotal.com.ar\/wp-content\/uploads\/2024\/12\/VL-1-300x200.jpg 300w, https:\/\/baskettotal.com.ar\/wp-content\/uploads\/2024\/12\/VL-1-768x512.jpg 768w, https:\/\/baskettotal.com.ar\/wp-content\/uploads\/2024\/12\/VL-1.jpg 1040w\" data-lazy-sizes=\"(max-width: 1024px) 100vw, 1024px\" \/><\/a><\/figure>\n<p>En esta oportunidad, para despedir el 2024, el club Villa Libertad llev\u00f3 adelante una despedida familiar \u201ca la canasta\u201d con juegos, recreaci\u00f3n y muchas propuestas m\u00e1s que hicieron una tarde \u2013 noche muy completa junto a los chicos de las distintas categor\u00edas junto a los padres y profesores que acompa\u00f1an en todo momento. \u201cTambi\u00e9n durante este cierre del a\u00f1o tuvimos varias visitas, tales como el seleccionado juvenil de Chaco campe\u00f3n del a\u00f1o 1976; es lo que buscamos nosotros, que nos visiten gente que quieran el b\u00e1squet con pasi\u00f3n\u201d, resaltando a su vez que \u201ctambi\u00e9n agradecemos al entrenador Sergio Ruberto y al periodista Hugo Mierez por ser parte de los festejos de fin de a\u00f1o\u201d.<\/p>\n<figure class=\"wp-block-image size-large\"><a href=\"https:\/\/baskettotal.com.ar\/wp-content\/uploads\/2024\/12\/VL-5.jpg\"><img loading=\"lazy\" decoding=\"async\" class=\"lazy wp-image-25785 lazy-loaded\" src=\"https:\/\/baskettotal.com.ar\/wp-content\/uploads\/2024\/12\/VL-5-1024x695.jpg\" sizes=\"auto, (max-width: 1024px) 100vw, 1024px\" srcset=\"https:\/\/baskettotal.com.ar\/wp-content\/uploads\/2024\/12\/VL-5-1024x695.jpg 1024w, https:\/\/baskettotal.com.ar\/wp-content\/uploads\/2024\/12\/VL-5-300x204.jpg 300w, https:\/\/baskettotal.com.ar\/wp-content\/uploads\/2024\/12\/VL-5-768x521.jpg 768w, https:\/\/baskettotal.com.ar\/wp-content\/uploads\/2024\/12\/VL-5.jpg 1040w\" alt=\"\" width=\"1024\" height=\"695\" data-lazy-type=\"image\" data-lazy-src=\"https:\/\/baskettotal.com.ar\/wp-content\/uploads\/2024\/12\/VL-5-1024x695.jpg\" data-lazy-srcset=\"https:\/\/baskettotal.com.ar\/wp-content\/uploads\/2024\/12\/VL-5-1024x695.jpg 1024w, https:\/\/baskettotal.com.ar\/wp-content\/uploads\/2024\/12\/VL-5-300x204.jpg 300w, https:\/\/baskettotal.com.ar\/wp-content\/uploads\/2024\/12\/VL-5-768x521.jpg 768w, https:\/\/baskettotal.com.ar\/wp-content\/uploads\/2024\/12\/VL-5.jpg 1040w\" data-lazy-sizes=\"auto, (max-width: 1024px) 100vw, 1024px\" \/><\/a><\/figure>\n<p>\u201cEstamos trabajando para solicitar al Gobierno provincial, a trav\u00e9s de Loter\u00eda Chaque\u00f1a, Instituto del Deporte , Municipalidad de Resistencia o el organismo que corresponda, que nuestro club est\u00e1 creciendo y nos est\u00e1n pidiendo cada el techado del club, ya que para seguir creciendo necesitamos infraestructura, ante el fr\u00edo o calor\u201d.<\/p>\n<p><img loading=\"lazy\" decoding=\"async\" class=\" wp-image-9671 aligncenter\" src=\"https:\/\/www.sportchaco.com.ar\/wp-content\/uploads\/2024\/05\/Nachec1-200x200-1.gif\" alt=\"\" width=\"256\" height=\"256\" \/><\/p>\n<\/div>\n<\/div>\n<\/div>\n<\/div>\n","protected":false},"excerpt":{"rendered":"<p>02-01-2025 D\u00edas atr\u00e1s, el club Villa Libertad de la ciudad de Resistencia finaliz\u00f3 la temporada 2024 en todas sus categor\u00edas, desde minib\u00e1squet hasta U12, tanto en la rama femenina como masculina. En este marco, el coordinador y entrenador principal de la zona sur, Jos\u00e9 Valant, realiz\u00f3 un balance de este a\u00f1o, afirmando que \u201cse cumplieron &hellip;<\/p>\n","protected":false},"author":2,"featured_media":15556,"comment_status":"open","ping_status":"open","sticky":false,"template":"","format":"standard","meta":{"footnotes":""},"categories":[3],"tags":[],"class_list":["post-15555","post","type-post","status-publish","format-standard","has-post-thumbnail","hentry","category-basquetbol"],"_links":{"self":[{"href":"https:\/\/www.sportchaco.com.ar\/index.php?rest_route=\/wp\/v2\/posts\/15555","targetHints":{"allow":["GET"]}}],"collection":[{"href":"https:\/\/www.sportchaco.com.ar\/index.php?rest_route=\/wp\/v2\/posts"}],"about":[{"href":"https:\/\/www.sportchaco.com.ar\/index.php?rest_route=\/wp\/v2\/types\/post"}],"author":[{"embeddable":true,"href":"https:\/\/www.sportchaco.com.ar\/index.php?rest_route=\/wp\/v2\/users\/2"}],"replies":[{"embeddable":true,"href":"https:\/\/www.sportchaco.com.ar\/index.php?rest_route=%2Fwp%2Fv2%2Fcomments&post=15555"}],"version-history":[{"count":3,"href":"https:\/\/www.sportchaco.com.ar\/index.php?rest_route=\/wp\/v2\/posts\/15555\/revisions"}],"predecessor-version":[{"id":15559,"href":"https:\/\/www.sportchaco.com.ar\/index.php?rest_route=\/wp\/v2\/posts\/15555\/revisions\/15559"}],"wp:featuredmedia":[{"embeddable":true,"href":"https:\/\/www.sportchaco.com.ar\/index.php?rest_route=\/wp\/v2\/media\/15556"}],"wp:attachment":[{"href":"https:\/\/www.sportchaco.com.ar\/index.php?rest_route=%2Fwp%2Fv2%2Fmedia&parent=15555"}],"wp:term":[{"taxonomy":"category","embeddable":true,"href":"https:\/\/www.sportchaco.com.ar\/index.php?rest_route=%2Fwp%2Fv2%2Fcategories&post=15555"},{"taxonomy":"post_tag","embeddable":true,"href":"https:\/\/www.sportchaco.com.ar\/index.php?rest_route=%2Fwp%2Fv2%2Ftags&post=15555"}],"curies":[{"name":"wp","href":"https:\/\/api.w.org\/{rel}","templated":true}]}}