{"id":15578,"date":"2025-01-03T12:10:02","date_gmt":"2025-01-03T15:10:02","guid":{"rendered":"https:\/\/www.sportchaco.com.ar\/?p=15578"},"modified":"2025-01-03T12:10:02","modified_gmt":"2025-01-03T15:10:02","slug":"regatas-cerro-un-2024-dejando-en-claro-su-potencial-deportivo-y-de-infraestructura","status":"publish","type":"post","link":"https:\/\/www.sportchaco.com.ar\/?p=15578","title":{"rendered":"Regatas cerr\u00f3 un 2024 dejando en claro su potencial deportivo y de infraestructura"},"content":{"rendered":"<p><strong>03-01-2025<\/strong><\/p>\n<p><img loading=\"lazy\" decoding=\"async\" class=\" wp-image-9468 aligncenter\" src=\"https:\/\/www.sportchaco.com.ar\/wp-content\/uploads\/2024\/05\/Nachec-728x90-2-300x37.gif\" alt=\"\" width=\"430\" height=\"53\" \/><\/p>\n<p>El b\u00e1squet de la instituci\u00f3n culmina este a\u00f1o como uno de los principales animadores de la competencia a nivel provincial, adem\u00e1s de tener una buena performance en todas sus categor\u00edas. Desde la subcomisi\u00f3n se trabaja fuertemente en todos los aspectos a trav\u00e9s de un equipo de trabajo que tiene como presidente a Dimas Segovia.<\/p>\n<p>\u00abSi bien hace muy poco asumimos como Subcomisi\u00f3n de B\u00e1squet, estamos muy contentos, ya que esto surge de un grupo de amigos y padres con entusiasmo y fuerza de trabajo por el bien de todo el b\u00e1squet de Regatas y darle la importancia que merece cada una de las categor\u00edas, desde \u00abMosquito\u00bb hasta la Primera\u00bb, expres\u00f3 Albertina Tomassone, quien es la secretaria de la Subcomisi\u00f3n de B\u00e1squet de Regatas Resistencia.<\/p>\n<figure class=\"wp-block-image size-full\"><a href=\"https:\/\/baskettotal.com.ar\/wp-content\/uploads\/2025\/01\/CRR-4.jpg\"><img loading=\"lazy\" decoding=\"async\" class=\"lazy wp-image-25796 lazy-loaded\" src=\"https:\/\/baskettotal.com.ar\/wp-content\/uploads\/2025\/01\/CRR-4.jpg\" sizes=\"auto, (max-width: 585px) 100vw, 585px\" srcset=\"https:\/\/baskettotal.com.ar\/wp-content\/uploads\/2025\/01\/CRR-4.jpg 585w, https:\/\/baskettotal.com.ar\/wp-content\/uploads\/2025\/01\/CRR-4-225x300.jpg 225w\" alt=\"\" width=\"585\" height=\"780\" data-lazy-type=\"image\" data-lazy-src=\"https:\/\/baskettotal.com.ar\/wp-content\/uploads\/2025\/01\/CRR-4.jpg\" data-lazy-srcset=\"https:\/\/baskettotal.com.ar\/wp-content\/uploads\/2025\/01\/CRR-4.jpg 585w, https:\/\/baskettotal.com.ar\/wp-content\/uploads\/2025\/01\/CRR-4-225x300.jpg 225w\" data-lazy-sizes=\"(max-width: 585px) 100vw, 585px\" \/><\/a><\/figure>\n<p>En este marco, en diciembre, d\u00edas antes de las fiestas de Navidad y A\u00f1o Nuevo, el b\u00e1squet de la instituci\u00f3n \u00abremera\u00bb tuvo su cierre de a\u00f1o \u00abcon una fiesta incre\u00edble, donde participaron las familias, jugadores y profesores\u00bb, destac\u00f3 Tomassone, a\u00f1adiendo a su vez que \u00abse hizo una gran cantina con venta de empanadas, hamburguesas, panchos y bebidas\u00bb.<\/p>\n<figure class=\"wp-block-image size-full\"><a href=\"https:\/\/baskettotal.com.ar\/wp-content\/uploads\/2025\/01\/CRR-2.jpg\"><img loading=\"lazy\" decoding=\"async\" class=\"lazy wp-image-25797 lazy-loaded\" src=\"https:\/\/baskettotal.com.ar\/wp-content\/uploads\/2025\/01\/CRR-2.jpg\" sizes=\"auto, (max-width: 585px) 100vw, 585px\" srcset=\"https:\/\/baskettotal.com.ar\/wp-content\/uploads\/2025\/01\/CRR-2.jpg 585w, https:\/\/baskettotal.com.ar\/wp-content\/uploads\/2025\/01\/CRR-2-225x300.jpg 225w\" alt=\"\" width=\"585\" height=\"780\" data-lazy-type=\"image\" data-lazy-src=\"https:\/\/baskettotal.com.ar\/wp-content\/uploads\/2025\/01\/CRR-2.jpg\" data-lazy-srcset=\"https:\/\/baskettotal.com.ar\/wp-content\/uploads\/2025\/01\/CRR-2.jpg 585w, https:\/\/baskettotal.com.ar\/wp-content\/uploads\/2025\/01\/CRR-2-225x300.jpg 225w\" data-lazy-sizes=\"(max-width: 585px) 100vw, 585px\" \/><\/a><\/figure>\n<p>\u00abEsto reci\u00e9n comienza, es un gran desaf\u00edo para nosotros como equipo y como grupo de trabajo; hay mucho por hacer, mucho por mejorar, pero siempre contando con el apoyo de las familias que son el gran sosten de todo esto\u00bb, destac\u00f3 y agradeci\u00f3 Tomassone.<\/p>\n<p>\u00abIniciamos con entusiasmo este a\u00f1o y las nuevas oportunidades que nos depara en lo referido al b\u00e1squet en nuestro amado club Regatas\u00bb, finaliz\u00f3.<\/p>\n<p><img loading=\"lazy\" decoding=\"async\" class=\" wp-image-9467 aligncenter\" src=\"https:\/\/www.sportchaco.com.ar\/wp-content\/uploads\/2024\/05\/Nachec1-300x250-1.gif\" alt=\"\" width=\"352\" height=\"293\" \/><\/p>\n","protected":false},"excerpt":{"rendered":"<p>03-01-2025 El b\u00e1squet de la instituci\u00f3n culmina este a\u00f1o como uno de los principales animadores de la competencia a nivel provincial, adem\u00e1s de tener una buena performance en todas sus categor\u00edas. Desde la subcomisi\u00f3n se trabaja fuertemente en todos los aspectos a trav\u00e9s de un equipo de trabajo que tiene como presidente a Dimas Segovia. &hellip;<\/p>\n","protected":false},"author":3,"featured_media":15579,"comment_status":"open","ping_status":"open","sticky":false,"template":"","format":"standard","meta":{"footnotes":""},"categories":[3],"tags":[],"class_list":["post-15578","post","type-post","status-publish","format-standard","has-post-thumbnail","hentry","category-basquetbol"],"_links":{"self":[{"href":"https:\/\/www.sportchaco.com.ar\/index.php?rest_route=\/wp\/v2\/posts\/15578","targetHints":{"allow":["GET"]}}],"collection":[{"href":"https:\/\/www.sportchaco.com.ar\/index.php?rest_route=\/wp\/v2\/posts"}],"about":[{"href":"https:\/\/www.sportchaco.com.ar\/index.php?rest_route=\/wp\/v2\/types\/post"}],"author":[{"embeddable":true,"href":"https:\/\/www.sportchaco.com.ar\/index.php?rest_route=\/wp\/v2\/users\/3"}],"replies":[{"embeddable":true,"href":"https:\/\/www.sportchaco.com.ar\/index.php?rest_route=%2Fwp%2Fv2%2Fcomments&post=15578"}],"version-history":[{"count":1,"href":"https:\/\/www.sportchaco.com.ar\/index.php?rest_route=\/wp\/v2\/posts\/15578\/revisions"}],"predecessor-version":[{"id":15580,"href":"https:\/\/www.sportchaco.com.ar\/index.php?rest_route=\/wp\/v2\/posts\/15578\/revisions\/15580"}],"wp:featuredmedia":[{"embeddable":true,"href":"https:\/\/www.sportchaco.com.ar\/index.php?rest_route=\/wp\/v2\/media\/15579"}],"wp:attachment":[{"href":"https:\/\/www.sportchaco.com.ar\/index.php?rest_route=%2Fwp%2Fv2%2Fmedia&parent=15578"}],"wp:term":[{"taxonomy":"category","embeddable":true,"href":"https:\/\/www.sportchaco.com.ar\/index.php?rest_route=%2Fwp%2Fv2%2Fcategories&post=15578"},{"taxonomy":"post_tag","embeddable":true,"href":"https:\/\/www.sportchaco.com.ar\/index.php?rest_route=%2Fwp%2Fv2%2Ftags&post=15578"}],"curies":[{"name":"wp","href":"https:\/\/api.w.org\/{rel}","templated":true}]}}