{"id":15581,"date":"2025-01-03T19:52:22","date_gmt":"2025-01-03T22:52:22","guid":{"rendered":"https:\/\/www.sportchaco.com.ar\/?p=15581"},"modified":"2025-01-04T00:16:30","modified_gmt":"2025-01-04T03:16:30","slug":"for-ever-dio-inicio-a-su-pretemporada-pensando-en-la-primera-nacional-2025","status":"publish","type":"post","link":"https:\/\/www.sportchaco.com.ar\/?p=15581","title":{"rendered":"For Ever dio inicio a su pretemporada pensando en la Primera Nacional 2025"},"content":{"rendered":"<p><strong>03-01-2025<\/strong><\/p>\n<p><img loading=\"lazy\" decoding=\"async\" class=\" wp-image-11990 aligncenter\" src=\"https:\/\/www.sportchaco.com.ar\/wp-content\/uploads\/2024\/07\/Copy-of-CHACO-JUEGA-BANNERS-1_1200X200-1-300x50.gif\" alt=\"\" width=\"366\" height=\"61\" srcset=\"https:\/\/www.sportchaco.com.ar\/wp-content\/uploads\/2024\/07\/Copy-of-CHACO-JUEGA-BANNERS-1_1200X200-1-300x50.gif 300w, https:\/\/www.sportchaco.com.ar\/wp-content\/uploads\/2024\/07\/Copy-of-CHACO-JUEGA-BANNERS-1_1200X200-1-1024x171.gif 1024w, https:\/\/www.sportchaco.com.ar\/wp-content\/uploads\/2024\/07\/Copy-of-CHACO-JUEGA-BANNERS-1_1200X200-1-768x128.gif 768w\" sizes=\"auto, (max-width: 366px) 100vw, 366px\" \/><\/p>\n<p>Durante la tarde del viernes, la dirigencia de For Ever present\u00f3 oficialmente al plantel profesional que disputar\u00e1 la temporada 2025 de la Primera Nacional. En esta oportunidad, el presidente H\u00e9ctor G\u00f3mez dio la bienvenida a jugadores y cuerpo t\u00e9cnico, adem\u00e1s de brindar una rueda de prensa ante los medios de comunicaci\u00f3n presentes.<\/p>\n<p>Bajo las \u00f3rdenes del entrenador Ricardo Pancaldo, fueron 15 las caras nuevas que tendr\u00e1 que tendr\u00e1 el equipo chaque\u00f1o para esta temporada en la Primera Nacional, mismo n\u00famero que la cantidad de jugadores que, de no haber novedades, contin\u00faan en el club, dejando un total de 30 nombres a disposici\u00f3n del cuerpo t\u00e9cnico.<\/p>\n<p>Para resaltar que este a\u00f1o el equipo ya podr\u00e1 contar con su centro de entrenamiento, debido a que se est\u00e1n ultimando los detalles en el predio ubicado a la vera de la Ruta 16, en cercan\u00edas a Colonia Popular, lo le dar\u00e1 un alivio econ\u00f3mico a la instituci\u00f3n y podr\u00e1 mantener las buenas condiciones del campo de juego de la avenida 9 de julio.<\/p>\n<p><strong>\u201cArrancamos con las mejores expectativas\u201d<br \/>\n<\/strong>Al hacer uso de la palabra, el presidente de For Ever, H\u00e9ctor G\u00f3mez, expres\u00f3 que inicia esta temporada la instituci\u00f3n \u201cojal\u00e1 tengamos la suerte necesaria para acompa\u00f1ar ese proceso y que las cosas se puedan desarrollar de la mejor manera durante todo el a\u00f1o\u201d.<\/p>\n<p>\u201cEl comienzo es siempre importante en la pretemporada, porque en base a ese trabajo es lo que nos va a determinar nuestro proceso del a\u00f1o; arrancamos con las mejores expectativas\u201d.<\/p>\n<p><strong>\u201cTenemos que encontrar el funcionamiento\u201d<br \/>\n<\/strong>Por su parte, el flamante entrenador, Ricardo Pancaldo, manifest\u00f3 que \u201cuno trata de pensar en lo mejor, estar no corriendo peligro en la parte baja de las posiciones, pero tambi\u00e9n expectante en la parte de clasificaci\u00f3n, donde obviamente reci\u00e9n nos vamos a conocer con los chicos y tenemos que tener una pretemporada, en la cual tenemos que encontrar el funcionamiento, un equipo que coordine y que se conozcan entre ellos\u201d.<\/p>\n<p>\u201cUno siempre tiene sue\u00f1os y esos sue\u00f1os siempre son con cosas lindas; ojal\u00e1 que este sea un muy buen a\u00f1o de For Ever\u201d, finaliz\u00f3 Pancaldo.<\/p>\n<p><img loading=\"lazy\" decoding=\"async\" class=\"wp-image-15583 aligncenter\" src=\"https:\/\/www.sportchaco.com.ar\/wp-content\/uploads\/2025\/01\/DSC_1229-300x199.jpg\" alt=\"\" width=\"406\" height=\"269\" srcset=\"https:\/\/www.sportchaco.com.ar\/wp-content\/uploads\/2025\/01\/DSC_1229-300x199.jpg 300w, https:\/\/www.sportchaco.com.ar\/wp-content\/uploads\/2025\/01\/DSC_1229-1024x678.jpg 1024w, https:\/\/www.sportchaco.com.ar\/wp-content\/uploads\/2025\/01\/DSC_1229-768x509.jpg 768w, https:\/\/www.sportchaco.com.ar\/wp-content\/uploads\/2025\/01\/DSC_1229-1536x1017.jpg 1536w, https:\/\/www.sportchaco.com.ar\/wp-content\/uploads\/2025\/01\/DSC_1229-2048x1356.jpg 2048w\" sizes=\"auto, (max-width: 406px) 100vw, 406px\" \/><\/p>\n<p><strong>EL PLANTEL<br \/>\n<\/strong>El plantel de Chaco For Ever para esta temporada, estar\u00e1 conformado por:<br \/>\n<strong>Arqueros:<\/strong> Gast\u00f3n Canuto, Leandro Ledesma, Leonardo Garcete y Nicol\u00e1s Caprio (refuerzo).<br \/>\n<strong>Defensores:<\/strong> Maximiliano Romero,\u00a0 Lucio P\u00e9rez, Tiago Chamorro, David Valdez, Mathias Silvera, H\u00e9ctor Zabala, Mauricio Rosales (refuerzo), Alan Luque (refuerzo), Jonathan Fleita (refuerzo) y Gino Barbieri (refuerzo).<br \/>\n<strong>Mediocampista\/volantes:<\/strong> Santiago Valenzuela, Gonzalo Ca\u00f1ete, Brandon Obreg\u00f3n, Franco Perinciolo, Joaqu\u00edn Jara (refuerzo), Robertino Seratto (refuerzo), Juan Manuel Carrizo (refuerzo), Brian Guerra (refuerzo), Braulio Zanello (refuerzo) y Santiago Ubeda (refuerzo).<br \/>\n<strong>Delanteros:<\/strong> Alejandro Aquino, Imanol Enr\u00edquez, Mat\u00edas Romero (refuerzo), Leonardo Marinucci (refuerzo), Joaqu\u00edn Mateo (refuerzo) y Lucas Rebecchi (refuerzo).<\/p>\n<p><img loading=\"lazy\" decoding=\"async\" class=\" wp-image-13753 aligncenter\" src=\"https:\/\/www.sportchaco.com.ar\/wp-content\/uploads\/2024\/10\/CHACO-JUEGA-BANNERS-1_250X250-1.gif\" alt=\"\" width=\"341\" height=\"341\" \/><\/p>\n","protected":false},"excerpt":{"rendered":"<p>03-01-2025 Durante la tarde del viernes, la dirigencia de For Ever present\u00f3 oficialmente al plantel profesional que disputar\u00e1 la temporada 2025 de la Primera Nacional. En esta oportunidad, el presidente H\u00e9ctor G\u00f3mez dio la bienvenida a jugadores y cuerpo t\u00e9cnico, adem\u00e1s de brindar una rueda de prensa ante los medios de comunicaci\u00f3n presentes. Bajo las &hellip;<\/p>\n","protected":false},"author":3,"featured_media":15582,"comment_status":"open","ping_status":"open","sticky":false,"template":"","format":"standard","meta":{"footnotes":""},"categories":[5],"tags":[],"class_list":["post-15581","post","type-post","status-publish","format-standard","has-post-thumbnail","hentry","category-futbol"],"_links":{"self":[{"href":"https:\/\/www.sportchaco.com.ar\/index.php?rest_route=\/wp\/v2\/posts\/15581","targetHints":{"allow":["GET"]}}],"collection":[{"href":"https:\/\/www.sportchaco.com.ar\/index.php?rest_route=\/wp\/v2\/posts"}],"about":[{"href":"https:\/\/www.sportchaco.com.ar\/index.php?rest_route=\/wp\/v2\/types\/post"}],"author":[{"embeddable":true,"href":"https:\/\/www.sportchaco.com.ar\/index.php?rest_route=\/wp\/v2\/users\/3"}],"replies":[{"embeddable":true,"href":"https:\/\/www.sportchaco.com.ar\/index.php?rest_route=%2Fwp%2Fv2%2Fcomments&post=15581"}],"version-history":[{"count":3,"href":"https:\/\/www.sportchaco.com.ar\/index.php?rest_route=\/wp\/v2\/posts\/15581\/revisions"}],"predecessor-version":[{"id":15589,"href":"https:\/\/www.sportchaco.com.ar\/index.php?rest_route=\/wp\/v2\/posts\/15581\/revisions\/15589"}],"wp:featuredmedia":[{"embeddable":true,"href":"https:\/\/www.sportchaco.com.ar\/index.php?rest_route=\/wp\/v2\/media\/15582"}],"wp:attachment":[{"href":"https:\/\/www.sportchaco.com.ar\/index.php?rest_route=%2Fwp%2Fv2%2Fmedia&parent=15581"}],"wp:term":[{"taxonomy":"category","embeddable":true,"href":"https:\/\/www.sportchaco.com.ar\/index.php?rest_route=%2Fwp%2Fv2%2Fcategories&post=15581"},{"taxonomy":"post_tag","embeddable":true,"href":"https:\/\/www.sportchaco.com.ar\/index.php?rest_route=%2Fwp%2Fv2%2Ftags&post=15581"}],"curies":[{"name":"wp","href":"https:\/\/api.w.org\/{rel}","templated":true}]}}