{"id":15585,"date":"2025-01-03T21:19:49","date_gmt":"2025-01-04T00:19:49","guid":{"rendered":"https:\/\/www.sportchaco.com.ar\/?p=15585"},"modified":"2025-01-03T21:19:49","modified_gmt":"2025-01-04T00:19:49","slug":"sarmiento-lanza-su-temporada-de-verano-2025","status":"publish","type":"post","link":"https:\/\/www.sportchaco.com.ar\/?p=15585","title":{"rendered":"Sarmiento lanza su temporada de verano 2025"},"content":{"rendered":"<p><strong>03-01-2025<\/strong><\/p>\n<p><img loading=\"lazy\" decoding=\"async\" class=\" wp-image-9640 aligncenter\" src=\"https:\/\/www.sportchaco.com.ar\/wp-content\/uploads\/2024\/05\/gob-obras-marzo-apaisado-300x29.gif\" alt=\"\" width=\"434\" height=\"42\" srcset=\"https:\/\/www.sportchaco.com.ar\/wp-content\/uploads\/2024\/05\/gob-obras-marzo-apaisado-300x29.gif 300w, https:\/\/www.sportchaco.com.ar\/wp-content\/uploads\/2024\/05\/gob-obras-marzo-apaisado-768x74.gif 768w\" sizes=\"auto, (max-width: 434px) 100vw, 434px\" \/><\/p>\n<p>El Club Atl\u00e9tico Sarmiento realizar\u00e1 este s\u00e1bado, a las 18 horas, el comienzo de la temporada de verano 2025. Las actividades comenzar\u00e1n desde las primeras horas del d\u00eda, para desembocar en el acto protocolar que se llevar\u00e1 acabo con la participaci\u00f3n de el presidente de la Instituci\u00f3n, Mauricio Gonz\u00e1lez, el vicepresidente, Lucas Vallejo, y toda la Comisi\u00f3n Directiva.<\/p>\n<p>El evento contar\u00e1 con una gran variedad de entretenimientos y opciones para la familia, como ser las siguientes:<br \/>\n\u2022 DJ y m\u00fasica en vivo<br \/>\n\u2022 Sorteos<br \/>\n\u2022 Food truks<br \/>\n\u2022 Entregas de diplomas a la primera temporada de Colonia de Vacaciones<\/p>\n<p><img loading=\"lazy\" decoding=\"async\" class=\" wp-image-9818 aligncenter\" src=\"https:\/\/www.sportchaco.com.ar\/wp-content\/uploads\/2024\/05\/gobierno-paisaje-300x116.png\" alt=\"\" width=\"383\" height=\"148\" srcset=\"https:\/\/www.sportchaco.com.ar\/wp-content\/uploads\/2024\/05\/gobierno-paisaje-300x116.png 300w, https:\/\/www.sportchaco.com.ar\/wp-content\/uploads\/2024\/05\/gobierno-paisaje-768x297.png 768w, https:\/\/www.sportchaco.com.ar\/wp-content\/uploads\/2024\/05\/gobierno-paisaje.png 800w\" sizes=\"auto, (max-width: 383px) 100vw, 383px\" \/><\/p>\n","protected":false},"excerpt":{"rendered":"<p>03-01-2025 El Club Atl\u00e9tico Sarmiento realizar\u00e1 este s\u00e1bado, a las 18 horas, el comienzo de la temporada de verano 2025. Las actividades comenzar\u00e1n desde las primeras horas del d\u00eda, para desembocar en el acto protocolar que se llevar\u00e1 acabo con la participaci\u00f3n de el presidente de la Instituci\u00f3n, Mauricio Gonz\u00e1lez, el vicepresidente, Lucas Vallejo, y &hellip;<\/p>\n","protected":false},"author":3,"featured_media":15586,"comment_status":"open","ping_status":"open","sticky":false,"template":"","format":"standard","meta":{"footnotes":""},"categories":[44],"tags":[],"class_list":["post-15585","post","type-post","status-publish","format-standard","has-post-thumbnail","hentry","category-varios"],"_links":{"self":[{"href":"https:\/\/www.sportchaco.com.ar\/index.php?rest_route=\/wp\/v2\/posts\/15585","targetHints":{"allow":["GET"]}}],"collection":[{"href":"https:\/\/www.sportchaco.com.ar\/index.php?rest_route=\/wp\/v2\/posts"}],"about":[{"href":"https:\/\/www.sportchaco.com.ar\/index.php?rest_route=\/wp\/v2\/types\/post"}],"author":[{"embeddable":true,"href":"https:\/\/www.sportchaco.com.ar\/index.php?rest_route=\/wp\/v2\/users\/3"}],"replies":[{"embeddable":true,"href":"https:\/\/www.sportchaco.com.ar\/index.php?rest_route=%2Fwp%2Fv2%2Fcomments&post=15585"}],"version-history":[{"count":1,"href":"https:\/\/www.sportchaco.com.ar\/index.php?rest_route=\/wp\/v2\/posts\/15585\/revisions"}],"predecessor-version":[{"id":15587,"href":"https:\/\/www.sportchaco.com.ar\/index.php?rest_route=\/wp\/v2\/posts\/15585\/revisions\/15587"}],"wp:featuredmedia":[{"embeddable":true,"href":"https:\/\/www.sportchaco.com.ar\/index.php?rest_route=\/wp\/v2\/media\/15586"}],"wp:attachment":[{"href":"https:\/\/www.sportchaco.com.ar\/index.php?rest_route=%2Fwp%2Fv2%2Fmedia&parent=15585"}],"wp:term":[{"taxonomy":"category","embeddable":true,"href":"https:\/\/www.sportchaco.com.ar\/index.php?rest_route=%2Fwp%2Fv2%2Fcategories&post=15585"},{"taxonomy":"post_tag","embeddable":true,"href":"https:\/\/www.sportchaco.com.ar\/index.php?rest_route=%2Fwp%2Fv2%2Ftags&post=15585"}],"curies":[{"name":"wp","href":"https:\/\/api.w.org\/{rel}","templated":true}]}}