{"id":1560,"date":"2023-10-09T23:29:28","date_gmt":"2023-10-10T02:29:28","guid":{"rendered":"https:\/\/www.sportchaco.com.ar\/?p=1560"},"modified":"2023-10-09T23:29:28","modified_gmt":"2023-10-10T02:29:28","slug":"efemerides-del-deporte-chaqueno-7","status":"publish","type":"post","link":"https:\/\/www.sportchaco.com.ar\/?p=1560","title":{"rendered":"Efem\u00e9rides del deporte chaque\u00f1o"},"content":{"rendered":"<p><strong>Efem\u00e9rides del deporte chaque\u00f1o de un 10 de octubre por el periodista Luis Dar\u00edo Molodezky.<\/strong><\/p>\n<p><strong><em>\u00a0<\/em><\/strong><\/p>\n<p><strong>1971 <\/strong>\/ Se corre la Vuelta de S\u00e1enz Pe\u00f1a de Ciclismo,ganada por el correntino Jos\u00e9 Escalante, seguido por el local Juan Carlos Leyes.<\/p>\n<p>&nbsp;<\/p>\n<p><strong>1986 <\/strong>\/ Finaliza en Resistencia el XVI Congreso de la Federaci\u00f3n Argentina de Periodistas Deportivos y organizado por el C\u00edrculo del Chaco. En la oportunidad fue reelecto presidente Rodolfo Echegaray. Por primera vez Chaco se integra a la comisi\u00f3n nacional con la designaci\u00f3n de Ram\u00f3n Gonz\u00e1lez como vocal.<\/p>\n<p>&nbsp;<\/p>\n<p><strong>1997 \/<\/strong> Carlos Gabriel Salazar defiende con \u00e9xito el t\u00edtulo mundial OMB al vencer por puntos en 15 asaltos al mexicano Everaldo Morales, en un festival desarrollado en el club de Regatas<\/p>\n<p><strong>1999 <\/strong>\/ Ignacio Mat\u00edas Romano se consagra campe\u00f3n argentino cadetes de salto en largo, en Concepci\u00f3n del Uruguay, Entre R\u00edos, con una marca de 6.50 metros. Mejor\u00f3 su marca el 28 de noviembre de ese a\u00f1o con 6,52 metros, ubic\u00e1ndose quinto en el Argentino de Menores.<\/p>\n<p><strong>2017 \/<\/strong> Fallece a los 71 a\u00f1os H\u00e9ctor Alejandro Parmetler (Cacho), ex jugador de For Ever, form\u00e1ndose en el semillero albinegro y debut\u00f3 en la primera en la victoria 3-2 sobre Don Orione en 1967, con Teodoro Maidana como t\u00e9cnico. Jug\u00f3 seis temporadas logrando cuatro t\u00edtulos. \u00a0Hab\u00eda nacido un 3 de mayo de 1947.<\/p>\n<p>&nbsp;<\/p>\n<p>Foto de Cacho Palmetler<\/p>\n","protected":false},"excerpt":{"rendered":"<p>Efem\u00e9rides del deporte chaque\u00f1o de un 10 de octubre por el periodista Luis Dar\u00edo Molodezky. \u00a0 1971 \/ Se corre la Vuelta de S\u00e1enz Pe\u00f1a de Ciclismo,ganada por el correntino Jos\u00e9 Escalante, seguido por el local Juan Carlos Leyes. &nbsp; 1986 \/ Finaliza en Resistencia el XVI Congreso de la Federaci\u00f3n Argentina de Periodistas Deportivos &hellip;<\/p>\n","protected":false},"author":2,"featured_media":1561,"comment_status":"open","ping_status":"open","sticky":false,"template":"","format":"standard","meta":{"footnotes":""},"categories":[45],"tags":[],"class_list":["post-1560","post","type-post","status-publish","format-standard","has-post-thumbnail","hentry","category-efemerides-dia-por-dia"],"_links":{"self":[{"href":"https:\/\/www.sportchaco.com.ar\/index.php?rest_route=\/wp\/v2\/posts\/1560","targetHints":{"allow":["GET"]}}],"collection":[{"href":"https:\/\/www.sportchaco.com.ar\/index.php?rest_route=\/wp\/v2\/posts"}],"about":[{"href":"https:\/\/www.sportchaco.com.ar\/index.php?rest_route=\/wp\/v2\/types\/post"}],"author":[{"embeddable":true,"href":"https:\/\/www.sportchaco.com.ar\/index.php?rest_route=\/wp\/v2\/users\/2"}],"replies":[{"embeddable":true,"href":"https:\/\/www.sportchaco.com.ar\/index.php?rest_route=%2Fwp%2Fv2%2Fcomments&post=1560"}],"version-history":[{"count":1,"href":"https:\/\/www.sportchaco.com.ar\/index.php?rest_route=\/wp\/v2\/posts\/1560\/revisions"}],"predecessor-version":[{"id":1562,"href":"https:\/\/www.sportchaco.com.ar\/index.php?rest_route=\/wp\/v2\/posts\/1560\/revisions\/1562"}],"wp:featuredmedia":[{"embeddable":true,"href":"https:\/\/www.sportchaco.com.ar\/index.php?rest_route=\/wp\/v2\/media\/1561"}],"wp:attachment":[{"href":"https:\/\/www.sportchaco.com.ar\/index.php?rest_route=%2Fwp%2Fv2%2Fmedia&parent=1560"}],"wp:term":[{"taxonomy":"category","embeddable":true,"href":"https:\/\/www.sportchaco.com.ar\/index.php?rest_route=%2Fwp%2Fv2%2Fcategories&post=1560"},{"taxonomy":"post_tag","embeddable":true,"href":"https:\/\/www.sportchaco.com.ar\/index.php?rest_route=%2Fwp%2Fv2%2Ftags&post=1560"}],"curies":[{"name":"wp","href":"https:\/\/api.w.org\/{rel}","templated":true}]}}