{"id":15623,"date":"2025-01-05T16:00:26","date_gmt":"2025-01-05T19:00:26","guid":{"rendered":"https:\/\/www.sportchaco.com.ar\/?p=15623"},"modified":"2025-01-05T16:00:26","modified_gmt":"2025-01-05T19:00:26","slug":"hercules-comienza-a-moverse-en-el-2025-llega-mauro-alekzandrowicz","status":"publish","type":"post","link":"https:\/\/www.sportchaco.com.ar\/?p=15623","title":{"rendered":"H\u00e9rcules comienza a moverse en el 2025; llega Mauro Alekzandrowicz"},"content":{"rendered":"<p><strong>05-01-2025<\/strong><\/p>\n<p><img loading=\"lazy\" decoding=\"async\" class=\" wp-image-11424 aligncenter\" src=\"https:\/\/www.sportchaco.com.ar\/wp-content\/uploads\/2024\/07\/gob-salud-fijo-marzo-300x50.jpg\" alt=\"\" width=\"372\" height=\"62\" srcset=\"https:\/\/www.sportchaco.com.ar\/wp-content\/uploads\/2024\/07\/gob-salud-fijo-marzo-300x50.jpg 300w, https:\/\/www.sportchaco.com.ar\/wp-content\/uploads\/2024\/07\/gob-salud-fijo-marzo-1024x171.jpg 1024w, https:\/\/www.sportchaco.com.ar\/wp-content\/uploads\/2024\/07\/gob-salud-fijo-marzo-768x128.jpg 768w, https:\/\/www.sportchaco.com.ar\/wp-content\/uploads\/2024\/07\/gob-salud-fijo-marzo.jpg 1200w\" sizes=\"auto, (max-width: 372px) 100vw, 372px\" \/><\/p>\n<p>De cara a lo que ser\u00e1 un 2025 con mucha acci\u00f3n, donde H\u00e9rcules de Charata ya trabaja en lo que ser\u00e1 esta temporada en la Liga Federal de B\u00e1squet (LFF), en las \u00faltimas horas se sum\u00f3 a la instituci\u00f3n la experiencia y conocimientos del entrenador Mauro Alekzandrowicz, para comenzar a hilvanar el equipo para este a\u00f1o. Actualmente se est\u00e1 cambiando el piso de parquet de la cancha principal.<\/p>\n<figure class=\"wp-block-image size-full\"><a href=\"https:\/\/baskettotal.com.ar\/wp-content\/uploads\/2025\/01\/Hercules-2.jpg\"><img loading=\"lazy\" decoding=\"async\" class=\"lazy wp-image-25831 lazy-loaded\" src=\"https:\/\/baskettotal.com.ar\/wp-content\/uploads\/2025\/01\/Hercules-2.jpg\" sizes=\"auto, (max-width: 957px) 100vw, 957px\" srcset=\"https:\/\/baskettotal.com.ar\/wp-content\/uploads\/2025\/01\/Hercules-2.jpg 957w, https:\/\/baskettotal.com.ar\/wp-content\/uploads\/2025\/01\/Hercules-2-300x241.jpg 300w, https:\/\/baskettotal.com.ar\/wp-content\/uploads\/2025\/01\/Hercules-2-768x616.jpg 768w\" alt=\"\" width=\"957\" height=\"768\" data-lazy-type=\"image\" data-lazy-src=\"https:\/\/baskettotal.com.ar\/wp-content\/uploads\/2025\/01\/Hercules-2.jpg\" data-lazy-srcset=\"https:\/\/baskettotal.com.ar\/wp-content\/uploads\/2025\/01\/Hercules-2.jpg 957w, https:\/\/baskettotal.com.ar\/wp-content\/uploads\/2025\/01\/Hercules-2-300x241.jpg 300w, https:\/\/baskettotal.com.ar\/wp-content\/uploads\/2025\/01\/Hercules-2-768x616.jpg 768w\" data-lazy-sizes=\"(max-width: 957px) 100vw, 957px\" \/><\/a><\/figure>\n<p>Adem\u00e1s, este lunes 6, comienzan a trabajar todas las categor\u00edas del club H\u00e9rcules de Charata, desde minib\u00e1squet hasta U17, tanto en la rama masculina como femenina, de manera totalmente gratuita.<\/p>\n<p><strong>A continuaci\u00f3n, todos los horarios:<\/strong><br \/>\nPRE \u2013 MINI \/ MINI: 17, 30 horas.<br \/>\nU12 y U13: 18, 30 horas.<br \/>\nU15 y U17: 19, 30 horas.<\/p>\n<p><strong>\u201cEsperemos que sea un buen a\u00f1o y que se puedan ver todos los frutos\u201d<br \/>\n<\/strong>\u201cLa verdad que estoy muy contento con el nuevo desaf\u00edo del club, instituci\u00f3n que va creciendo tanto en la rama masculina como femenina\u201d, remarcando Alekzandrowicz \u201cla posibilidad de poder dirigir la Liga Federal, adem\u00e1s de que las categor\u00edas formativas (U13, U15, U17 y U21) comenzar\u00e1n a entrenar tambi\u00e9n con el profesor Diego Riboldi\u201d.<\/p>\n<p>\u201cAgradezco el recibimiento de la gente de H\u00e9rcules, como est\u00e1 el club, es un desaf\u00edo lindo, que me lleva a trabajar mucho para el futuro, poder prepararme de la mejor manera y sumarme a todo el trabajo que ven\u00edan haciendo; esperemos que sea un buen a\u00f1o y que se puedan ver todos los frutos\u201d, finaliz\u00f3 el el entrenador charatense.<\/p>\n<p><img loading=\"lazy\" decoding=\"async\" class=\" wp-image-10833 aligncenter\" src=\"https:\/\/www.sportchaco.com.ar\/wp-content\/uploads\/2024\/06\/gobierno-del-Chaco-300x297.jpg\" alt=\"\" width=\"346\" height=\"343\" srcset=\"https:\/\/www.sportchaco.com.ar\/wp-content\/uploads\/2024\/06\/gobierno-del-Chaco-300x297.jpg 300w, https:\/\/www.sportchaco.com.ar\/wp-content\/uploads\/2024\/06\/gobierno-del-Chaco-150x150.jpg 150w, https:\/\/www.sportchaco.com.ar\/wp-content\/uploads\/2024\/06\/gobierno-del-Chaco.jpg 442w\" sizes=\"auto, (max-width: 346px) 100vw, 346px\" \/><\/p>\n","protected":false},"excerpt":{"rendered":"<p>05-01-2025 De cara a lo que ser\u00e1 un 2025 con mucha acci\u00f3n, donde H\u00e9rcules de Charata ya trabaja en lo que ser\u00e1 esta temporada en la Liga Federal de B\u00e1squet (LFF), en las \u00faltimas horas se sum\u00f3 a la instituci\u00f3n la experiencia y conocimientos del entrenador Mauro Alekzandrowicz, para comenzar a hilvanar el equipo para &hellip;<\/p>\n","protected":false},"author":3,"featured_media":15624,"comment_status":"open","ping_status":"open","sticky":false,"template":"","format":"standard","meta":{"footnotes":""},"categories":[3],"tags":[],"class_list":["post-15623","post","type-post","status-publish","format-standard","has-post-thumbnail","hentry","category-basquetbol"],"_links":{"self":[{"href":"https:\/\/www.sportchaco.com.ar\/index.php?rest_route=\/wp\/v2\/posts\/15623","targetHints":{"allow":["GET"]}}],"collection":[{"href":"https:\/\/www.sportchaco.com.ar\/index.php?rest_route=\/wp\/v2\/posts"}],"about":[{"href":"https:\/\/www.sportchaco.com.ar\/index.php?rest_route=\/wp\/v2\/types\/post"}],"author":[{"embeddable":true,"href":"https:\/\/www.sportchaco.com.ar\/index.php?rest_route=\/wp\/v2\/users\/3"}],"replies":[{"embeddable":true,"href":"https:\/\/www.sportchaco.com.ar\/index.php?rest_route=%2Fwp%2Fv2%2Fcomments&post=15623"}],"version-history":[{"count":1,"href":"https:\/\/www.sportchaco.com.ar\/index.php?rest_route=\/wp\/v2\/posts\/15623\/revisions"}],"predecessor-version":[{"id":15625,"href":"https:\/\/www.sportchaco.com.ar\/index.php?rest_route=\/wp\/v2\/posts\/15623\/revisions\/15625"}],"wp:featuredmedia":[{"embeddable":true,"href":"https:\/\/www.sportchaco.com.ar\/index.php?rest_route=\/wp\/v2\/media\/15624"}],"wp:attachment":[{"href":"https:\/\/www.sportchaco.com.ar\/index.php?rest_route=%2Fwp%2Fv2%2Fmedia&parent=15623"}],"wp:term":[{"taxonomy":"category","embeddable":true,"href":"https:\/\/www.sportchaco.com.ar\/index.php?rest_route=%2Fwp%2Fv2%2Fcategories&post=15623"},{"taxonomy":"post_tag","embeddable":true,"href":"https:\/\/www.sportchaco.com.ar\/index.php?rest_route=%2Fwp%2Fv2%2Ftags&post=15623"}],"curies":[{"name":"wp","href":"https:\/\/api.w.org\/{rel}","templated":true}]}}