{"id":15636,"date":"2025-01-06T22:08:31","date_gmt":"2025-01-07T01:08:31","guid":{"rendered":"https:\/\/www.sportchaco.com.ar\/?p=15636"},"modified":"2025-01-10T12:35:07","modified_gmt":"2025-01-10T15:35:07","slug":"castro-y-bruner-palpitan-la-segunda-parte-de-la-temporada-de-la-liga-argentina","status":"publish","type":"post","link":"https:\/\/www.sportchaco.com.ar\/?p=15636","title":{"rendered":"Castro y Bruner palpitan la segunda parte de la temporada de La Liga Argentina"},"content":{"rendered":"<p><strong>06-01-2025<\/strong><\/p>\n<p><img loading=\"lazy\" decoding=\"async\" class=\" wp-image-11424 aligncenter\" src=\"https:\/\/www.sportchaco.com.ar\/wp-content\/uploads\/2024\/07\/gob-salud-fijo-marzo-300x50.jpg\" alt=\"\" width=\"408\" height=\"68\" srcset=\"https:\/\/www.sportchaco.com.ar\/wp-content\/uploads\/2024\/07\/gob-salud-fijo-marzo-300x50.jpg 300w, https:\/\/www.sportchaco.com.ar\/wp-content\/uploads\/2024\/07\/gob-salud-fijo-marzo-1024x171.jpg 1024w, https:\/\/www.sportchaco.com.ar\/wp-content\/uploads\/2024\/07\/gob-salud-fijo-marzo-768x128.jpg 768w, https:\/\/www.sportchaco.com.ar\/wp-content\/uploads\/2024\/07\/gob-salud-fijo-marzo.jpg 1200w\" sizes=\"auto, (max-width: 408px) 100vw, 408px\" \/><\/p>\n<p>En las \u00faltimas horas, el equipo profesional de Villa San Mart\u00edn en La Liga Argentina de B\u00e1squet, puso en marcha la mini \u2013 pretemporada de cara al arranque del Torneo Clausura. Vale aclarar que el sistema de competencia de esta temporada est\u00e1 dividido en dos partes, Apertura y Clausura. El debut este a\u00f1o ser\u00e1 el 16 como visitante ante Montmartre de Catamarca.<\/p>\n<p>En este marco, el entrenador principal de Villa San Mart\u00edn, Gast\u00f3n Castro y el joven base del \u00abtricolor\u00bb Agust\u00edn Bruner, analizaron el comienzo de la mini \u2013 pretemporada del equipo, de cara al arranque del Torneo Clausura. En lo que respecta al Torneo Apertura, el elenco chaque\u00f1o alcanz\u00f3 las semifinales del Cuadrangular disputado en Suardi.<a href=\"https:\/\/baskettotal.com.ar\/wp-content\/uploads\/2025\/01\/Gaston-Castro.jpg\"><img loading=\"lazy\" decoding=\"async\" class=\"lazy wp-image-25843 lazy-loaded aligncenter\" src=\"https:\/\/baskettotal.com.ar\/wp-content\/uploads\/2025\/01\/Gaston-Castro.jpg\" sizes=\"auto, (max-width: 395px) 100vw, 395px\" srcset=\"https:\/\/baskettotal.com.ar\/wp-content\/uploads\/2025\/01\/Gaston-Castro.jpg 395w, https:\/\/baskettotal.com.ar\/wp-content\/uploads\/2025\/01\/Gaston-Castro-231x300.jpg 231w\" alt=\"\" width=\"395\" height=\"513\" data-lazy-type=\"image\" data-lazy-src=\"https:\/\/baskettotal.com.ar\/wp-content\/uploads\/2025\/01\/Gaston-Castro.jpg\" data-lazy-srcset=\"https:\/\/baskettotal.com.ar\/wp-content\/uploads\/2025\/01\/Gaston-Castro.jpg 395w, https:\/\/baskettotal.com.ar\/wp-content\/uploads\/2025\/01\/Gaston-Castro-231x300.jpg 231w\" data-lazy-sizes=\"(max-width: 395px) 100vw, 395px\" \/><\/a><\/p>\n<p><strong>\u00abSeguir peleando arriba\u00bb<br \/>\n<\/strong>En primer lugar, el entrenador Gast\u00f3n Castro afirm\u00f3 que \u00ablas expectativas para esta segunda parte del a\u00f1o son las de seguir peleando arriba, donde tuvimos una buena fase regular en el Torneo Apertura, quedando empatados con Independiente (SdE) y Comunicaciones (Corrientes) y eso nos tiene que servir de que en este torneo corto va a haber desempates, por lo que se vio en varios lugares\u00bb.<\/p>\n<p>\u00abVamos a tener que cuidar mucho la diferencia de gol y ver si estamos preparados para mantener el mismo ritmo de juego, tanto de local como visitante\u00bb, remarcando Gast\u00f3n Castro que \u00abva a ser un desaf\u00edo muy importante tratar de arrancar de la mejor manera, el equipo est\u00e1 bien y se siente c\u00f3modo\u00bb.<\/p>\n<p><strong>\u00abSent\u00ed que todos tuvieron mucha confianza en m\u00ed\u00bb<br \/>\n<\/strong>Por su parte, el joven base Agust\u00edn Bruner, celebr\u00f3 poder \u00ablograr un muy buen grupo entre todos, con mucha confianza, compa\u00f1erismo y creo que es una de las principales cosas del por qu\u00e9 nos esta yendo muy bien\u00bb.<\/p>\n<p>\u00abSent\u00ed que todos tuvieron mucha confianza en m\u00ed y eso me ayud\u00f3 a sentirme muy bien\u00bb, finaliz\u00f3 Bruner.<\/p>\n<p>&nbsp;<\/p>\n<p><em><strong>Fotos: Soledad Mordacini (Villa San Mart\u00edn).<\/strong><\/em><\/p>\n<p><img loading=\"lazy\" decoding=\"async\" class=\" wp-image-9818 aligncenter\" src=\"https:\/\/www.sportchaco.com.ar\/wp-content\/uploads\/2024\/05\/gobierno-paisaje-300x116.png\" alt=\"\" width=\"401\" height=\"155\" srcset=\"https:\/\/www.sportchaco.com.ar\/wp-content\/uploads\/2024\/05\/gobierno-paisaje-300x116.png 300w, https:\/\/www.sportchaco.com.ar\/wp-content\/uploads\/2024\/05\/gobierno-paisaje-768x297.png 768w, https:\/\/www.sportchaco.com.ar\/wp-content\/uploads\/2024\/05\/gobierno-paisaje.png 800w\" sizes=\"auto, (max-width: 401px) 100vw, 401px\" \/><\/p>\n","protected":false},"excerpt":{"rendered":"<p>06-01-2025 En las \u00faltimas horas, el equipo profesional de Villa San Mart\u00edn en La Liga Argentina de B\u00e1squet, puso en marcha la mini \u2013 pretemporada de cara al arranque del Torneo Clausura. Vale aclarar que el sistema de competencia de esta temporada est\u00e1 dividido en dos partes, Apertura y Clausura. El debut este a\u00f1o ser\u00e1 &hellip;<\/p>\n","protected":false},"author":3,"featured_media":15638,"comment_status":"open","ping_status":"open","sticky":false,"template":"","format":"standard","meta":{"footnotes":""},"categories":[3],"tags":[],"class_list":["post-15636","post","type-post","status-publish","format-standard","has-post-thumbnail","hentry","category-basquetbol"],"_links":{"self":[{"href":"https:\/\/www.sportchaco.com.ar\/index.php?rest_route=\/wp\/v2\/posts\/15636","targetHints":{"allow":["GET"]}}],"collection":[{"href":"https:\/\/www.sportchaco.com.ar\/index.php?rest_route=\/wp\/v2\/posts"}],"about":[{"href":"https:\/\/www.sportchaco.com.ar\/index.php?rest_route=\/wp\/v2\/types\/post"}],"author":[{"embeddable":true,"href":"https:\/\/www.sportchaco.com.ar\/index.php?rest_route=\/wp\/v2\/users\/3"}],"replies":[{"embeddable":true,"href":"https:\/\/www.sportchaco.com.ar\/index.php?rest_route=%2Fwp%2Fv2%2Fcomments&post=15636"}],"version-history":[{"count":2,"href":"https:\/\/www.sportchaco.com.ar\/index.php?rest_route=\/wp\/v2\/posts\/15636\/revisions"}],"predecessor-version":[{"id":15718,"href":"https:\/\/www.sportchaco.com.ar\/index.php?rest_route=\/wp\/v2\/posts\/15636\/revisions\/15718"}],"wp:featuredmedia":[{"embeddable":true,"href":"https:\/\/www.sportchaco.com.ar\/index.php?rest_route=\/wp\/v2\/media\/15638"}],"wp:attachment":[{"href":"https:\/\/www.sportchaco.com.ar\/index.php?rest_route=%2Fwp%2Fv2%2Fmedia&parent=15636"}],"wp:term":[{"taxonomy":"category","embeddable":true,"href":"https:\/\/www.sportchaco.com.ar\/index.php?rest_route=%2Fwp%2Fv2%2Fcategories&post=15636"},{"taxonomy":"post_tag","embeddable":true,"href":"https:\/\/www.sportchaco.com.ar\/index.php?rest_route=%2Fwp%2Fv2%2Ftags&post=15636"}],"curies":[{"name":"wp","href":"https:\/\/api.w.org\/{rel}","templated":true}]}}