{"id":15642,"date":"2025-01-07T14:39:24","date_gmt":"2025-01-07T17:39:24","guid":{"rendered":"https:\/\/www.sportchaco.com.ar\/?p=15642"},"modified":"2025-01-07T14:39:24","modified_gmt":"2025-01-07T17:39:24","slug":"este-miercoles-arranca-el-campus-de-verano-en-don-bosco","status":"publish","type":"post","link":"https:\/\/www.sportchaco.com.ar\/?p=15642","title":{"rendered":"Este mi\u00e9rcoles arranca el campus de verano en Don Bosco"},"content":{"rendered":"<p><strong>07-01-2025<\/strong><\/p>\n<p><img loading=\"lazy\" decoding=\"async\" class=\" wp-image-11990 aligncenter\" src=\"https:\/\/www.sportchaco.com.ar\/wp-content\/uploads\/2024\/07\/Copy-of-CHACO-JUEGA-BANNERS-1_1200X200-1-300x50.gif\" alt=\"\" width=\"414\" height=\"69\" srcset=\"https:\/\/www.sportchaco.com.ar\/wp-content\/uploads\/2024\/07\/Copy-of-CHACO-JUEGA-BANNERS-1_1200X200-1-300x50.gif 300w, https:\/\/www.sportchaco.com.ar\/wp-content\/uploads\/2024\/07\/Copy-of-CHACO-JUEGA-BANNERS-1_1200X200-1-1024x171.gif 1024w, https:\/\/www.sportchaco.com.ar\/wp-content\/uploads\/2024\/07\/Copy-of-CHACO-JUEGA-BANNERS-1_1200X200-1-768x128.gif 768w\" sizes=\"auto, (max-width: 414px) 100vw, 414px\" \/><\/p>\n<p>Este mi\u00e9rcoles 8, el Centro Deportivo Don Bosco pone en marcha su Campus de Verano 2025, destinado a todas las categor\u00edas formativas, donde tambi\u00e9n habr\u00e1 charlas con especialistas, hidrataci\u00f3n y stands saludables. Esta iniciativa deportiva se extender\u00e1 hasta el domingo 12, donde los jugadores recibir\u00e1n una musculosa del Campus.<\/p>\n<p>El horario del Campus de Verano 2025 ser\u00e1 de 17 a 19 horas, teniendo como entrenador cabeza a Facundo G\u00f3mez Brocal, quien estar\u00e1 acompa\u00f1ado por el entrenador de Primera y del minib\u00e1squet de esta instituci\u00f3n, Fernando Cristaldo y el preparador f\u00edsico Claudio R\u00edos, quien expondr\u00e1 una clase sobre la importancia de la preparaci\u00f3n f\u00edsica.<\/p>\n<p>Tambi\u00e9n dir\u00e1n presente en este Campus de Verano 2025, el kinesi\u00f3logo Gonzalo Caliva que brindar\u00e1 una charla sobre prevenci\u00f3n de lesiones y recuperaci\u00f3n parte pr\u00e1ctica y te\u00f3rica.<\/p>\n<p>Adem\u00e1s, durante esta semana netamente deportiva, el entrenador Fernando Cristaldo, quien a su vez es operador en psicolog\u00eda social, dar\u00e1 una charla sobre la importancia de psicolog\u00eda en el deporte.<\/p>\n<p>Otra de las propuestas deportivas tendr\u00e1 al jugador y profesor de nacionalidad serbia, Alexandrar Milovic, quien disertar\u00e1 sobre la influencia del estudio y el deporte para su carrera.<\/p>\n<p>Y finalmente, para cerrar una semana a puro b\u00e1squet, habr\u00e1 una jornada netamente de lanzamientos y competencias que tambi\u00e9n contar\u00e1 con la participaci\u00f3n de los jugadores de Primera del club Marcos Gauna y Maximiliano Aranda.<\/p>\n<p><img loading=\"lazy\" decoding=\"async\" class=\" wp-image-13753 aligncenter\" src=\"https:\/\/www.sportchaco.com.ar\/wp-content\/uploads\/2024\/10\/CHACO-JUEGA-BANNERS-1_250X250-1.gif\" alt=\"\" width=\"306\" height=\"306\" \/><\/p>\n","protected":false},"excerpt":{"rendered":"<p>07-01-2025 Este mi\u00e9rcoles 8, el Centro Deportivo Don Bosco pone en marcha su Campus de Verano 2025, destinado a todas las categor\u00edas formativas, donde tambi\u00e9n habr\u00e1 charlas con especialistas, hidrataci\u00f3n y stands saludables. Esta iniciativa deportiva se extender\u00e1 hasta el domingo 12, donde los jugadores recibir\u00e1n una musculosa del Campus. El horario del Campus de &hellip;<\/p>\n","protected":false},"author":3,"featured_media":15643,"comment_status":"open","ping_status":"open","sticky":false,"template":"","format":"standard","meta":{"footnotes":""},"categories":[3],"tags":[],"class_list":["post-15642","post","type-post","status-publish","format-standard","has-post-thumbnail","hentry","category-basquetbol"],"_links":{"self":[{"href":"https:\/\/www.sportchaco.com.ar\/index.php?rest_route=\/wp\/v2\/posts\/15642","targetHints":{"allow":["GET"]}}],"collection":[{"href":"https:\/\/www.sportchaco.com.ar\/index.php?rest_route=\/wp\/v2\/posts"}],"about":[{"href":"https:\/\/www.sportchaco.com.ar\/index.php?rest_route=\/wp\/v2\/types\/post"}],"author":[{"embeddable":true,"href":"https:\/\/www.sportchaco.com.ar\/index.php?rest_route=\/wp\/v2\/users\/3"}],"replies":[{"embeddable":true,"href":"https:\/\/www.sportchaco.com.ar\/index.php?rest_route=%2Fwp%2Fv2%2Fcomments&post=15642"}],"version-history":[{"count":1,"href":"https:\/\/www.sportchaco.com.ar\/index.php?rest_route=\/wp\/v2\/posts\/15642\/revisions"}],"predecessor-version":[{"id":15644,"href":"https:\/\/www.sportchaco.com.ar\/index.php?rest_route=\/wp\/v2\/posts\/15642\/revisions\/15644"}],"wp:featuredmedia":[{"embeddable":true,"href":"https:\/\/www.sportchaco.com.ar\/index.php?rest_route=\/wp\/v2\/media\/15643"}],"wp:attachment":[{"href":"https:\/\/www.sportchaco.com.ar\/index.php?rest_route=%2Fwp%2Fv2%2Fmedia&parent=15642"}],"wp:term":[{"taxonomy":"category","embeddable":true,"href":"https:\/\/www.sportchaco.com.ar\/index.php?rest_route=%2Fwp%2Fv2%2Fcategories&post=15642"},{"taxonomy":"post_tag","embeddable":true,"href":"https:\/\/www.sportchaco.com.ar\/index.php?rest_route=%2Fwp%2Fv2%2Ftags&post=15642"}],"curies":[{"name":"wp","href":"https:\/\/api.w.org\/{rel}","templated":true}]}}