{"id":15669,"date":"2025-01-08T23:01:47","date_gmt":"2025-01-09T02:01:47","guid":{"rendered":"https:\/\/www.sportchaco.com.ar\/?p=15669"},"modified":"2025-01-09T14:53:43","modified_gmt":"2025-01-09T17:53:43","slug":"manana-arranca-campus-de-verano-en-italiana","status":"publish","type":"post","link":"https:\/\/www.sportchaco.com.ar\/?p=15669","title":{"rendered":"Este viernes arranca Campus de Verano en Italiana"},"content":{"rendered":"<div class=\"xdj266r x11i5rnm xat24cr x1mh8g0r x1vvkbs x126k92a\">\n<div dir=\"auto\">\n<p><strong>09-01-2025<\/strong><\/p>\n<p>Campus de verano JCK en Asociaci\u00f3n Italiana comenzar\u00e1 este fin de semana con la presencia de Ariel Rearte, Paolo Quinteros, Ra\u00fal Baccal\u00e1, Juan Krogslund, Mauro Aleksandrowicz, Rub\u00e9n Zalazar, Roc\u00edo Lezcano y Pablo Tejedor.<\/p>\n<p>Los d\u00edas ser\u00e1n viernes 10, s\u00e1bado 11 y domingo 12 de Enero. Para la inscripci\u00f3n comunicarse al celular 3876 373707.<\/p>\n<\/div>\n<div dir=\"auto\"><\/div>\n<\/div>\n<div class=\"x11i5rnm xat24cr x1mh8g0r x1vvkbs xtlvy1s x126k92a\">\n<div dir=\"auto\"><img loading=\"lazy\" decoding=\"async\" class=\" wp-image-10833 aligncenter\" src=\"https:\/\/www.sportchaco.com.ar\/wp-content\/uploads\/2024\/06\/gobierno-del-Chaco-300x297.jpg\" alt=\"\" width=\"327\" height=\"324\" srcset=\"https:\/\/www.sportchaco.com.ar\/wp-content\/uploads\/2024\/06\/gobierno-del-Chaco-300x297.jpg 300w, https:\/\/www.sportchaco.com.ar\/wp-content\/uploads\/2024\/06\/gobierno-del-Chaco-150x150.jpg 150w, https:\/\/www.sportchaco.com.ar\/wp-content\/uploads\/2024\/06\/gobierno-del-Chaco.jpg 442w\" sizes=\"auto, (max-width: 327px) 100vw, 327px\" \/><\/div>\n<\/div>\n","protected":false},"excerpt":{"rendered":"<p>09-01-2025 Campus de verano JCK en Asociaci\u00f3n Italiana comenzar\u00e1 este fin de semana con la presencia de Ariel Rearte, Paolo Quinteros, Ra\u00fal Baccal\u00e1, Juan Krogslund, Mauro Aleksandrowicz, Rub\u00e9n Zalazar, Roc\u00edo Lezcano y Pablo Tejedor. Los d\u00edas ser\u00e1n viernes 10, s\u00e1bado 11 y domingo 12 de Enero. Para la inscripci\u00f3n comunicarse al celular 3876 373707.<\/p>\n","protected":false},"author":2,"featured_media":15670,"comment_status":"open","ping_status":"open","sticky":false,"template":"","format":"standard","meta":{"footnotes":""},"categories":[3],"tags":[],"class_list":["post-15669","post","type-post","status-publish","format-standard","has-post-thumbnail","hentry","category-basquetbol"],"_links":{"self":[{"href":"https:\/\/www.sportchaco.com.ar\/index.php?rest_route=\/wp\/v2\/posts\/15669","targetHints":{"allow":["GET"]}}],"collection":[{"href":"https:\/\/www.sportchaco.com.ar\/index.php?rest_route=\/wp\/v2\/posts"}],"about":[{"href":"https:\/\/www.sportchaco.com.ar\/index.php?rest_route=\/wp\/v2\/types\/post"}],"author":[{"embeddable":true,"href":"https:\/\/www.sportchaco.com.ar\/index.php?rest_route=\/wp\/v2\/users\/2"}],"replies":[{"embeddable":true,"href":"https:\/\/www.sportchaco.com.ar\/index.php?rest_route=%2Fwp%2Fv2%2Fcomments&post=15669"}],"version-history":[{"count":5,"href":"https:\/\/www.sportchaco.com.ar\/index.php?rest_route=\/wp\/v2\/posts\/15669\/revisions"}],"predecessor-version":[{"id":15697,"href":"https:\/\/www.sportchaco.com.ar\/index.php?rest_route=\/wp\/v2\/posts\/15669\/revisions\/15697"}],"wp:featuredmedia":[{"embeddable":true,"href":"https:\/\/www.sportchaco.com.ar\/index.php?rest_route=\/wp\/v2\/media\/15670"}],"wp:attachment":[{"href":"https:\/\/www.sportchaco.com.ar\/index.php?rest_route=%2Fwp%2Fv2%2Fmedia&parent=15669"}],"wp:term":[{"taxonomy":"category","embeddable":true,"href":"https:\/\/www.sportchaco.com.ar\/index.php?rest_route=%2Fwp%2Fv2%2Fcategories&post=15669"},{"taxonomy":"post_tag","embeddable":true,"href":"https:\/\/www.sportchaco.com.ar\/index.php?rest_route=%2Fwp%2Fv2%2Ftags&post=15669"}],"curies":[{"name":"wp","href":"https:\/\/api.w.org\/{rel}","templated":true}]}}