{"id":15711,"date":"2025-01-10T12:25:47","date_gmt":"2025-01-10T15:25:47","guid":{"rendered":"https:\/\/www.sportchaco.com.ar\/?p=15711"},"modified":"2025-01-10T12:35:22","modified_gmt":"2025-01-10T15:35:22","slug":"juan-delon-y-juan-vargas-se-van-para-sarmiento-de-formosa","status":"publish","type":"post","link":"https:\/\/www.sportchaco.com.ar\/?p=15711","title":{"rendered":"Juan Del\u00f3n y Juan Vargas se van para Sarmiento de Formosa"},"content":{"rendered":"<p><strong>10-01-2025<\/strong><\/p>\n<p><img loading=\"lazy\" decoding=\"async\" class=\" wp-image-6730 aligncenter\" src=\"https:\/\/www.sportchaco.com.ar\/wp-content\/uploads\/2024\/03\/aviso-colegios-acostado-1-300x50.jpg\" alt=\"\" width=\"414\" height=\"69\" srcset=\"https:\/\/www.sportchaco.com.ar\/wp-content\/uploads\/2024\/03\/aviso-colegios-acostado-1-300x50.jpg 300w, https:\/\/www.sportchaco.com.ar\/wp-content\/uploads\/2024\/03\/aviso-colegios-acostado-1-1024x171.jpg 1024w, https:\/\/www.sportchaco.com.ar\/wp-content\/uploads\/2024\/03\/aviso-colegios-acostado-1-768x128.jpg 768w, https:\/\/www.sportchaco.com.ar\/wp-content\/uploads\/2024\/03\/aviso-colegios-acostado-1.jpg 1200w\" sizes=\"auto, (max-width: 414px) 100vw, 414px\" \/><\/p>\n<p>De a poco, todos los equipos de la regi\u00f3n NEA empiezan a tomar forma y varios nombres ya fueron confirmados. En este sentido, Sarmiento de Formosa no es la excepci\u00f3n y en las \u00faltimas horas confirm\u00f3 la llegada de dos chaque\u00f1os, de Resistencia m\u00e1s precisamente, que vienen de hacer las cosas muy bien con sus respectivos clubes tanto a nivel local como provincial, como el entrenador Juan Vargas y el ala\u2013pivote y goleador Juan Del\u00f3n, para disputar la temporada 2025 con el elenco formose\u00f1o.<\/p>\n<p><strong>\u201cVoy a ir a dar todo lo que tenga\u201d<br \/>\n<\/strong>En primer lugar, el ala \u2013 pivote, goleador y recientemente campe\u00f3n del Pre \u2013 Federal 2024 con Hind\u00fa Club, Juan Del\u00f3n, confirm\u00f3 su llegada a Sarmiento de Formosa para disputar la temporada 2025 de la Liga Federal de B\u00e1squet. \u201cEstoy muy contento con esta nueva experiencia que se viene con Sarmiento, es una oportunidad que estuve buscando este \u00faltimo tiempo, voy a ir a dar todo lo que tenga y tratar de mejorar partido a partido\u201d, dej\u00f3 en claro Del\u00f3n.<\/p>\n<figure class=\"wp-block-image size-full\"><\/figure>\n<p><strong>\u201cDar un paso m\u00e1s\u201d<br \/>\n<\/strong>Por su parte, el buen entrenador Juan Vargas, donde viene de salir campe\u00f3n Asociativo con Regatas, adem\u00e1s de disputar una final del Pre \u2013 Federal a un muy buen nivel contra Hind\u00fa, buscar\u00e1 continuar por el camino del crecimiento, como lo hizo con \u201cremero\u201d varios a\u00f1os, pero ahora en la competencia m\u00e1s Federal y con el \u201ctaninero\u201d formose\u00f1o. \u201cEstoy muy contento e ilusionado de este desaf\u00edo que quiz\u00e1s me llega en un momento justo en mi carrera, porque creo que es para crecimiento como tambi\u00e9n creo que estoy preparado para afrontarlo con la mayor seriedad y profesionalismo que me caracteriza\u201d.<\/p>\n<figure class=\"wp-block-image size-full\"><a href=\"https:\/\/baskettotal.com.ar\/wp-content\/uploads\/2025\/01\/Juan-Vargas-1.jpg\"><img loading=\"lazy\" decoding=\"async\" class=\"lazy wp-image-25895 lazy-loaded aligncenter\" src=\"https:\/\/baskettotal.com.ar\/wp-content\/uploads\/2025\/01\/Juan-Vargas-1.jpg\" sizes=\"auto, (max-width: 631px) 100vw, 631px\" srcset=\"https:\/\/baskettotal.com.ar\/wp-content\/uploads\/2025\/01\/Juan-Vargas-1.jpg 631w, https:\/\/baskettotal.com.ar\/wp-content\/uploads\/2025\/01\/Juan-Vargas-1-243x300.jpg 243w\" alt=\"\" width=\"631\" height=\"780\" data-lazy-type=\"image\" data-lazy-src=\"https:\/\/baskettotal.com.ar\/wp-content\/uploads\/2025\/01\/Juan-Vargas-1.jpg\" data-lazy-srcset=\"https:\/\/baskettotal.com.ar\/wp-content\/uploads\/2025\/01\/Juan-Vargas-1.jpg 631w, https:\/\/baskettotal.com.ar\/wp-content\/uploads\/2025\/01\/Juan-Vargas-1-243x300.jpg 243w\" data-lazy-sizes=\"(max-width: 631px) 100vw, 631px\" \/><\/a><\/figure>\n<p>Asimismo, Vargas aclar\u00f3 que \u201ca partir de que no se da mi continuidad en Regatas, donde fue siempre mi prioridad, reci\u00e9n decid\u00ed por Sarmiento y sab\u00eda que esta era una buena oportunidad de dar un paso m\u00e1s y subir un escal\u00f3n\u201d, finaliz\u00f3.<\/p>\n<p><img loading=\"lazy\" decoding=\"async\" class=\" wp-image-9746 aligncenter\" src=\"https:\/\/www.sportchaco.com.ar\/wp-content\/uploads\/2024\/05\/Mosquitos-aviso-240x300.jpeg\" alt=\"\" width=\"272\" height=\"340\" srcset=\"https:\/\/www.sportchaco.com.ar\/wp-content\/uploads\/2024\/05\/Mosquitos-aviso-240x300.jpeg 240w, https:\/\/www.sportchaco.com.ar\/wp-content\/uploads\/2024\/05\/Mosquitos-aviso-819x1024.jpeg 819w, https:\/\/www.sportchaco.com.ar\/wp-content\/uploads\/2024\/05\/Mosquitos-aviso-768x960.jpeg 768w, https:\/\/www.sportchaco.com.ar\/wp-content\/uploads\/2024\/05\/Mosquitos-aviso.jpeg 1080w\" sizes=\"auto, (max-width: 272px) 100vw, 272px\" \/><\/p>\n","protected":false},"excerpt":{"rendered":"<p>10-01-2025 De a poco, todos los equipos de la regi\u00f3n NEA empiezan a tomar forma y varios nombres ya fueron confirmados. En este sentido, Sarmiento de Formosa no es la excepci\u00f3n y en las \u00faltimas horas confirm\u00f3 la llegada de dos chaque\u00f1os, de Resistencia m\u00e1s precisamente, que vienen de hacer las cosas muy bien con &hellip;<\/p>\n","protected":false},"author":3,"featured_media":15713,"comment_status":"open","ping_status":"open","sticky":false,"template":"","format":"standard","meta":{"footnotes":""},"categories":[3],"tags":[],"class_list":["post-15711","post","type-post","status-publish","format-standard","has-post-thumbnail","hentry","category-basquetbol"],"_links":{"self":[{"href":"https:\/\/www.sportchaco.com.ar\/index.php?rest_route=\/wp\/v2\/posts\/15711","targetHints":{"allow":["GET"]}}],"collection":[{"href":"https:\/\/www.sportchaco.com.ar\/index.php?rest_route=\/wp\/v2\/posts"}],"about":[{"href":"https:\/\/www.sportchaco.com.ar\/index.php?rest_route=\/wp\/v2\/types\/post"}],"author":[{"embeddable":true,"href":"https:\/\/www.sportchaco.com.ar\/index.php?rest_route=\/wp\/v2\/users\/3"}],"replies":[{"embeddable":true,"href":"https:\/\/www.sportchaco.com.ar\/index.php?rest_route=%2Fwp%2Fv2%2Fcomments&post=15711"}],"version-history":[{"count":2,"href":"https:\/\/www.sportchaco.com.ar\/index.php?rest_route=\/wp\/v2\/posts\/15711\/revisions"}],"predecessor-version":[{"id":15719,"href":"https:\/\/www.sportchaco.com.ar\/index.php?rest_route=\/wp\/v2\/posts\/15711\/revisions\/15719"}],"wp:featuredmedia":[{"embeddable":true,"href":"https:\/\/www.sportchaco.com.ar\/index.php?rest_route=\/wp\/v2\/media\/15713"}],"wp:attachment":[{"href":"https:\/\/www.sportchaco.com.ar\/index.php?rest_route=%2Fwp%2Fv2%2Fmedia&parent=15711"}],"wp:term":[{"taxonomy":"category","embeddable":true,"href":"https:\/\/www.sportchaco.com.ar\/index.php?rest_route=%2Fwp%2Fv2%2Fcategories&post=15711"},{"taxonomy":"post_tag","embeddable":true,"href":"https:\/\/www.sportchaco.com.ar\/index.php?rest_route=%2Fwp%2Fv2%2Ftags&post=15711"}],"curies":[{"name":"wp","href":"https:\/\/api.w.org\/{rel}","templated":true}]}}