{"id":15726,"date":"2025-01-11T09:45:57","date_gmt":"2025-01-11T12:45:57","guid":{"rendered":"https:\/\/www.sportchaco.com.ar\/?p=15726"},"modified":"2025-01-11T09:45:57","modified_gmt":"2025-01-11T12:45:57","slug":"sarmiento-apuesta-por-los-chicos","status":"publish","type":"post","link":"https:\/\/www.sportchaco.com.ar\/?p=15726","title":{"rendered":"Sarmiento apuesta por los chicos"},"content":{"rendered":"<p><strong>11-01-2025<\/strong><\/p>\n<p><img loading=\"lazy\" decoding=\"async\" class=\" wp-image-6631 aligncenter\" src=\"https:\/\/www.sportchaco.com.ar\/wp-content\/uploads\/2024\/03\/aviso-Impulsamos-turismo-300x31.jpg\" alt=\"\" width=\"368\" height=\"38\" srcset=\"https:\/\/www.sportchaco.com.ar\/wp-content\/uploads\/2024\/03\/aviso-Impulsamos-turismo-300x31.jpg 300w, https:\/\/www.sportchaco.com.ar\/wp-content\/uploads\/2024\/03\/aviso-Impulsamos-turismo-1024x106.jpg 1024w, https:\/\/www.sportchaco.com.ar\/wp-content\/uploads\/2024\/03\/aviso-Impulsamos-turismo-768x79.jpg 768w, https:\/\/www.sportchaco.com.ar\/wp-content\/uploads\/2024\/03\/aviso-Impulsamos-turismo.jpg 1366w\" sizes=\"auto, (max-width: 368px) 100vw, 368px\" \/><\/p>\n<p>La nueva dirigencia de Sarmiento, encabezada por Mauricio Gonz\u00e1lez, contin\u00faa con la planificaci\u00f3n y armado del equipo que disputar\u00e1, en este 2025, una nueva temporada del torneo Federal \u00abA\u00bb de f\u00fatbol.<\/p>\n<p>En los \u00faltimos d\u00edas el club \u00abdecano\u00bb estir\u00f3 los v\u00ednculos de dos juveniles con experiencia en la tercera categor\u00eda del f\u00fatbol argentino. Se trata de Pablo Mart\u00ednez y Franco Falc\u00f3n que renovaron contratos.<\/p>\n<p>De esta manera el confirmado DT, Miguel Urbina, empieza a tener indicios del plantel con el que contar\u00e1 esta temporada. Junto a los dirigentes el entrenador buscar\u00e1 los refuerzos tambi\u00e9n para el \u00abaurirrojo\u00bb que, dicho sea de paso, ya sufri\u00f3 algunas bajas como la de los arqueros Ezequiel Bacher y Nicol\u00e1s Angelotti, el lateral izquierdo Tom\u00e1s Squie y los delanteros Iv\u00e1n Escobares, Joel Lucero, Tom\u00e1s Gait\u00e1n y Pablo Soda.<\/p>\n<p>La idea de Urbina y Sarmiento es comenzar con los trabajos de pretemporda el pr\u00f3ximo lunes 20 de enero.<\/p>\n<p><img loading=\"lazy\" decoding=\"async\" class=\" wp-image-10999 aligncenter\" src=\"https:\/\/www.sportchaco.com.ar\/wp-content\/uploads\/2024\/06\/Mosquitos-3-3-300x300.jpg\" alt=\"\" width=\"326\" height=\"326\" srcset=\"https:\/\/www.sportchaco.com.ar\/wp-content\/uploads\/2024\/06\/Mosquitos-3-3-300x300.jpg 300w, https:\/\/www.sportchaco.com.ar\/wp-content\/uploads\/2024\/06\/Mosquitos-3-3-1024x1024.jpg 1024w, https:\/\/www.sportchaco.com.ar\/wp-content\/uploads\/2024\/06\/Mosquitos-3-3-150x150.jpg 150w, https:\/\/www.sportchaco.com.ar\/wp-content\/uploads\/2024\/06\/Mosquitos-3-3-768x768.jpg 768w, https:\/\/www.sportchaco.com.ar\/wp-content\/uploads\/2024\/06\/Mosquitos-3-3.jpg 1440w\" sizes=\"auto, (max-width: 326px) 100vw, 326px\" \/><\/p>\n","protected":false},"excerpt":{"rendered":"<p>11-01-2025 La nueva dirigencia de Sarmiento, encabezada por Mauricio Gonz\u00e1lez, contin\u00faa con la planificaci\u00f3n y armado del equipo que disputar\u00e1, en este 2025, una nueva temporada del torneo Federal \u00abA\u00bb de f\u00fatbol. En los \u00faltimos d\u00edas el club \u00abdecano\u00bb estir\u00f3 los v\u00ednculos de dos juveniles con experiencia en la tercera categor\u00eda del f\u00fatbol argentino. Se &hellip;<\/p>\n","protected":false},"author":3,"featured_media":15727,"comment_status":"open","ping_status":"open","sticky":false,"template":"","format":"standard","meta":{"footnotes":""},"categories":[5],"tags":[],"class_list":["post-15726","post","type-post","status-publish","format-standard","has-post-thumbnail","hentry","category-futbol"],"_links":{"self":[{"href":"https:\/\/www.sportchaco.com.ar\/index.php?rest_route=\/wp\/v2\/posts\/15726","targetHints":{"allow":["GET"]}}],"collection":[{"href":"https:\/\/www.sportchaco.com.ar\/index.php?rest_route=\/wp\/v2\/posts"}],"about":[{"href":"https:\/\/www.sportchaco.com.ar\/index.php?rest_route=\/wp\/v2\/types\/post"}],"author":[{"embeddable":true,"href":"https:\/\/www.sportchaco.com.ar\/index.php?rest_route=\/wp\/v2\/users\/3"}],"replies":[{"embeddable":true,"href":"https:\/\/www.sportchaco.com.ar\/index.php?rest_route=%2Fwp%2Fv2%2Fcomments&post=15726"}],"version-history":[{"count":1,"href":"https:\/\/www.sportchaco.com.ar\/index.php?rest_route=\/wp\/v2\/posts\/15726\/revisions"}],"predecessor-version":[{"id":15728,"href":"https:\/\/www.sportchaco.com.ar\/index.php?rest_route=\/wp\/v2\/posts\/15726\/revisions\/15728"}],"wp:featuredmedia":[{"embeddable":true,"href":"https:\/\/www.sportchaco.com.ar\/index.php?rest_route=\/wp\/v2\/media\/15727"}],"wp:attachment":[{"href":"https:\/\/www.sportchaco.com.ar\/index.php?rest_route=%2Fwp%2Fv2%2Fmedia&parent=15726"}],"wp:term":[{"taxonomy":"category","embeddable":true,"href":"https:\/\/www.sportchaco.com.ar\/index.php?rest_route=%2Fwp%2Fv2%2Fcategories&post=15726"},{"taxonomy":"post_tag","embeddable":true,"href":"https:\/\/www.sportchaco.com.ar\/index.php?rest_route=%2Fwp%2Fv2%2Ftags&post=15726"}],"curies":[{"name":"wp","href":"https:\/\/api.w.org\/{rel}","templated":true}]}}