{"id":15732,"date":"2025-01-11T23:00:40","date_gmt":"2025-01-12T02:00:40","guid":{"rendered":"https:\/\/www.sportchaco.com.ar\/?p=15732"},"modified":"2025-01-11T23:38:48","modified_gmt":"2025-01-12T02:38:48","slug":"efemerides-del-12-de-enero-2","status":"publish","type":"post","link":"https:\/\/www.sportchaco.com.ar\/?p=15732","title":{"rendered":"Efem\u00e9rides del 12 de enero"},"content":{"rendered":"<div class=\"container fullwidth-entry-title-wrapper\">\n<div class=\"container-wrapper fullwidth-entry-title\">\n<header class=\"entry-header-outer\">\n<div class=\"entry-header\"><\/div>\n<\/header>\n<\/div>\n<\/div>\n<div id=\"content\" class=\"site-content container\">\n<div id=\"main-content-row\" class=\"tie-row main-content-row\">\n<div class=\"main-content tie-col-md-8 tie-col-xs-12\" role=\"main\">\n<article id=\"the-post\" class=\"container-wrapper post-content tie-standard\">\n<div class=\"featured-area\">\n<div class=\"featured-area-inner\"><\/div>\n<\/div>\n<div class=\"entry-content entry clearfix\">\n<p><strong>Esta es la Efem\u00e9rides del Deporte en el Chaco de un 12 de enero del periodista Luis Dar\u00edo Molodezky. Foto portada de Gustavo Palacios<\/strong><\/p>\n<p>&nbsp;<\/p>\n<p><img loading=\"lazy\" decoding=\"async\" class=\"alignnone size-medium wp-image-15651\" src=\"https:\/\/www.sportchaco.com.ar\/wp-content\/uploads\/2025\/01\/Molodezky-Luis-11-05-24-300x225.jpg\" alt=\"\" width=\"300\" height=\"225\" srcset=\"https:\/\/www.sportchaco.com.ar\/wp-content\/uploads\/2025\/01\/Molodezky-Luis-11-05-24-300x225.jpg 300w, https:\/\/www.sportchaco.com.ar\/wp-content\/uploads\/2025\/01\/Molodezky-Luis-11-05-24-1024x768.jpg 1024w, https:\/\/www.sportchaco.com.ar\/wp-content\/uploads\/2025\/01\/Molodezky-Luis-11-05-24-768x576.jpg 768w, https:\/\/www.sportchaco.com.ar\/wp-content\/uploads\/2025\/01\/Molodezky-Luis-11-05-24-1536x1153.jpg 1536w, https:\/\/www.sportchaco.com.ar\/wp-content\/uploads\/2025\/01\/Molodezky-Luis-11-05-24.jpg 1599w\" sizes=\"auto, (max-width: 300px) 100vw, 300px\" \/><\/p>\n<p>&nbsp;<\/p>\n<p><strong>1935\u00a0<\/strong>\/ Se funda la Liga de F\u00fatbol del Norte, en una reuni\u00f3n realizada en la Comisi\u00f3n de El Zapallar. Estuvieron representados los clubes Independiente (por Escol\u00e1stico Barboza y Emilio Oettinger) y Zapallar Central (Francisco Canteros y Avelino D\u00edaz). Se designa presidente Enrique Burlli, secretario H\u00e9ctor Rastellini, tesorero Pedro J. Leale. Hoy re\u00fane en su seno a instituciones de toda la regi\u00f3n, organizando los torneos de las distintas divisiones, pertenece a la Federaci\u00f3n Chaque\u00f1a de F\u00fatbol y al Consejo Federal de la AFA.<\/p>\n<p>&nbsp;<\/p>\n<p><strong>1937\u00a0<\/strong>\/ Jos\u00e9 M. Corsi se convierte en presidente de Chaco For Ever, tras las elecciones realizadas en el local de la Sociedad Espa\u00f1ola, present\u00e1ndose una \u00fanica lista. Vice result\u00f3 Rafael Anello, Secretario Ram\u00f3n Gauna, pro Vicente Bermejo, tesorero Ricardo Calvo, pro Isidro Lombardi. La entrega del mando del presidente saliente Abraham Feldmann se realiz\u00f3 dos d\u00edas despu\u00e9s durante la asamblea realizada en el Cine Teatro Argentino, de la calle Santa Mar\u00eda de Oro.<\/p>\n<p>&nbsp;<\/p>\n<p><strong>1943\u00a0<\/strong>\/ Se funda el Club Deportivo y Social de la Cooperativa Agropecuaria de Las Bre\u00f1as. Comenz\u00f3 a funcionar en la quinta 21 cedida por esa entidad y su primera comisi\u00f3n directiva la conformaron: presidente, Manuel Lorenzo; secretario, Juan Sogos; tesorero, H\u00e9ctor Pelem. La primera obra fue la construcci\u00f3n de las canchas de bochas. El 28 de febrero de 1952 se inaugur\u00f3 un moderno sal\u00f3n de 600 metros cuadrados.<\/p>\n<p>&nbsp;<\/p>\n<p><strong>2005<\/strong> \/ Falleci\u00f3 el dirigente deportivo Jorge \u201cLe\u00f3n\u201d Maidana, fue canillita, luego destacado personal gr\u00e1fico de Norte y administrativo, adem\u00e1s de distribuidor del diario. Con toda su humildad, fue un activido dirigente del club Regional al que amaba con todo su coraz\u00f3n, al grito de \u201cdisciplina y respeto\u201d. Estaba casado con N\u00e9lida Llanos y era padre de tres hijos, Transcurri\u00f3 sus \u00faltimos d\u00edas internado en Buenos Aires y recibi\u00f3 una emotiva despedida en Villa Libertad.<\/p>\n<p>&nbsp;<\/p>\n<p><strong>2006\u00a0<\/strong>\/ Atl\u00e9tico Alvear inaugura el piso de parquet en su estadio cubierto, con un partido amistoso que perdi\u00f3 por 94 a 72 frente a Asociaci\u00f3n Espa\u00f1ola, que juega en el TNA. Un avance significativo para la entidad y Villa \u00c1ngela.<\/p>\n<p>&nbsp;<\/p>\n<p><strong>2021\/<\/strong>\u00a0Fallece en Resistencia Gustavo \u201cJet\u00f3n\u201d Palacios como era conocido en el ambiente deportivo. Si bien se hizo muy conocido por el b\u00e1squetbol, como jugador y entrenador, lo cierto es que se destac\u00f3 en todos los deportes que practic\u00f3, como rugby, f\u00fatbol, atletismo por su talento natural, h\u00e1bil, r\u00e1pido e inteligente. Formado en Don Bosco, fue campe\u00f3n con su club y del ascenso con For Ever. Estuvo un par de a\u00f1os en Boca Juniors y tambi\u00e9n el poderoso b\u00e1squetbol bahiense. Integr\u00f3 los seleccionados juveniles y de mayores de Chaco. Tambi\u00e9n fue entrenador. Hace casi una d\u00e9cada sufri\u00f3 un ACV que lo limit\u00f3 en su vida personal. En 2015 recibi\u00f3 el reconocimiento y homenaje del C\u00edrculo de Periodistas Deportivos del Chaco en la Fiesta Anual del Deporte. Si bien su salud estaba deteriorada, se lo llev\u00f3 la pandemia del COVID-19. Hab\u00eda nacido el 17 de julio de 1950<\/p>\n<p><em>\u00a0<\/em><\/p>\n<\/div>\n<\/article>\n<\/div>\n<\/div>\n<\/div>\n","protected":false},"excerpt":{"rendered":"<p>Esta es la Efem\u00e9rides del Deporte en el Chaco de un 12 de enero del periodista Luis Dar\u00edo Molodezky. Foto portada de Gustavo Palacios &nbsp; &nbsp; 1935\u00a0\/ Se funda la Liga de F\u00fatbol del Norte, en una reuni\u00f3n realizada en la Comisi\u00f3n de El Zapallar. Estuvieron representados los clubes Independiente (por Escol\u00e1stico Barboza y Emilio &hellip;<\/p>\n","protected":false},"author":2,"featured_media":15733,"comment_status":"open","ping_status":"open","sticky":false,"template":"","format":"standard","meta":{"footnotes":""},"categories":[45,31],"tags":[],"class_list":["post-15732","post","type-post","status-publish","format-standard","has-post-thumbnail","hentry","category-efemerides-dia-por-dia","category-enero"],"_links":{"self":[{"href":"https:\/\/www.sportchaco.com.ar\/index.php?rest_route=\/wp\/v2\/posts\/15732","targetHints":{"allow":["GET"]}}],"collection":[{"href":"https:\/\/www.sportchaco.com.ar\/index.php?rest_route=\/wp\/v2\/posts"}],"about":[{"href":"https:\/\/www.sportchaco.com.ar\/index.php?rest_route=\/wp\/v2\/types\/post"}],"author":[{"embeddable":true,"href":"https:\/\/www.sportchaco.com.ar\/index.php?rest_route=\/wp\/v2\/users\/2"}],"replies":[{"embeddable":true,"href":"https:\/\/www.sportchaco.com.ar\/index.php?rest_route=%2Fwp%2Fv2%2Fcomments&post=15732"}],"version-history":[{"count":2,"href":"https:\/\/www.sportchaco.com.ar\/index.php?rest_route=\/wp\/v2\/posts\/15732\/revisions"}],"predecessor-version":[{"id":15745,"href":"https:\/\/www.sportchaco.com.ar\/index.php?rest_route=\/wp\/v2\/posts\/15732\/revisions\/15745"}],"wp:featuredmedia":[{"embeddable":true,"href":"https:\/\/www.sportchaco.com.ar\/index.php?rest_route=\/wp\/v2\/media\/15733"}],"wp:attachment":[{"href":"https:\/\/www.sportchaco.com.ar\/index.php?rest_route=%2Fwp%2Fv2%2Fmedia&parent=15732"}],"wp:term":[{"taxonomy":"category","embeddable":true,"href":"https:\/\/www.sportchaco.com.ar\/index.php?rest_route=%2Fwp%2Fv2%2Fcategories&post=15732"},{"taxonomy":"post_tag","embeddable":true,"href":"https:\/\/www.sportchaco.com.ar\/index.php?rest_route=%2Fwp%2Fv2%2Ftags&post=15732"}],"curies":[{"name":"wp","href":"https:\/\/api.w.org\/{rel}","templated":true}]}}