{"id":15738,"date":"2025-01-11T11:33:43","date_gmt":"2025-01-11T14:33:43","guid":{"rendered":"https:\/\/www.sportchaco.com.ar\/?p=15738"},"modified":"2025-01-11T11:33:43","modified_gmt":"2025-01-11T14:33:43","slug":"al-fin-boca-concreto-la-llegada-de-alan-velasco","status":"publish","type":"post","link":"https:\/\/www.sportchaco.com.ar\/?p=15738","title":{"rendered":"Al fin Boca concret\u00f3 la llegada de Alan Velasco"},"content":{"rendered":"<header class=\"caas-header\">\n<div class=\"caas-title-wrapper\">\n<h1 id=\"caas-lead-header-af0d0e23-2ba0-3b58-b2dd-12ddc2804681\" data-test-locator=\"headline\"><\/h1>\n<\/div>\n<\/header>\n<div class=\"caas-content-byline-wrapper\">\n<div class=\"caas-attr\">\n<div class=\"caas-attr-meta\">\n<div class=\"caas-attr-time-style\"><\/div>\n<\/div>\n<\/div>\n<div class=\"caas-content-contain-share\">\n<div class=\"caas-share-section \">\n<div class=\"caas-share-buttons\"><\/div>\n<\/div>\n<\/div>\n<\/div>\n<figure class=\"caas-figure caas-cover\"><\/figure>\n<div class=\"caas-body\">\n<p>En el ambiente del f\u00fatbol flota la creencia de que muchos t\u00e9cnicos apuran algunos debuts para que sus nombres queden en la historia como los que les dieron la primera oportunidad en primera a los que se avizoran como futuros cracks. No hay nada comprobado, claro.\u00a0<b>En el caso de Alan Velasco, fue Ariel Holan quien se encarg\u00f3 de mandarlo a la cancha por primera vez en un partido de primera divisi\u00f3n.\u00a0<\/b>Alan ten\u00eda 17 a\u00f1os y su nombre era siempre destacado en los partidos de la reserva de Independiente. El 29 de mayo de 2019 el clima en el club de Avellaneda no era el mejor. Holan, vaca sagrada desde la conquista de la Copa Sudamericana en 2017, era discutido por los malos resultados, e incluso su relaci\u00f3n con parte del plantel no era buena. Aquella noche, Velasco ingres\u00f3 para la estad\u00edstica, a poco del pitazo final. Ni siquiera toc\u00f3 la pelota. Independiente le gan\u00f3 2 a 0 a \u00c1guilas Negras, de Colombia, y se clasific\u00f3 a los octavos de final de la Sudamericana. Al d\u00eda siguiente, Holan dec\u00eda adi\u00f3s. Para Velasco, sin embargo, fue el comienzo de su recorrido en el f\u00fatbol profesional.<\/p>\n<figure class=\"caas-figure\">\n<div class=\"caas-figure-with-pb\">\n<div>\n<div class=\"caas-img-container caas-img-lightbox portrait\" data-lightbox-src=\"https:\/\/s.yimg.com\/ny\/api\/res\/1.2\/75rUI_hqG2RWBC5to4W94A--\/YXBwaWQ9aGlnaGxhbmRlcjt3PTE3Mjg7aD0yMTYwO2NmPXdlYnA-\/https:\/\/media.zenfs.com\/es\/lanacion.com.ar\/e1804cb7f70db7fda9911447f29701ed\">\n<div class=\"caas-img-underlay\"><\/div>\n<p><span class=\"caas-img-wrapper\"><img decoding=\"async\" class=\"caas-img caas-lazy has-preview caas-loaded\" src=\"https:\/\/s.yimg.com\/ny\/api\/res\/1.2\/1Oq.wINzjJxD_w2071Viyw--\/YXBwaWQ9aGlnaGxhbmRlcjt3PTk2MDtoPTEyMDA7Y2Y9d2VicA--\/https:\/\/media.zenfs.com\/es\/lanacion.com.ar\/e1804cb7f70db7fda9911447f29701ed\" alt=\"Alan Velasco puede aportar frescura e inventiva al ataque de Boca\" data-caas-lazy-loading-init=\"1\" \/><button class=\"link caas-lightbox\" aria-label=\"Ver imagen ampliada\" data-ylk=\"sec:image-lightbox;slk:lightbox-open;elm:expand;itc:1\" data-rapid_p=\"9\" data-v9y=\"1\"><\/button><\/span><\/div>\n<\/div>\n<\/div>\n<div class=\"caption-wrapper caption-aligned-with-image\">\n<div class=\"caption-wrapper caption-aligned-with-image\"><\/div>\n<\/div><figcaption class=\"caption-collapse\" data-id=\"m-1\">Alan Velasco puede aportar frescura e inventiva al ataque de Boca<\/figcaption><\/figure>\n<p>Pasaron casi seis a\u00f1os y parece toda una vida, pero hoy\u00a0<b>Velasco tiene 22 a\u00f1os y es la nueva y rutilante cara de Boca Juniors.\u00a0<\/b>Luego de varios mercados de pases en los que se frustr\u00f3 su llegada,<b>\u00a0Juan Rom\u00e1n Riquelme cumple con darles a los hinchas xeneizes un futbolista que fue su gran obsesi\u00f3n.\u00a0<\/b>De aparici\u00f3n ilusionante en Independiente a apurada venta al f\u00fatbol de los Estados Unidos,\u00a0<b>el delantero casi que oblig\u00f3 a Dallas a que aceptase la oferta de 10 millones de d\u00f3lares que le extendi\u00f3 Boca, que le firmar\u00e1 un contrato por cuatro temporadas, tras la revisi\u00f3n m\u00e9dica realizada este s\u00e1bado.<\/b>\u00a0El equipo de Texas no estaba del todo convencido, pero la firme decisi\u00f3n del jugador forz\u00f3 la situaci\u00f3n: Velasco vestir\u00e1 la camiseta xeneize en un mercado cuestionado por los hinchas en un principio y que\u00a0<b>en las \u00faltimas horas se destap\u00f3 con nombres de peso: Rodrigo Battaglia y el espa\u00f1ol Ander Herrera. Fuente La Naci\u00f3n-Yahoo.com<\/b><\/p>\n<\/div>\n","protected":false},"excerpt":{"rendered":"<p>En el ambiente del f\u00fatbol flota la creencia de que muchos t\u00e9cnicos apuran algunos debuts para que sus nombres queden en la historia como los que les dieron la primera oportunidad en primera a los que se avizoran como futuros cracks. No hay nada comprobado, claro.\u00a0En el caso de Alan Velasco, fue Ariel Holan quien &hellip;<\/p>\n","protected":false},"author":2,"featured_media":15739,"comment_status":"open","ping_status":"open","sticky":false,"template":"","format":"standard","meta":{"footnotes":""},"categories":[6],"tags":[],"class_list":["post-15738","post","type-post","status-publish","format-standard","has-post-thumbnail","hentry","category-internacionales"],"_links":{"self":[{"href":"https:\/\/www.sportchaco.com.ar\/index.php?rest_route=\/wp\/v2\/posts\/15738","targetHints":{"allow":["GET"]}}],"collection":[{"href":"https:\/\/www.sportchaco.com.ar\/index.php?rest_route=\/wp\/v2\/posts"}],"about":[{"href":"https:\/\/www.sportchaco.com.ar\/index.php?rest_route=\/wp\/v2\/types\/post"}],"author":[{"embeddable":true,"href":"https:\/\/www.sportchaco.com.ar\/index.php?rest_route=\/wp\/v2\/users\/2"}],"replies":[{"embeddable":true,"href":"https:\/\/www.sportchaco.com.ar\/index.php?rest_route=%2Fwp%2Fv2%2Fcomments&post=15738"}],"version-history":[{"count":1,"href":"https:\/\/www.sportchaco.com.ar\/index.php?rest_route=\/wp\/v2\/posts\/15738\/revisions"}],"predecessor-version":[{"id":15740,"href":"https:\/\/www.sportchaco.com.ar\/index.php?rest_route=\/wp\/v2\/posts\/15738\/revisions\/15740"}],"wp:featuredmedia":[{"embeddable":true,"href":"https:\/\/www.sportchaco.com.ar\/index.php?rest_route=\/wp\/v2\/media\/15739"}],"wp:attachment":[{"href":"https:\/\/www.sportchaco.com.ar\/index.php?rest_route=%2Fwp%2Fv2%2Fmedia&parent=15738"}],"wp:term":[{"taxonomy":"category","embeddable":true,"href":"https:\/\/www.sportchaco.com.ar\/index.php?rest_route=%2Fwp%2Fv2%2Fcategories&post=15738"},{"taxonomy":"post_tag","embeddable":true,"href":"https:\/\/www.sportchaco.com.ar\/index.php?rest_route=%2Fwp%2Fv2%2Ftags&post=15738"}],"curies":[{"name":"wp","href":"https:\/\/api.w.org\/{rel}","templated":true}]}}