{"id":15741,"date":"2025-01-11T12:29:14","date_gmt":"2025-01-11T15:29:14","guid":{"rendered":"https:\/\/www.sportchaco.com.ar\/?p=15741"},"modified":"2025-01-11T12:29:59","modified_gmt":"2025-01-11T15:29:59","slug":"afa-estudia-desafiliar-al-pincha-y-los-de-la-ciudadela-tucumana-suena","status":"publish","type":"post","link":"https:\/\/www.sportchaco.com.ar\/?p=15741","title":{"rendered":"AFA estudia desafiliar al \u00abpincha\u00bb y los de la \u00abciudadela tucumana\u00bb sue\u00f1an"},"content":{"rendered":"<div class=\"xdj266r x11i5rnm xat24cr x1mh8g0r x1vvkbs x126k92a\">\n<div dir=\"auto\"><strong>LA AFA BUSCA DESAFILIAR A ESTUDIANTES DE LA PLATA Y ABRE LA PUERTA AL POSIBLE ASCENSO DE SAN MART\u00cdN DE TUCUM\u00c1N<\/strong><\/div>\n<div dir=\"auto\"><\/div>\n<\/div>\n<div class=\"x11i5rnm xat24cr x1mh8g0r x1vvkbs xtlvy1s x126k92a\">\n<div dir=\"auto\">La Asociaci\u00f3n del F\u00fatbol Argentino analiza desafiliar a Estudiantes de La Plata, el club de Primera divisi\u00f3n que est\u00e1 a punto de convertirse en una SAD (Sociedad An\u00f3nima Deportiva). \u00bfSe abre una puerta inesperada en Ciudadela?<\/div>\n<\/div>\n<div class=\"x11i5rnm xat24cr x1mh8g0r x1vvkbs xtlvy1s x126k92a\">\n<div dir=\"auto\">Quienes creyeron que los primeros d\u00edas del 2025 transcurrir\u00edan bajo una relativa calma, el periodista Pablo Carrozza adelant\u00f3 los pasos a seguir que eval\u00faa la Asociaci\u00f3n del F\u00fatbol Argentino con Estudiantes de La Plata, el club de Primera divisi\u00f3n a punto de convertirse en una SAD (Sociedad An\u00f3nima Deportiva): la desafiliaci\u00f3n del club presidido por Juan Sebasti\u00e1n Ver\u00f3n.<\/div>\n<\/div>\n<div class=\"x11i5rnm xat24cr x1mh8g0r x1vvkbs xtlvy1s x126k92a\">\n<div dir=\"auto\">\u00abAnalizan desafiliar a Estudiantes de La Plata: hist\u00f3rico\u00bb, revel\u00f3 Carrozza. \u00abEst\u00e1 prohibido por estatuto de AFA. Estudiantes no puede hacer lo que tiene ganas. Atentos a la desafiliaci\u00f3n\u00bb, agreg\u00f3 el periodista y profundiz\u00f3: \u00abGuillermo Tofoni (uno de los empresarios m\u00e1s importantes del f\u00fatbol argentino due\u00f1o de la empresa World Eleven) confirm\u00f3 que Estudiantes de La Plata ser\u00e1 una SAD de la mano de Foster Gillet (el magante estadounidense quien invertir\u00e1 150 millones de d\u00f3lares en Estudiantes). No hay mucha vuelta que darle. Adi\u00f3s al club social y deportivo. Ser\u00e1n una empresa\u00bb.<\/div>\n<\/div>\n<div class=\"x11i5rnm xat24cr x1mh8g0r x1vvkbs xtlvy1s x126k92a\">\n<div dir=\"auto\">Ahora bien, la bomba que lanz\u00f3 Carrozza y que impacta aqu\u00ed en Tucum\u00e1n es la siguiente: \u00abSi desafilian a Estudiantes de La Plata, deber\u00eda ascender San Mart\u00edn de Tucum\u00e1n, el que perdi\u00f3 la final\u00bb.<\/div>\n<\/div>\n<div class=\"x11i5rnm xat24cr x1mh8g0r x1vvkbs xtlvy1s x126k92a\">\n<div dir=\"auto\">\u00bfC\u00f3mo le respondi\u00f3 la AFA a Ver\u00f3n? A trav\u00e9s del tesorero Pablo Toviggino: \u201c\u00a1No, Sir Pecho Fr\u00edo! Los clubes son de los socios y no lo decimos nosotros. Es un principio que enorgullece al f\u00fatbol argentino, el mismo que es campe\u00f3n del mundo y bicampe\u00f3n de \u00c1m\u00e9rica. Hoy, posicionado como una de las marcas deportivas m\u00e1s importantes del mundo a nivel global\u201d.<\/div>\n<\/div>\n<div class=\"x11i5rnm xat24cr x1mh8g0r x1vvkbs xtlvy1s x126k92a\">\n<div dir=\"auto\">Declarada la guerra entre la AFA y Estudiantes de La Plata como SAD, \u00bfcu\u00e1les son los dos factores que hay que tener en cuenta antes que nada? Por un lado lo que dice el art\u00edculo 19 del DNU firmado por el presidente de la Naci\u00f3n, Javier Milei, quien alienta la privatizaci\u00f3n del f\u00fatbol argentino y la conversi\u00f3n de los clubes en sociedades an\u00f3nimas deportivas. El art\u00edculo 19 del DNU tiene un apartado bastante \u201cparticular\u201d y que parece estar dirigido directamente a esta situaci\u00f3n: \u00abNo podr\u00e1 impedirse, dificultarse, privarse o menoscabarse cualquier derecho a una organizaci\u00f3n deportiva, incluyendo su derecho de afiliaci\u00f3n a una confederaci\u00f3n, federaci\u00f3n, asociaci\u00f3n, liga o uni\u00f3n, con fundamento en su forma jur\u00eddica, si la misma est\u00e1 reconocida en esta ley y normas complementarias\u00bb, reza el texto. En simples palabras, desde el Gobierno le estar\u00edan \u201cprohibiendo\u201d a AFA, \u201cprohibirle\u201d participar o jugar a alg\u00fan club que quiera ser SAD.<\/div>\n<\/div>\n<div class=\"x11i5rnm xat24cr x1mh8g0r x1vvkbs xtlvy1s x126k92a\">\n<div dir=\"auto\">Pero aqu\u00ed viene el otro lado: lo que dice el estatuto de la AFA. En el art\u00edculo 116 dice claramente: \u00abArt. 116\u00ba.- EXPULSION Y\/O DESAFILIACION &#8211; La pena de expulsi\u00f3n y\/o desafiliaci\u00f3n, comportan la p\u00e9rdida para el club castigado de todos los derechos que el Estatuto de la AFA reconoce a los clubs y lo inhabilita permanentemente para realizar partidos de f\u00fatbol de cualquier car\u00e1cter que fueren, con instituci\u00f3n afiliada a la AFA o a la FIFA. La expulsi\u00f3n y\/o desafiliaci\u00f3n aplicada a club, no inhabilita a las personas que lo integren, salvo resoluci\u00f3n expresa en contrario del Tribunal de Disciplina Deportiva de la AFA\u00bb.<\/div>\n<\/div>\n<div class=\"x11i5rnm xat24cr x1mh8g0r x1vvkbs xtlvy1s x126k92a\">\n<div dir=\"auto\">Y el art\u00edculo 117 dice: \u00abArt. 117\u00ba.- PERDIDA DE CATEGORIA &#8211; La pena de p\u00e9rdida de categor\u00eda, comporta para el club castigado el descenso a la finalizaci\u00f3n del respectivo campeonato oficial a la categor\u00eda inmediata inferior sea cual fuere la cantidad de puntos que haya obtenido en la tabla de posiciones pertinente\u00bb.\u00bfSe abre una puerta inesperada para el Santo si se desafilia a Estudiantes de La Plata por convertirse en una SAD? Esto reci\u00e9n comienza. <strong>Foto de Juan Ram\u00f3n Ver\u00f3n.<\/strong><\/div>\n<\/div>\n<div class=\"x11i5rnm xat24cr x1mh8g0r x1vvkbs xtlvy1s x126k92a\">\n<div dir=\"auto\"><span class=\"html-span xdj266r x11i5rnm xat24cr x1mh8g0r xexx8yu x4uap5 x18d9i69 xkhd6sd x1hl2dhg x16tdsg8 x1vvkbs\"><a class=\"x1i10hfl xjbqb8w x1ejq31n xd10rxx x1sy0etr x17r0tee x972fbf xcfux6l x1qhh985 xm0m39n x9f619 x1ypdohk xt0psk2 xe8uvvx xdj266r x11i5rnm xat24cr x1mh8g0r xexx8yu x4uap5 x18d9i69 xkhd6sd x16tdsg8 x1hl2dhg xggy1nq x1a2a7pz x1sur9pj xkrqix3 x1fey0fg x1s688f\" tabindex=\"0\" role=\"link\" href=\"https:\/\/www.facebook.com\/hashtag\/afa?__eep__=6&amp;__cft__[0]=AZWb1RKZ8gxWW3LDQo4_muJXvqfSXEOumGX0sayGm_AEce_4jZFIvmrjYjTjKkA5fXU8yIUDW0yTTkf1U7QJkRPtjiWP3QjbGvZUOQEFhKy_ilTpiYR88_Iik87Ip2bUrk_vi5-ZgUv1Qe7FHA_wWKsQUiwNq0yIYDVGA-8R4qyHkFuv5YoCUa01WwXB7tzVzB9IlCw7kNdwBLiq5qvQFNekyBsTZDB2zUT7kZ6zALzh2g\">#AFA<\/a><\/span> <span class=\"html-span xdj266r x11i5rnm xat24cr x1mh8g0r xexx8yu x4uap5 x18d9i69 xkhd6sd x1hl2dhg x16tdsg8 x1vvkbs\"><a class=\"x1i10hfl xjbqb8w x1ejq31n xd10rxx x1sy0etr x17r0tee x972fbf xcfux6l x1qhh985 xm0m39n x9f619 x1ypdohk xt0psk2 xe8uvvx xdj266r x11i5rnm xat24cr x1mh8g0r xexx8yu x4uap5 x18d9i69 xkhd6sd x16tdsg8 x1hl2dhg xggy1nq x1a2a7pz x1sur9pj xkrqix3 x1fey0fg x1s688f\" tabindex=\"0\" role=\"link\" href=\"https:\/\/www.facebook.com\/hashtag\/estudiantesdelaplata?__eep__=6&amp;__cft__[0]=AZWb1RKZ8gxWW3LDQo4_muJXvqfSXEOumGX0sayGm_AEce_4jZFIvmrjYjTjKkA5fXU8yIUDW0yTTkf1U7QJkRPtjiWP3QjbGvZUOQEFhKy_ilTpiYR88_Iik87Ip2bUrk_vi5-ZgUv1Qe7FHA_wWKsQUiwNq0yIYDVGA-8R4qyHkFuv5YoCUa01WwXB7tzVzB9IlCw7kNdwBLiq5qvQFNekyBsTZDB2zUT7kZ6zALzh2g\">#EstudiantesDeLaPlata<\/a><\/span><\/div>\n<\/div>\n","protected":false},"excerpt":{"rendered":"<p>LA AFA BUSCA DESAFILIAR A ESTUDIANTES DE LA PLATA Y ABRE LA PUERTA AL POSIBLE ASCENSO DE SAN MART\u00cdN DE TUCUM\u00c1N La Asociaci\u00f3n del F\u00fatbol Argentino analiza desafiliar a Estudiantes de La Plata, el club de Primera divisi\u00f3n que est\u00e1 a punto de convertirse en una SAD (Sociedad An\u00f3nima Deportiva). \u00bfSe abre una puerta inesperada &hellip;<\/p>\n","protected":false},"author":2,"featured_media":15742,"comment_status":"open","ping_status":"open","sticky":false,"template":"","format":"standard","meta":{"footnotes":""},"categories":[47],"tags":[],"class_list":["post-15741","post","type-post","status-publish","format-standard","has-post-thumbnail","hentry","category-nacionales"],"_links":{"self":[{"href":"https:\/\/www.sportchaco.com.ar\/index.php?rest_route=\/wp\/v2\/posts\/15741","targetHints":{"allow":["GET"]}}],"collection":[{"href":"https:\/\/www.sportchaco.com.ar\/index.php?rest_route=\/wp\/v2\/posts"}],"about":[{"href":"https:\/\/www.sportchaco.com.ar\/index.php?rest_route=\/wp\/v2\/types\/post"}],"author":[{"embeddable":true,"href":"https:\/\/www.sportchaco.com.ar\/index.php?rest_route=\/wp\/v2\/users\/2"}],"replies":[{"embeddable":true,"href":"https:\/\/www.sportchaco.com.ar\/index.php?rest_route=%2Fwp%2Fv2%2Fcomments&post=15741"}],"version-history":[{"count":2,"href":"https:\/\/www.sportchaco.com.ar\/index.php?rest_route=\/wp\/v2\/posts\/15741\/revisions"}],"predecessor-version":[{"id":15744,"href":"https:\/\/www.sportchaco.com.ar\/index.php?rest_route=\/wp\/v2\/posts\/15741\/revisions\/15744"}],"wp:featuredmedia":[{"embeddable":true,"href":"https:\/\/www.sportchaco.com.ar\/index.php?rest_route=\/wp\/v2\/media\/15742"}],"wp:attachment":[{"href":"https:\/\/www.sportchaco.com.ar\/index.php?rest_route=%2Fwp%2Fv2%2Fmedia&parent=15741"}],"wp:term":[{"taxonomy":"category","embeddable":true,"href":"https:\/\/www.sportchaco.com.ar\/index.php?rest_route=%2Fwp%2Fv2%2Fcategories&post=15741"},{"taxonomy":"post_tag","embeddable":true,"href":"https:\/\/www.sportchaco.com.ar\/index.php?rest_route=%2Fwp%2Fv2%2Ftags&post=15741"}],"curies":[{"name":"wp","href":"https:\/\/api.w.org\/{rel}","templated":true}]}}