{"id":15749,"date":"2025-01-12T23:00:34","date_gmt":"2025-01-13T02:00:34","guid":{"rendered":"https:\/\/www.sportchaco.com.ar\/?p=15749"},"modified":"2025-01-12T23:07:20","modified_gmt":"2025-01-13T02:07:20","slug":"efemerides-del-13-de-enero","status":"publish","type":"post","link":"https:\/\/www.sportchaco.com.ar\/?p=15749","title":{"rendered":"Efem\u00e9rides del 13 de enero"},"content":{"rendered":"<div class=\"container fullwidth-entry-title-wrapper\">\n<div class=\"container-wrapper fullwidth-entry-title\">\n<header class=\"entry-header-outer\">\n<div class=\"entry-header\">\n<h1 class=\"post-title entry-title\"><\/h1>\n<div class=\"single-post-meta post-meta clearfix\"><\/div>\n<\/div>\n<\/header>\n<\/div>\n<\/div>\n<div id=\"content\" class=\"site-content container\">\n<div id=\"main-content-row\" class=\"tie-row main-content-row\">\n<div class=\"main-content tie-col-md-8 tie-col-xs-12\" role=\"main\">\n<article id=\"the-post\" class=\"container-wrapper post-content tie-standard\">\n<div class=\"featured-area\">\n<div class=\"featured-area-inner\"><\/div>\n<\/div>\n<div class=\"entry-content entry clearfix\">\n<p><strong>Esta es la Efem\u00e9rides del Deporte en el Chaco de un 13 de enero del periodista Luis Dar\u00edo Molodezky<\/strong><\/p>\n<p><img loading=\"lazy\" decoding=\"async\" class=\"alignnone size-medium wp-image-15651\" src=\"https:\/\/www.sportchaco.com.ar\/wp-content\/uploads\/2025\/01\/Molodezky-Luis-11-05-24-300x225.jpg\" alt=\"\" width=\"300\" height=\"225\" srcset=\"https:\/\/www.sportchaco.com.ar\/wp-content\/uploads\/2025\/01\/Molodezky-Luis-11-05-24-300x225.jpg 300w, https:\/\/www.sportchaco.com.ar\/wp-content\/uploads\/2025\/01\/Molodezky-Luis-11-05-24-1024x768.jpg 1024w, https:\/\/www.sportchaco.com.ar\/wp-content\/uploads\/2025\/01\/Molodezky-Luis-11-05-24-768x576.jpg 768w, https:\/\/www.sportchaco.com.ar\/wp-content\/uploads\/2025\/01\/Molodezky-Luis-11-05-24-1536x1153.jpg 1536w, https:\/\/www.sportchaco.com.ar\/wp-content\/uploads\/2025\/01\/Molodezky-Luis-11-05-24.jpg 1599w\" sizes=\"auto, (max-width: 300px) 100vw, 300px\" \/><\/p>\n<p>&nbsp;<\/p>\n<p>&nbsp;<\/p>\n<p><strong>1952\u00a0<\/strong>\/ Nace el Club Capit\u00e1n Solari de La Leonesa, en el desaparecido bar La Moneda, conformado por un grupo de jugadores que no ten\u00edan cabida en los clubes de Las Palmas.<\/p>\n<p><strong><em>\u00a0<\/em><\/strong><\/p>\n<p><strong>1980\u00a0<\/strong>\/ Se realiza la competencia de F-1 Internacional en el Aut\u00f3dromo de Buenos Aires. Estuvo presente el equipo de automovilismo de LT5 Radio Chaco \u201cEn Carrera\u201d integrado por Alfredo Flores y Luis Dar\u00edo Molodezky, con la participaci\u00f3n especial de Adolfo Carrara. En estudios centrales Carlos Obreg\u00f3n y Francisco Ayala. El triunfo fue para Alan Jones con Williams, s\u00e9ptimo fue Ricardo Zunino y Carlos Reutemann abandon\u00f3 en la vuelta 12.<\/p>\n<p>&nbsp;<\/p>\n<p><strong>1985\u00a0<\/strong>\/ Ra\u00fal Bittel del Club del Progreso se adjudica el torneo de verano 1985, organizado por el C\u00edrculo de Ajedrez Barranqueras, seguido por Miguel Centuri\u00f3n. En juveniles gan\u00f3 Dante Dellamea de Regatas.<\/p>\n<p>&nbsp;<\/p>\n<p><strong>2006\u00a0<\/strong>\/ La futbolista Luciana Barboza es consagrada con el premio Villa \u00c1ngela de Oro, en el marco de la entrega de trofeos para destacados y distinguidos en el deporte a lo largo del 2005.<\/p>\n<p>&nbsp;<\/p>\n<p><strong>2006\u00a0<\/strong>\/ El C\u00edrculo de Periodistas Deportivos de S\u00e1enz Pe\u00f1a, consagra como deportista del a\u00f1o 2005 al ciclista Cristian Leyes, campe\u00f3n del Nacional Infanto Juvenil de Ciclismo.<\/p>\n<p>&nbsp;<\/p>\n<p>&nbsp;<\/p>\n<h3>Foto de Cristian Leyes<\/h3>\n<\/div>\n<\/article>\n<\/div>\n<\/div>\n<\/div>\n","protected":false},"excerpt":{"rendered":"<p>Esta es la Efem\u00e9rides del Deporte en el Chaco de un 13 de enero del periodista Luis Dar\u00edo Molodezky &nbsp; &nbsp; 1952\u00a0\/ Nace el Club Capit\u00e1n Solari de La Leonesa, en el desaparecido bar La Moneda, conformado por un grupo de jugadores que no ten\u00edan cabida en los clubes de Las Palmas. \u00a0 1980\u00a0\/ Se &hellip;<\/p>\n","protected":false},"author":2,"featured_media":15750,"comment_status":"open","ping_status":"open","sticky":false,"template":"","format":"standard","meta":{"footnotes":""},"categories":[45,31],"tags":[],"class_list":["post-15749","post","type-post","status-publish","format-standard","has-post-thumbnail","hentry","category-efemerides-dia-por-dia","category-enero"],"_links":{"self":[{"href":"https:\/\/www.sportchaco.com.ar\/index.php?rest_route=\/wp\/v2\/posts\/15749","targetHints":{"allow":["GET"]}}],"collection":[{"href":"https:\/\/www.sportchaco.com.ar\/index.php?rest_route=\/wp\/v2\/posts"}],"about":[{"href":"https:\/\/www.sportchaco.com.ar\/index.php?rest_route=\/wp\/v2\/types\/post"}],"author":[{"embeddable":true,"href":"https:\/\/www.sportchaco.com.ar\/index.php?rest_route=\/wp\/v2\/users\/2"}],"replies":[{"embeddable":true,"href":"https:\/\/www.sportchaco.com.ar\/index.php?rest_route=%2Fwp%2Fv2%2Fcomments&post=15749"}],"version-history":[{"count":2,"href":"https:\/\/www.sportchaco.com.ar\/index.php?rest_route=\/wp\/v2\/posts\/15749\/revisions"}],"predecessor-version":[{"id":15755,"href":"https:\/\/www.sportchaco.com.ar\/index.php?rest_route=\/wp\/v2\/posts\/15749\/revisions\/15755"}],"wp:featuredmedia":[{"embeddable":true,"href":"https:\/\/www.sportchaco.com.ar\/index.php?rest_route=\/wp\/v2\/media\/15750"}],"wp:attachment":[{"href":"https:\/\/www.sportchaco.com.ar\/index.php?rest_route=%2Fwp%2Fv2%2Fmedia&parent=15749"}],"wp:term":[{"taxonomy":"category","embeddable":true,"href":"https:\/\/www.sportchaco.com.ar\/index.php?rest_route=%2Fwp%2Fv2%2Fcategories&post=15749"},{"taxonomy":"post_tag","embeddable":true,"href":"https:\/\/www.sportchaco.com.ar\/index.php?rest_route=%2Fwp%2Fv2%2Ftags&post=15749"}],"curies":[{"name":"wp","href":"https:\/\/api.w.org\/{rel}","templated":true}]}}