{"id":15762,"date":"2025-01-13T14:07:07","date_gmt":"2025-01-13T17:07:07","guid":{"rendered":"https:\/\/www.sportchaco.com.ar\/?p=15762"},"modified":"2025-01-14T13:58:34","modified_gmt":"2025-01-14T16:58:34","slug":"jonathan-bay-se-suma-a-platense","status":"publish","type":"post","link":"https:\/\/www.sportchaco.com.ar\/?p=15762","title":{"rendered":"Jonathan Bay se suma a Platense"},"content":{"rendered":"<p><strong>13-01-2025<\/strong><\/p>\n<p><img loading=\"lazy\" decoding=\"async\" class=\" wp-image-11990 aligncenter\" src=\"https:\/\/www.sportchaco.com.ar\/wp-content\/uploads\/2024\/07\/Copy-of-CHACO-JUEGA-BANNERS-1_1200X200-1-300x50.gif\" alt=\"\" width=\"348\" height=\"58\" srcset=\"https:\/\/www.sportchaco.com.ar\/wp-content\/uploads\/2024\/07\/Copy-of-CHACO-JUEGA-BANNERS-1_1200X200-1-300x50.gif 300w, https:\/\/www.sportchaco.com.ar\/wp-content\/uploads\/2024\/07\/Copy-of-CHACO-JUEGA-BANNERS-1_1200X200-1-1024x171.gif 1024w, https:\/\/www.sportchaco.com.ar\/wp-content\/uploads\/2024\/07\/Copy-of-CHACO-JUEGA-BANNERS-1_1200X200-1-768x128.gif 768w\" sizes=\"auto, (max-width: 348px) 100vw, 348px\" \/><\/p>\n<div class=\"x11i5rnm xat24cr x1mh8g0r x1vvkbs xtlvy1s x126k92a\"><\/div>\n<div class=\"x11i5rnm xat24cr x1mh8g0r x1vvkbs xtlvy1s x126k92a\">\n<div dir=\"auto\">\n<p>El villangelense Jonathan Bay, se convirti\u00f3 en la segunda incorporaci\u00f3n de Platense para afrontar el pr\u00f3ximo Torneo Apertura Betano 2025.<\/p>\n<p>El lateral por izquierda, de 31 a\u00f1os, llega con el pase en su poder y firm\u00f3 por una temporada luego de defender los colores de Instituto de C\u00f3rdoba en 2024.<\/p>\n<p>El zurdo naci\u00f3 en Villa \u00c1ngela, provincia de Chaco el 01\/02\/1993. Sus inicios como futbolista se dieron en Racing de C\u00f3rdoba, instituci\u00f3n a la que lleg\u00f3 con 14 a\u00f1os, logr\u00f3 debutar en 2011 y se mantuvo hasta el 2014.<\/p>\n<p>Luego le surgi\u00f3 la posibilidad de pasar a Godoy Cruz de Mendoza, donde no consigui\u00f3 tener demasiada continuidad y r\u00e1pidamente volvi\u00f3 a C\u00f3rdoba para vestir los colores de Talleres. Bay estuvo en el equipo que logr\u00f3 el ascenso a la B Nacional en 2015 y jug\u00f3 tambi\u00e9n en el 2016.<\/p>\n<p>En la \u00faltima parte de ese a\u00f1o, dej\u00f3 la T y lleg\u00f3 a Buenos Aires, m\u00e1s espec\u00edficamente a Caballito, para jugar en Ferro Carril Oeste. All\u00ed se qued\u00f3 dos temporadas y termin\u00f3 jugando 47 partidos y convirtiendo dos goles.<\/p>\n<p>Ya en 2018 arrib\u00f3 al club donde m\u00e1s participaciones sum\u00f3 hasta el momento: Central C\u00f3rdoba de Santiago del Estero. Ese a\u00f1o, el Ferroviario dio el golpe y ascendi\u00f3 a la Primera Divisi\u00f3n del f\u00fatbol argentino (eliminando a Platense en cuartos de final del Reducido). Bay fue titular indiscutido, se hizo referente y renov\u00f3 su contrato para jugar en Primera. Luego, continu\u00f3 gan\u00e1ndose la titularidad, tuvo continuidad y termin\u00f3 su ciclo en el equipo santiague\u00f1o con m\u00e1s de 100 partidos jugados y tres goles.<\/p>\n<p>A principio de 2023 tuvo un nuevo paso por C\u00f3rdoba, pero esta vez firm\u00f3 en Instituto, su \u00faltimo club. All\u00ed se qued\u00f3 dos temporadas, contabiliz\u00f3 40 partidos y le convirti\u00f3 goles a Gimnasia de la Plata y Talleres de Remedios de Escalada por Copa Argentina.<\/p>\n<p>Ahora viene a Platense para darle experiencia a la defensa y seguir gan\u00e1ndose un lugar en la elite del f\u00fatbol nacional. Desde aqu\u00ed, le deseamos lo mejor en esta temporada y todos los \u00e9xitos.<\/p>\n<p><em><strong>Informe: Ignacio Zabalza || Fotos: Dami\u00e1n Marcovechio<\/strong><\/em><\/p>\n<\/div>\n<\/div>\n<p><img loading=\"lazy\" decoding=\"async\" class=\" wp-image-13295 aligncenter\" src=\"https:\/\/www.sportchaco.com.ar\/wp-content\/uploads\/2024\/09\/CHACO-JUEGA-BANNERS-1_300X250-1-1.gif\" alt=\"\" width=\"326\" height=\"272\" \/><\/p>\n","protected":false},"excerpt":{"rendered":"<p>13-01-2025 El villangelense Jonathan Bay, se convirti\u00f3 en la segunda incorporaci\u00f3n de Platense para afrontar el pr\u00f3ximo Torneo Apertura Betano 2025. El lateral por izquierda, de 31 a\u00f1os, llega con el pase en su poder y firm\u00f3 por una temporada luego de defender los colores de Instituto de C\u00f3rdoba en 2024. El zurdo naci\u00f3 en &hellip;<\/p>\n","protected":false},"author":3,"featured_media":15763,"comment_status":"open","ping_status":"open","sticky":false,"template":"","format":"standard","meta":{"footnotes":""},"categories":[5],"tags":[],"class_list":["post-15762","post","type-post","status-publish","format-standard","has-post-thumbnail","hentry","category-futbol"],"_links":{"self":[{"href":"https:\/\/www.sportchaco.com.ar\/index.php?rest_route=\/wp\/v2\/posts\/15762","targetHints":{"allow":["GET"]}}],"collection":[{"href":"https:\/\/www.sportchaco.com.ar\/index.php?rest_route=\/wp\/v2\/posts"}],"about":[{"href":"https:\/\/www.sportchaco.com.ar\/index.php?rest_route=\/wp\/v2\/types\/post"}],"author":[{"embeddable":true,"href":"https:\/\/www.sportchaco.com.ar\/index.php?rest_route=\/wp\/v2\/users\/3"}],"replies":[{"embeddable":true,"href":"https:\/\/www.sportchaco.com.ar\/index.php?rest_route=%2Fwp%2Fv2%2Fcomments&post=15762"}],"version-history":[{"count":2,"href":"https:\/\/www.sportchaco.com.ar\/index.php?rest_route=\/wp\/v2\/posts\/15762\/revisions"}],"predecessor-version":[{"id":15782,"href":"https:\/\/www.sportchaco.com.ar\/index.php?rest_route=\/wp\/v2\/posts\/15762\/revisions\/15782"}],"wp:featuredmedia":[{"embeddable":true,"href":"https:\/\/www.sportchaco.com.ar\/index.php?rest_route=\/wp\/v2\/media\/15763"}],"wp:attachment":[{"href":"https:\/\/www.sportchaco.com.ar\/index.php?rest_route=%2Fwp%2Fv2%2Fmedia&parent=15762"}],"wp:term":[{"taxonomy":"category","embeddable":true,"href":"https:\/\/www.sportchaco.com.ar\/index.php?rest_route=%2Fwp%2Fv2%2Fcategories&post=15762"},{"taxonomy":"post_tag","embeddable":true,"href":"https:\/\/www.sportchaco.com.ar\/index.php?rest_route=%2Fwp%2Fv2%2Ftags&post=15762"}],"curies":[{"name":"wp","href":"https:\/\/api.w.org\/{rel}","templated":true}]}}