{"id":15765,"date":"2025-01-13T14:52:55","date_gmt":"2025-01-13T17:52:55","guid":{"rendered":"https:\/\/www.sportchaco.com.ar\/?p=15765"},"modified":"2025-01-13T14:52:55","modified_gmt":"2025-01-13T17:52:55","slug":"villa-san-martin-arranco-la-pretemporada-en-formativas","status":"publish","type":"post","link":"https:\/\/www.sportchaco.com.ar\/?p=15765","title":{"rendered":"Villa San Mart\u00edn arranc\u00f3 la pretemporada en formativas"},"content":{"rendered":"<p><strong>13-01-2025<\/strong><\/p>\n<p><img loading=\"lazy\" decoding=\"async\" class=\" wp-image-9468 aligncenter\" src=\"https:\/\/www.sportchaco.com.ar\/wp-content\/uploads\/2024\/05\/Nachec-728x90-2-300x37.gif\" alt=\"\" width=\"470\" height=\"58\" \/><\/p>\n<p>El pasado 8 de enero, Villa San Mart\u00edn dio inicio a la pretemporada en sus categor\u00edas formativas, dividi\u00e9ndose por categor\u00edas y en distintos horarios, teniendo el claro objetivo de continuar brillando en los planos provinciales y nacionales.<\/p>\n<figure class=\"wp-block-image size-large\"><a href=\"https:\/\/baskettotal.com.ar\/wp-content\/uploads\/2025\/01\/VSM-1.jpg\"><img loading=\"lazy\" decoding=\"async\" class=\"lazy wp-image-25906 lazy-loaded aligncenter\" src=\"https:\/\/baskettotal.com.ar\/wp-content\/uploads\/2025\/01\/VSM-1-1024x680.jpg\" sizes=\"auto, (max-width: 1024px) 100vw, 1024px\" srcset=\"https:\/\/baskettotal.com.ar\/wp-content\/uploads\/2025\/01\/VSM-1-1024x680.jpg 1024w, https:\/\/baskettotal.com.ar\/wp-content\/uploads\/2025\/01\/VSM-1-300x199.jpg 300w, https:\/\/baskettotal.com.ar\/wp-content\/uploads\/2025\/01\/VSM-1-768x510.jpg 768w, https:\/\/baskettotal.com.ar\/wp-content\/uploads\/2025\/01\/VSM-1.jpg 1040w\" alt=\"\" width=\"1024\" height=\"680\" data-lazy-type=\"image\" data-lazy-src=\"https:\/\/baskettotal.com.ar\/wp-content\/uploads\/2025\/01\/VSM-1-1024x680.jpg\" data-lazy-srcset=\"https:\/\/baskettotal.com.ar\/wp-content\/uploads\/2025\/01\/VSM-1-1024x680.jpg 1024w, https:\/\/baskettotal.com.ar\/wp-content\/uploads\/2025\/01\/VSM-1-300x199.jpg 300w, https:\/\/baskettotal.com.ar\/wp-content\/uploads\/2025\/01\/VSM-1-768x510.jpg 768w, https:\/\/baskettotal.com.ar\/wp-content\/uploads\/2025\/01\/VSM-1.jpg 1040w\" data-lazy-sizes=\"(max-width: 1024px) 100vw, 1024px\" \/><\/a><\/figure>\n<p>En estos primeros d\u00edas de trabajo, las categor\u00edas y horarios estuvieron divididos de la siguiente manera: U13 de 18 a 19 horas; U15 de 19 a 20 horas; y U17 de 20 a 21 horas. Vale remarcar que desde el 21 de este mes, arrancan las categor\u00edas U21 y Primera.<\/p>\n<p>Con respecto al staff de entrenadores, contin\u00faan Tom\u00e1s N\u00fa\u00f1ez, Gonzalo Flores y se suma Manuel R\u00edos, entrenador que es del club y jug\u00f3 en formativas en la instituci\u00f3n. En tanto que tambi\u00e9n contin\u00faa Jorge Osuna y se suma Pablo Brocal. Vale aclarar que todav\u00eda no est\u00e1n divididas las categor\u00edas por Tira A y B.<\/p>\n<figure class=\"wp-block-image size-large\"><a href=\"https:\/\/baskettotal.com.ar\/wp-content\/uploads\/2025\/01\/VSM-4.jpg\"><img loading=\"lazy\" decoding=\"async\" class=\"lazy wp-image-25907 lazy-loaded aligncenter\" src=\"https:\/\/baskettotal.com.ar\/wp-content\/uploads\/2025\/01\/VSM-4-1024x680.jpg\" sizes=\"auto, (max-width: 1024px) 100vw, 1024px\" srcset=\"https:\/\/baskettotal.com.ar\/wp-content\/uploads\/2025\/01\/VSM-4-1024x680.jpg 1024w, https:\/\/baskettotal.com.ar\/wp-content\/uploads\/2025\/01\/VSM-4-300x199.jpg 300w, https:\/\/baskettotal.com.ar\/wp-content\/uploads\/2025\/01\/VSM-4-768x510.jpg 768w, https:\/\/baskettotal.com.ar\/wp-content\/uploads\/2025\/01\/VSM-4.jpg 1040w\" alt=\"\" width=\"1024\" height=\"680\" data-lazy-type=\"image\" data-lazy-src=\"https:\/\/baskettotal.com.ar\/wp-content\/uploads\/2025\/01\/VSM-4-1024x680.jpg\" data-lazy-srcset=\"https:\/\/baskettotal.com.ar\/wp-content\/uploads\/2025\/01\/VSM-4-1024x680.jpg 1024w, https:\/\/baskettotal.com.ar\/wp-content\/uploads\/2025\/01\/VSM-4-300x199.jpg 300w, https:\/\/baskettotal.com.ar\/wp-content\/uploads\/2025\/01\/VSM-4-768x510.jpg 768w, https:\/\/baskettotal.com.ar\/wp-content\/uploads\/2025\/01\/VSM-4.jpg 1040w\" data-lazy-sizes=\"(max-width: 1024px) 100vw, 1024px\" \/><\/a><\/figure>\n<p>\u00abLa idea es sostener el trabajo que se viene realizando, seguir potenci\u00e1ndolo y sacar chicos para desarrollar su m\u00e1ximo potencial en los torneos nacionales, donde el a\u00f1o pasado lo dejamos en claro en las diferentes categor\u00edas\u00bb, expres\u00f3 el coordinador de las categor\u00edas formativas, Hugo Camisasca.<\/p>\n<p><em><strong>Fotos: Soledad Mordacini (Villa San Mart\u00edn)<\/strong><\/em><\/p>\n<p><img loading=\"lazy\" decoding=\"async\" class=\" wp-image-9671 aligncenter\" src=\"https:\/\/www.sportchaco.com.ar\/wp-content\/uploads\/2024\/05\/Nachec1-200x200-1.gif\" alt=\"\" width=\"244\" height=\"244\" \/><\/p>\n","protected":false},"excerpt":{"rendered":"<p>13-01-2025 El pasado 8 de enero, Villa San Mart\u00edn dio inicio a la pretemporada en sus categor\u00edas formativas, dividi\u00e9ndose por categor\u00edas y en distintos horarios, teniendo el claro objetivo de continuar brillando en los planos provinciales y nacionales. En estos primeros d\u00edas de trabajo, las categor\u00edas y horarios estuvieron divididos de la siguiente manera: U13 &hellip;<\/p>\n","protected":false},"author":3,"featured_media":15766,"comment_status":"open","ping_status":"open","sticky":false,"template":"","format":"standard","meta":{"footnotes":""},"categories":[3],"tags":[],"class_list":["post-15765","post","type-post","status-publish","format-standard","has-post-thumbnail","hentry","category-basquetbol"],"_links":{"self":[{"href":"https:\/\/www.sportchaco.com.ar\/index.php?rest_route=\/wp\/v2\/posts\/15765","targetHints":{"allow":["GET"]}}],"collection":[{"href":"https:\/\/www.sportchaco.com.ar\/index.php?rest_route=\/wp\/v2\/posts"}],"about":[{"href":"https:\/\/www.sportchaco.com.ar\/index.php?rest_route=\/wp\/v2\/types\/post"}],"author":[{"embeddable":true,"href":"https:\/\/www.sportchaco.com.ar\/index.php?rest_route=\/wp\/v2\/users\/3"}],"replies":[{"embeddable":true,"href":"https:\/\/www.sportchaco.com.ar\/index.php?rest_route=%2Fwp%2Fv2%2Fcomments&post=15765"}],"version-history":[{"count":1,"href":"https:\/\/www.sportchaco.com.ar\/index.php?rest_route=\/wp\/v2\/posts\/15765\/revisions"}],"predecessor-version":[{"id":15767,"href":"https:\/\/www.sportchaco.com.ar\/index.php?rest_route=\/wp\/v2\/posts\/15765\/revisions\/15767"}],"wp:featuredmedia":[{"embeddable":true,"href":"https:\/\/www.sportchaco.com.ar\/index.php?rest_route=\/wp\/v2\/media\/15766"}],"wp:attachment":[{"href":"https:\/\/www.sportchaco.com.ar\/index.php?rest_route=%2Fwp%2Fv2%2Fmedia&parent=15765"}],"wp:term":[{"taxonomy":"category","embeddable":true,"href":"https:\/\/www.sportchaco.com.ar\/index.php?rest_route=%2Fwp%2Fv2%2Fcategories&post=15765"},{"taxonomy":"post_tag","embeddable":true,"href":"https:\/\/www.sportchaco.com.ar\/index.php?rest_route=%2Fwp%2Fv2%2Ftags&post=15765"}],"curies":[{"name":"wp","href":"https:\/\/api.w.org\/{rel}","templated":true}]}}