{"id":15769,"date":"2025-01-14T12:25:57","date_gmt":"2025-01-14T15:25:57","guid":{"rendered":"https:\/\/www.sportchaco.com.ar\/?p=15769"},"modified":"2025-01-14T12:26:36","modified_gmt":"2025-01-14T15:26:36","slug":"el-campeon-del-ascenso-arranco-con-su-pretemporada","status":"publish","type":"post","link":"https:\/\/www.sportchaco.com.ar\/?p=15769","title":{"rendered":"El campe\u00f3n del ascenso arranc\u00f3 con su pretemporada"},"content":{"rendered":"<p><strong>14-01-2025<\/strong><\/p>\n<p><img loading=\"lazy\" decoding=\"async\" class=\" wp-image-9640 aligncenter\" src=\"https:\/\/www.sportchaco.com.ar\/wp-content\/uploads\/2024\/05\/gob-obras-marzo-apaisado-300x29.gif\" alt=\"\" width=\"352\" height=\"34\" srcset=\"https:\/\/www.sportchaco.com.ar\/wp-content\/uploads\/2024\/05\/gob-obras-marzo-apaisado-300x29.gif 300w, https:\/\/www.sportchaco.com.ar\/wp-content\/uploads\/2024\/05\/gob-obras-marzo-apaisado-768x74.gif 768w\" sizes=\"auto, (max-width: 352px) 100vw, 352px\" \/><\/p>\n<p>En la tarde de este lunes, el Deportivo Luj\u00e1n dio inicio a sus trabajos de pretemporada para afrontar la Primera Divisi\u00f3n de la Liga Chaque\u00f1a de F\u00fatbol en este 2025.<\/p>\n<p>El equipo de Villa R\u00edo Negro se hab\u00eda consagrado campe\u00f3n del torneo de la Primera B liguista el a\u00f1o pasado y se qued\u00f3 con el primero de los tres ascensos que ofreci\u00f3 la categor\u00eda.<\/p>\n<p>Los trabajos iniciaron, tanto para Primera como Tercera Divisi\u00f3n, en el estadio \u00abClaudio Jerem\u00edas Echeverri\u00bb. El entrenador en esta temporada ser\u00e1 Sergio Gustavo Adorno que estar\u00e1 acompa\u00f1ado por Luis L\u00f3pez y de preparador f\u00edsico est\u00e1 Carlos Segovia; de la Reserva se encargar\u00e1n Rub\u00e9n Cuevas y Cristian Flego.<\/p>\n<p>La idea de la Liga Chaque\u00f1a de F\u00fatbol es comenzar con su torneo de m\u00e1xima categor\u00eda a fines de febrero o principios de marzo, aunque eso depender\u00e1 de cuando se realice al Asamblea.<\/p>\n<p><em><strong>Foto: Prensa Deportivo Luj\u00e1n<\/strong><\/em><\/p>\n<p><img loading=\"lazy\" decoding=\"async\" class=\" wp-image-9746 aligncenter\" src=\"https:\/\/www.sportchaco.com.ar\/wp-content\/uploads\/2024\/05\/Mosquitos-aviso-240x300.jpeg\" alt=\"\" width=\"266\" height=\"333\" srcset=\"https:\/\/www.sportchaco.com.ar\/wp-content\/uploads\/2024\/05\/Mosquitos-aviso-240x300.jpeg 240w, https:\/\/www.sportchaco.com.ar\/wp-content\/uploads\/2024\/05\/Mosquitos-aviso-819x1024.jpeg 819w, https:\/\/www.sportchaco.com.ar\/wp-content\/uploads\/2024\/05\/Mosquitos-aviso-768x960.jpeg 768w, https:\/\/www.sportchaco.com.ar\/wp-content\/uploads\/2024\/05\/Mosquitos-aviso.jpeg 1080w\" sizes=\"auto, (max-width: 266px) 100vw, 266px\" \/><\/p>\n","protected":false},"excerpt":{"rendered":"<p>14-01-2025 En la tarde de este lunes, el Deportivo Luj\u00e1n dio inicio a sus trabajos de pretemporada para afrontar la Primera Divisi\u00f3n de la Liga Chaque\u00f1a de F\u00fatbol en este 2025. El equipo de Villa R\u00edo Negro se hab\u00eda consagrado campe\u00f3n del torneo de la Primera B liguista el a\u00f1o pasado y se qued\u00f3 con &hellip;<\/p>\n","protected":false},"author":3,"featured_media":15770,"comment_status":"open","ping_status":"open","sticky":false,"template":"","format":"standard","meta":{"footnotes":""},"categories":[5],"tags":[],"class_list":["post-15769","post","type-post","status-publish","format-standard","has-post-thumbnail","hentry","category-futbol"],"_links":{"self":[{"href":"https:\/\/www.sportchaco.com.ar\/index.php?rest_route=\/wp\/v2\/posts\/15769","targetHints":{"allow":["GET"]}}],"collection":[{"href":"https:\/\/www.sportchaco.com.ar\/index.php?rest_route=\/wp\/v2\/posts"}],"about":[{"href":"https:\/\/www.sportchaco.com.ar\/index.php?rest_route=\/wp\/v2\/types\/post"}],"author":[{"embeddable":true,"href":"https:\/\/www.sportchaco.com.ar\/index.php?rest_route=\/wp\/v2\/users\/3"}],"replies":[{"embeddable":true,"href":"https:\/\/www.sportchaco.com.ar\/index.php?rest_route=%2Fwp%2Fv2%2Fcomments&post=15769"}],"version-history":[{"count":2,"href":"https:\/\/www.sportchaco.com.ar\/index.php?rest_route=\/wp\/v2\/posts\/15769\/revisions"}],"predecessor-version":[{"id":15775,"href":"https:\/\/www.sportchaco.com.ar\/index.php?rest_route=\/wp\/v2\/posts\/15769\/revisions\/15775"}],"wp:featuredmedia":[{"embeddable":true,"href":"https:\/\/www.sportchaco.com.ar\/index.php?rest_route=\/wp\/v2\/media\/15770"}],"wp:attachment":[{"href":"https:\/\/www.sportchaco.com.ar\/index.php?rest_route=%2Fwp%2Fv2%2Fmedia&parent=15769"}],"wp:term":[{"taxonomy":"category","embeddable":true,"href":"https:\/\/www.sportchaco.com.ar\/index.php?rest_route=%2Fwp%2Fv2%2Fcategories&post=15769"},{"taxonomy":"post_tag","embeddable":true,"href":"https:\/\/www.sportchaco.com.ar\/index.php?rest_route=%2Fwp%2Fv2%2Ftags&post=15769"}],"curies":[{"name":"wp","href":"https:\/\/api.w.org\/{rel}","templated":true}]}}