{"id":15790,"date":"2025-01-15T23:01:15","date_gmt":"2025-01-16T02:01:15","guid":{"rendered":"https:\/\/www.sportchaco.com.ar\/?p=15790"},"modified":"2025-01-15T23:06:16","modified_gmt":"2025-01-16T02:06:16","slug":"efemerides-del-16-de-enero","status":"publish","type":"post","link":"https:\/\/www.sportchaco.com.ar\/?p=15790","title":{"rendered":"Efem\u00e9rides del 16 de enero"},"content":{"rendered":"<div class=\"container fullwidth-entry-title-wrapper\">\n<div class=\"container-wrapper fullwidth-entry-title\">\n<header class=\"entry-header-outer\">\n<div class=\"entry-header\">\n<div class=\"single-post-meta post-meta clearfix\">\n<div class=\"tie-alignright\"><\/div>\n<\/div>\n<\/div>\n<\/header>\n<\/div>\n<\/div>\n<div id=\"content\" class=\"site-content container\">\n<div id=\"main-content-row\" class=\"tie-row main-content-row\">\n<div class=\"main-content tie-col-md-8 tie-col-xs-12\" role=\"main\">\n<article id=\"the-post\" class=\"container-wrapper post-content tie-standard\">\n<div class=\"featured-area\">\n<div class=\"featured-area-inner\"><\/div>\n<\/div>\n<div class=\"entry-content entry clearfix\">\n<p><strong>Esta es la Efem\u00e9rides del Deporte en el Chaco de un 16 de enero del periodista Luis Dar\u00edo Molodezky<\/strong><\/p>\n<\/div>\n<p><img loading=\"lazy\" decoding=\"async\" class=\"alignnone size-medium wp-image-15651\" src=\"https:\/\/www.sportchaco.com.ar\/wp-content\/uploads\/2025\/01\/Molodezky-Luis-11-05-24-300x225.jpg\" alt=\"\" width=\"300\" height=\"225\" srcset=\"https:\/\/www.sportchaco.com.ar\/wp-content\/uploads\/2025\/01\/Molodezky-Luis-11-05-24-300x225.jpg 300w, https:\/\/www.sportchaco.com.ar\/wp-content\/uploads\/2025\/01\/Molodezky-Luis-11-05-24-1024x768.jpg 1024w, https:\/\/www.sportchaco.com.ar\/wp-content\/uploads\/2025\/01\/Molodezky-Luis-11-05-24-768x576.jpg 768w, https:\/\/www.sportchaco.com.ar\/wp-content\/uploads\/2025\/01\/Molodezky-Luis-11-05-24-1536x1153.jpg 1536w, https:\/\/www.sportchaco.com.ar\/wp-content\/uploads\/2025\/01\/Molodezky-Luis-11-05-24.jpg 1599w\" sizes=\"auto, (max-width: 300px) 100vw, 300px\" \/><\/p>\n<div class=\"entry-content entry clearfix\">\n<p><strong>1936\u00a0<\/strong>\/ Queda constituida la Federaci\u00f3n Ciclista del Chaco, con la participaci\u00f3n de los Clubes Petit Breton, Octavio Botecchia y Ciclista Resistencia. La reuni\u00f3n constitutiva se efectu\u00f3 en la sede de la Asociaci\u00f3n Italiana de Resistencia. Son sus m\u00e1ximos directivos, Francisco Pereno, como presidente y el ingeniero Luis Tomatis, como vice.<\/p>\n<p>&nbsp;<\/p>\n<p><strong>1937\u00a0<\/strong>\/ En aguas del r\u00edo Negro se realiza un encuentro entre nadadores del Regatas y libres de Balneario Municipal. En 25 metros estilo, en libre cadetes: 1) Dante Agazzani, 2) Benigno L\u00f3pez y 3) Jorge Kirtermacher. En 50 metros 1) H\u00e9ctor Comors, 2) F\u00e9lix Ver\u00f3n y 3) Eduardo Orcola.<\/p>\n<p>&nbsp;<\/p>\n<p><strong>1978\u00a0<\/strong>\/ Nace la Asociaci\u00f3n Veteranos de F\u00fatbol de Resistencia, con la intenci\u00f3n de agrupar a todos los jugadores que abandonaron la pr\u00e1ctica activa. Pudo agrupar a m\u00e1s de 100 equipos del gran Resistencia, Fontana, Puerto Tirol, Barranqueras, Antequera y Margarita Bel\u00e9n. Pertenece a la Asociaci\u00f3n Argentina de F\u00fatbol de Veteranos con sede en Paran\u00e1, Entre R\u00edos, y es fundadora de la Federaci\u00f3n Chaque\u00f1a de Veteranos de F\u00fatbol.<\/p>\n<p>&nbsp;<\/p>\n<p><strong>1984\u00a0<\/strong>\/ Uni\u00f3n de General Pinedo gana por 11 a 1 a Sportivo Pampa en Charata y clasifica para la segunda fase del torneo regional, superando por diferencia de goles a Sarmiento que le gan\u00f3 a Alvear de Villa \u00c1ngela por 5 a 1.<\/p>\n<h3>Foto: Uni\u00f3n de General Pinedo en 1984<\/h3>\n<\/div>\n<\/article>\n<\/div>\n<\/div>\n<\/div>\n","protected":false},"excerpt":{"rendered":"<p>Esta es la Efem\u00e9rides del Deporte en el Chaco de un 16 de enero del periodista Luis Dar\u00edo Molodezky 1936\u00a0\/ Queda constituida la Federaci\u00f3n Ciclista del Chaco, con la participaci\u00f3n de los Clubes Petit Breton, Octavio Botecchia y Ciclista Resistencia. La reuni\u00f3n constitutiva se efectu\u00f3 en la sede de la Asociaci\u00f3n Italiana de Resistencia. Son &hellip;<\/p>\n","protected":false},"author":2,"featured_media":15810,"comment_status":"open","ping_status":"open","sticky":false,"template":"","format":"standard","meta":{"footnotes":""},"categories":[45,31],"tags":[],"class_list":["post-15790","post","type-post","status-publish","format-standard","has-post-thumbnail","hentry","category-efemerides-dia-por-dia","category-enero"],"_links":{"self":[{"href":"https:\/\/www.sportchaco.com.ar\/index.php?rest_route=\/wp\/v2\/posts\/15790","targetHints":{"allow":["GET"]}}],"collection":[{"href":"https:\/\/www.sportchaco.com.ar\/index.php?rest_route=\/wp\/v2\/posts"}],"about":[{"href":"https:\/\/www.sportchaco.com.ar\/index.php?rest_route=\/wp\/v2\/types\/post"}],"author":[{"embeddable":true,"href":"https:\/\/www.sportchaco.com.ar\/index.php?rest_route=\/wp\/v2\/users\/2"}],"replies":[{"embeddable":true,"href":"https:\/\/www.sportchaco.com.ar\/index.php?rest_route=%2Fwp%2Fv2%2Fcomments&post=15790"}],"version-history":[{"count":2,"href":"https:\/\/www.sportchaco.com.ar\/index.php?rest_route=\/wp\/v2\/posts\/15790\/revisions"}],"predecessor-version":[{"id":15812,"href":"https:\/\/www.sportchaco.com.ar\/index.php?rest_route=\/wp\/v2\/posts\/15790\/revisions\/15812"}],"wp:featuredmedia":[{"embeddable":true,"href":"https:\/\/www.sportchaco.com.ar\/index.php?rest_route=\/wp\/v2\/media\/15810"}],"wp:attachment":[{"href":"https:\/\/www.sportchaco.com.ar\/index.php?rest_route=%2Fwp%2Fv2%2Fmedia&parent=15790"}],"wp:term":[{"taxonomy":"category","embeddable":true,"href":"https:\/\/www.sportchaco.com.ar\/index.php?rest_route=%2Fwp%2Fv2%2Fcategories&post=15790"},{"taxonomy":"post_tag","embeddable":true,"href":"https:\/\/www.sportchaco.com.ar\/index.php?rest_route=%2Fwp%2Fv2%2Ftags&post=15790"}],"curies":[{"name":"wp","href":"https:\/\/api.w.org\/{rel}","templated":true}]}}