{"id":15807,"date":"2025-01-16T11:42:43","date_gmt":"2025-01-16T14:42:43","guid":{"rendered":"https:\/\/www.sportchaco.com.ar\/?p=15807"},"modified":"2025-01-16T11:42:43","modified_gmt":"2025-01-16T14:42:43","slug":"don-orione-tuvo-un-exitoso-campus-de-verano","status":"publish","type":"post","link":"https:\/\/www.sportchaco.com.ar\/?p=15807","title":{"rendered":"Don Orione tuvo un exitoso campus de verano"},"content":{"rendered":"<p><strong>16-01-2025<\/strong><\/p>\n<p><img loading=\"lazy\" decoding=\"async\" class=\" wp-image-9468 aligncenter\" src=\"https:\/\/www.sportchaco.com.ar\/wp-content\/uploads\/2024\/05\/Nachec-728x90-2-300x37.gif\" alt=\"\" width=\"373\" height=\"46\" \/><\/p>\n<p>Desde el 6 hasta el 11 de enero, Don Orione Atletic Club de Barranqueras llev\u00f3 adelante su Campus de Verano, destinado a jugadores de todos los clubes, desde los 11 hasta los 21 a\u00f1os de edad, en ambas ramas y con jornadas de doble turno. El mismo se dividi\u00f3 en 2 grupos: de 11 a 13 a\u00f1os, y de 14 a 21 a\u00f1os, comenzando los trabajos a las 8 horas y el otro a las 10 horas, en tanto que por la tarde a las 17 horas y el segundo turno a las 19 horas. Los entrenadores a cargo fueron Gustavo Alcar\u00e1z, Sergio Ruberto y Fernando Cristaldo.<\/p>\n<figure class=\"wp-block-image size-large\"><a href=\"https:\/\/baskettotal.com.ar\/wp-content\/uploads\/2025\/01\/DOAC-5.jpg\"><img loading=\"lazy\" decoding=\"async\" class=\"lazy wp-image-25945 lazy-loaded aligncenter\" src=\"https:\/\/baskettotal.com.ar\/wp-content\/uploads\/2025\/01\/DOAC-5-1024x607.jpg\" sizes=\"auto, (max-width: 1024px) 100vw, 1024px\" srcset=\"https:\/\/baskettotal.com.ar\/wp-content\/uploads\/2025\/01\/DOAC-5-1024x607.jpg 1024w, https:\/\/baskettotal.com.ar\/wp-content\/uploads\/2025\/01\/DOAC-5-300x178.jpg 300w, https:\/\/baskettotal.com.ar\/wp-content\/uploads\/2025\/01\/DOAC-5-768x455.jpg 768w, https:\/\/baskettotal.com.ar\/wp-content\/uploads\/2025\/01\/DOAC-5.jpg 1040w\" alt=\"\" width=\"1024\" height=\"607\" data-lazy-type=\"image\" data-lazy-src=\"https:\/\/baskettotal.com.ar\/wp-content\/uploads\/2025\/01\/DOAC-5-1024x607.jpg\" data-lazy-srcset=\"https:\/\/baskettotal.com.ar\/wp-content\/uploads\/2025\/01\/DOAC-5-1024x607.jpg 1024w, https:\/\/baskettotal.com.ar\/wp-content\/uploads\/2025\/01\/DOAC-5-300x178.jpg 300w, https:\/\/baskettotal.com.ar\/wp-content\/uploads\/2025\/01\/DOAC-5-768x455.jpg 768w, https:\/\/baskettotal.com.ar\/wp-content\/uploads\/2025\/01\/DOAC-5.jpg 1040w\" data-lazy-sizes=\"(max-width: 1024px) 100vw, 1024px\" \/><\/a><\/figure>\n<p>Durante esos d\u00edas que se llev\u00f3 adelante el Campus, tambi\u00e9n realiz\u00f3 una fruct\u00edfera charla \u2013 aprendizaje el preparador f\u00edsico Guillermo Stieg, sobre justamente la preparaci\u00f3n y prevenci\u00f3n de lesiones. Adem\u00e1s fue el licenciado en Nutrici\u00f3n, Mauricio Maderna, con charlas sobre nutrici\u00f3n, descanso, adem\u00e1s de comentarle su vida como deportista \u2013 profesional. Y tambi\u00e9n estuvieron los chicos del Centro Kin\u00e9sico Furness, quienes dieron una charla sobre vendajes y toda la prevenci\u00f3n de lesiones.<\/p>\n<p><strong>Abrir las puertas del club<br \/>\n<\/strong>Al respecto, el entrenador Gustavo Alcar\u00e1z afirm\u00f3 que \u201cse logr\u00f3 el objetivo de abrir las puertas del club a los chicos que se sumaron, fueron a entrenar y cumplieron, donde tambi\u00e9n hubo chicos de otros clubes\u201d, remarcando, \u201clas sensaciones fueron muy buenas, donde nosotros aprendimos y los chicos aprendieron, adem\u00e1s de que \u201cmuchos padres se fueron contentos por los entrenamientos y las charlas que se llevaron los chicos\u201d.<\/p>\n<figure class=\"wp-block-image size-large\"><a href=\"https:\/\/baskettotal.com.ar\/wp-content\/uploads\/2025\/01\/DOAC-3.jpg\"><img loading=\"lazy\" decoding=\"async\" class=\"lazy wp-image-25949 lazy-loaded aligncenter\" src=\"https:\/\/baskettotal.com.ar\/wp-content\/uploads\/2025\/01\/DOAC-3-1024x523.jpg\" sizes=\"auto, (max-width: 1024px) 100vw, 1024px\" srcset=\"https:\/\/baskettotal.com.ar\/wp-content\/uploads\/2025\/01\/DOAC-3-1024x523.jpg 1024w, https:\/\/baskettotal.com.ar\/wp-content\/uploads\/2025\/01\/DOAC-3-300x153.jpg 300w, https:\/\/baskettotal.com.ar\/wp-content\/uploads\/2025\/01\/DOAC-3-768x392.jpg 768w, https:\/\/baskettotal.com.ar\/wp-content\/uploads\/2025\/01\/DOAC-3.jpg 1040w\" alt=\"\" width=\"1024\" height=\"523\" data-lazy-type=\"image\" data-lazy-src=\"https:\/\/baskettotal.com.ar\/wp-content\/uploads\/2025\/01\/DOAC-3-1024x523.jpg\" data-lazy-srcset=\"https:\/\/baskettotal.com.ar\/wp-content\/uploads\/2025\/01\/DOAC-3-1024x523.jpg 1024w, https:\/\/baskettotal.com.ar\/wp-content\/uploads\/2025\/01\/DOAC-3-300x153.jpg 300w, https:\/\/baskettotal.com.ar\/wp-content\/uploads\/2025\/01\/DOAC-3-768x392.jpg 768w, https:\/\/baskettotal.com.ar\/wp-content\/uploads\/2025\/01\/DOAC-3.jpg 1040w\" data-lazy-sizes=\"auto, (max-width: 1024px) 100vw, 1024px\" \/><\/a><\/figure>\n<p><strong>\u201cTodo estuvo muy bien organizado\u201d<br \/>\n<\/strong>Por su parte, el reconocido entrenador Sergio Ruberto, que tambi\u00e9n form\u00f3 parte del staff de entrenadores del Campus, expres\u00f3 que \u201ctodo estuvo muy bien organizado, donde los profesionales dieron sus ense\u00f1anzas a los 49 chicos que participaron de este Campus y los entrenadores brindamos todos nuestros conocimientos\u201d.<\/p>\n<p><strong>Agradecimiento<br \/>\n<\/strong>Por \u00faltimo, el joven entrenador Fernando Cristaldo destac\u00f3 los \u201ctrabajos realizados en este Campus, donde a su vez agradeci\u00f3 a todos los colaboradores y dirigencia quienes hicieron posible que toda esta movida sea un verdadero \u00e9xito.<\/p>\n<p><strong>Refrigerio<br \/>\n<\/strong>Al finalizar este Campus de Verano, todos los jugadores participantes compartieron un refrigerio y a cada ni\u00f1o se les dio una carpeta con todos los conocimientos aprendidos sobre nutrici\u00f3n, kinesiolog\u00eda y educaci\u00f3n f\u00edsica.<\/p>\n<p>&nbsp;<\/p>\n<p><img loading=\"lazy\" decoding=\"async\" class=\" wp-image-9467 aligncenter\" src=\"https:\/\/www.sportchaco.com.ar\/wp-content\/uploads\/2024\/05\/Nachec1-300x250-1.gif\" alt=\"\" width=\"354\" height=\"295\" \/><\/p>\n","protected":false},"excerpt":{"rendered":"<p>16-01-2025 Desde el 6 hasta el 11 de enero, Don Orione Atletic Club de Barranqueras llev\u00f3 adelante su Campus de Verano, destinado a jugadores de todos los clubes, desde los 11 hasta los 21 a\u00f1os de edad, en ambas ramas y con jornadas de doble turno. El mismo se dividi\u00f3 en 2 grupos: de 11 &hellip;<\/p>\n","protected":false},"author":3,"featured_media":15809,"comment_status":"open","ping_status":"open","sticky":false,"template":"","format":"standard","meta":{"footnotes":""},"categories":[3],"tags":[],"class_list":["post-15807","post","type-post","status-publish","format-standard","has-post-thumbnail","hentry","category-basquetbol"],"_links":{"self":[{"href":"https:\/\/www.sportchaco.com.ar\/index.php?rest_route=\/wp\/v2\/posts\/15807","targetHints":{"allow":["GET"]}}],"collection":[{"href":"https:\/\/www.sportchaco.com.ar\/index.php?rest_route=\/wp\/v2\/posts"}],"about":[{"href":"https:\/\/www.sportchaco.com.ar\/index.php?rest_route=\/wp\/v2\/types\/post"}],"author":[{"embeddable":true,"href":"https:\/\/www.sportchaco.com.ar\/index.php?rest_route=\/wp\/v2\/users\/3"}],"replies":[{"embeddable":true,"href":"https:\/\/www.sportchaco.com.ar\/index.php?rest_route=%2Fwp%2Fv2%2Fcomments&post=15807"}],"version-history":[{"count":1,"href":"https:\/\/www.sportchaco.com.ar\/index.php?rest_route=\/wp\/v2\/posts\/15807\/revisions"}],"predecessor-version":[{"id":15808,"href":"https:\/\/www.sportchaco.com.ar\/index.php?rest_route=\/wp\/v2\/posts\/15807\/revisions\/15808"}],"wp:featuredmedia":[{"embeddable":true,"href":"https:\/\/www.sportchaco.com.ar\/index.php?rest_route=\/wp\/v2\/media\/15809"}],"wp:attachment":[{"href":"https:\/\/www.sportchaco.com.ar\/index.php?rest_route=%2Fwp%2Fv2%2Fmedia&parent=15807"}],"wp:term":[{"taxonomy":"category","embeddable":true,"href":"https:\/\/www.sportchaco.com.ar\/index.php?rest_route=%2Fwp%2Fv2%2Fcategories&post=15807"},{"taxonomy":"post_tag","embeddable":true,"href":"https:\/\/www.sportchaco.com.ar\/index.php?rest_route=%2Fwp%2Fv2%2Ftags&post=15807"}],"curies":[{"name":"wp","href":"https:\/\/api.w.org\/{rel}","templated":true}]}}