{"id":15813,"date":"2025-01-16T23:01:26","date_gmt":"2025-01-17T02:01:26","guid":{"rendered":"https:\/\/www.sportchaco.com.ar\/?p=15813"},"modified":"2025-01-16T23:00:29","modified_gmt":"2025-01-17T02:00:29","slug":"efemerides-del-17-de-enero","status":"publish","type":"post","link":"https:\/\/www.sportchaco.com.ar\/?p=15813","title":{"rendered":"Efem\u00e9rides del 17 de enero"},"content":{"rendered":"<div class=\"container fullwidth-entry-title-wrapper\">\n<div class=\"container-wrapper fullwidth-entry-title\">\n<header class=\"entry-header-outer\">\n<div class=\"entry-header\">\n<h1 class=\"post-title entry-title\"><\/h1>\n<div class=\"single-post-meta post-meta clearfix\"><\/div>\n<\/div>\n<\/header>\n<\/div>\n<\/div>\n<div id=\"content\" class=\"site-content container\">\n<div id=\"main-content-row\" class=\"tie-row main-content-row\">\n<div class=\"main-content tie-col-md-8 tie-col-xs-12\" role=\"main\">\n<article id=\"the-post\" class=\"container-wrapper post-content tie-standard\">\n<div class=\"featured-area\">\n<div class=\"featured-area-inner\"><\/div>\n<\/div>\n<div class=\"entry-content entry clearfix\">\n<p><strong>Esta es la Efem\u00e9rides del Deporte en el Chaco de un 16 de enero del periodista Luis Dar\u00edo Molodezky<\/strong><\/p>\n<p>&nbsp;<\/p>\n<p><img loading=\"lazy\" decoding=\"async\" class=\"alignnone size-medium wp-image-15651\" src=\"https:\/\/www.sportchaco.com.ar\/wp-content\/uploads\/2025\/01\/Molodezky-Luis-11-05-24-300x225.jpg\" alt=\"\" width=\"300\" height=\"225\" srcset=\"https:\/\/www.sportchaco.com.ar\/wp-content\/uploads\/2025\/01\/Molodezky-Luis-11-05-24-300x225.jpg 300w, https:\/\/www.sportchaco.com.ar\/wp-content\/uploads\/2025\/01\/Molodezky-Luis-11-05-24-1024x768.jpg 1024w, https:\/\/www.sportchaco.com.ar\/wp-content\/uploads\/2025\/01\/Molodezky-Luis-11-05-24-768x576.jpg 768w, https:\/\/www.sportchaco.com.ar\/wp-content\/uploads\/2025\/01\/Molodezky-Luis-11-05-24-1536x1153.jpg 1536w, https:\/\/www.sportchaco.com.ar\/wp-content\/uploads\/2025\/01\/Molodezky-Luis-11-05-24.jpg 1599w\" sizes=\"auto, (max-width: 300px) 100vw, 300px\" \/><\/p>\n<p>&nbsp;<\/p>\n<p>&nbsp;<\/p>\n<p><strong>1987\u00a0<\/strong>\/ Dos j\u00f3venes jugadores de General Belgrano son transferidos a equipos que juegan en primera. Santiago Yaco Aguz\u00edn a Rosario Central y Fabi\u00e1n Barrientos a San Lorenzo.<\/p>\n<p>&nbsp;<\/p>\n<p><strong>2013<\/strong> \/ Un d\u00eda antes de cumplir 61 a\u00f1os, fallece en Resistencia el camar\u00f3grafo Dardo Armando \u201cTeddy\u201d Bustamante. Su relaci\u00f3n con el arte y la cultura le lleg\u00f3 desde muy joven, ya que su padre era el famoso Payaso \u2018Argentino\u2019 y muchas veces actuaba acompa\u00f1ado de su hijo. Muy joven se vinculo con la TV cuando se le present\u00f3 la oportunidad de trabajar en Buenos Aires. Detallista como pocos, trabaj\u00f3 en importantes programas de la televisi\u00f3n argentina, y en el Chaco empez\u00f3 a plasmar im\u00e1genes que quedaron en la historia, y donde el deporte ocupaba un lugar especial, a trav\u00e9s del programa DeporTV con Jorge Altamirano y Jorge Diel, junto a Pocholo Mancuello y Luis Dar\u00edo Molodezky en la producci\u00f3n. Su otra pasi\u00f3n en el club Villla Alvear, entidad de la que fue dirigente.<\/p>\n<p>&nbsp;<\/p>\n<p>&nbsp;<\/p>\n<p>&nbsp;<\/p>\n<h3>Foto de Teddy Bustamante<\/h3>\n<\/div>\n<\/article>\n<\/div>\n<\/div>\n<\/div>\n","protected":false},"excerpt":{"rendered":"<p>Esta es la Efem\u00e9rides del Deporte en el Chaco de un 16 de enero del periodista Luis Dar\u00edo Molodezky &nbsp; &nbsp; &nbsp; 1987\u00a0\/ Dos j\u00f3venes jugadores de General Belgrano son transferidos a equipos que juegan en primera. Santiago Yaco Aguz\u00edn a Rosario Central y Fabi\u00e1n Barrientos a San Lorenzo. &nbsp; 2013 \/ Un d\u00eda antes &hellip;<\/p>\n","protected":false},"author":2,"featured_media":15814,"comment_status":"open","ping_status":"open","sticky":false,"template":"","format":"standard","meta":{"footnotes":""},"categories":[45,31],"tags":[],"class_list":["post-15813","post","type-post","status-publish","format-standard","has-post-thumbnail","hentry","category-efemerides-dia-por-dia","category-enero"],"_links":{"self":[{"href":"https:\/\/www.sportchaco.com.ar\/index.php?rest_route=\/wp\/v2\/posts\/15813","targetHints":{"allow":["GET"]}}],"collection":[{"href":"https:\/\/www.sportchaco.com.ar\/index.php?rest_route=\/wp\/v2\/posts"}],"about":[{"href":"https:\/\/www.sportchaco.com.ar\/index.php?rest_route=\/wp\/v2\/types\/post"}],"author":[{"embeddable":true,"href":"https:\/\/www.sportchaco.com.ar\/index.php?rest_route=\/wp\/v2\/users\/2"}],"replies":[{"embeddable":true,"href":"https:\/\/www.sportchaco.com.ar\/index.php?rest_route=%2Fwp%2Fv2%2Fcomments&post=15813"}],"version-history":[{"count":2,"href":"https:\/\/www.sportchaco.com.ar\/index.php?rest_route=\/wp\/v2\/posts\/15813\/revisions"}],"predecessor-version":[{"id":15834,"href":"https:\/\/www.sportchaco.com.ar\/index.php?rest_route=\/wp\/v2\/posts\/15813\/revisions\/15834"}],"wp:featuredmedia":[{"embeddable":true,"href":"https:\/\/www.sportchaco.com.ar\/index.php?rest_route=\/wp\/v2\/media\/15814"}],"wp:attachment":[{"href":"https:\/\/www.sportchaco.com.ar\/index.php?rest_route=%2Fwp%2Fv2%2Fmedia&parent=15813"}],"wp:term":[{"taxonomy":"category","embeddable":true,"href":"https:\/\/www.sportchaco.com.ar\/index.php?rest_route=%2Fwp%2Fv2%2Fcategories&post=15813"},{"taxonomy":"post_tag","embeddable":true,"href":"https:\/\/www.sportchaco.com.ar\/index.php?rest_route=%2Fwp%2Fv2%2Ftags&post=15813"}],"curies":[{"name":"wp","href":"https:\/\/api.w.org\/{rel}","templated":true}]}}