{"id":15845,"date":"2025-01-17T15:24:17","date_gmt":"2025-01-17T18:24:17","guid":{"rendered":"https:\/\/www.sportchaco.com.ar\/?p=15845"},"modified":"2025-01-17T15:24:17","modified_gmt":"2025-01-17T18:24:17","slug":"finalizo-el-campus-de-verano-de-don-bosco","status":"publish","type":"post","link":"https:\/\/www.sportchaco.com.ar\/?p=15845","title":{"rendered":"Finaliz\u00f3 el campus de verano de Don Bosco"},"content":{"rendered":"<p><strong>17-01-2025<\/strong><\/p>\n<p><img loading=\"lazy\" decoding=\"async\" class=\" wp-image-9468 aligncenter\" src=\"https:\/\/www.sportchaco.com.ar\/wp-content\/uploads\/2024\/05\/Nachec-728x90-2-300x37.gif\" alt=\"\" width=\"365\" height=\"45\" \/><\/p>\n<p>Desde el 8 al 13 de enero, el Centro Deportivo Don Bosco llev\u00f3 adelante su Campus de Verano 2025, que se realiz\u00f3 en sus maravillosas instalaciones y que cont\u00f3 con la presencia y participaci\u00f3n de m\u00e1s de 25 jugadores (28 en total), habiendo m\u00faltiples propuestas deportivas, regalos para cada jugador inscripto y asistencia permanente de hidrataci\u00f3n en cada entrenamiento.<\/p>\n<p>Los entrenadores a cargo fueron: Facundo G\u00f3mez Brocal (jugador y coordinador del b\u00e1squet de la instituci\u00f3n salesiana); Fernando Cristaldo (entrenador de la Primera y de todo el minib\u00e1squet de Don Bosco) y el preparador f\u00edsico del club Claudio R\u00edos. Tambi\u00e9n estuvo el entrenador Lucas Sin\u00f3polis quien tambi\u00e9n es del club.<\/p>\n<figure class=\"wp-block-image size-large\"><a href=\"https:\/\/baskettotal.com.ar\/wp-content\/uploads\/2025\/01\/2-1.jpg\"><img loading=\"lazy\" decoding=\"async\" class=\"lazy wp-image-25974 lazy-loaded\" src=\"https:\/\/baskettotal.com.ar\/wp-content\/uploads\/2025\/01\/2-1-1024x569.jpg\" sizes=\"auto, (max-width: 1024px) 100vw, 1024px\" srcset=\"https:\/\/baskettotal.com.ar\/wp-content\/uploads\/2025\/01\/2-1-1024x569.jpg 1024w, https:\/\/baskettotal.com.ar\/wp-content\/uploads\/2025\/01\/2-1-300x167.jpg 300w, https:\/\/baskettotal.com.ar\/wp-content\/uploads\/2025\/01\/2-1-768x427.jpg 768w, https:\/\/baskettotal.com.ar\/wp-content\/uploads\/2025\/01\/2-1.jpg 1040w\" alt=\"\" width=\"1024\" height=\"569\" data-lazy-type=\"image\" data-lazy-src=\"https:\/\/baskettotal.com.ar\/wp-content\/uploads\/2025\/01\/2-1-1024x569.jpg\" data-lazy-srcset=\"https:\/\/baskettotal.com.ar\/wp-content\/uploads\/2025\/01\/2-1-1024x569.jpg 1024w, https:\/\/baskettotal.com.ar\/wp-content\/uploads\/2025\/01\/2-1-300x167.jpg 300w, https:\/\/baskettotal.com.ar\/wp-content\/uploads\/2025\/01\/2-1-768x427.jpg 768w, https:\/\/baskettotal.com.ar\/wp-content\/uploads\/2025\/01\/2-1.jpg 1040w\" data-lazy-sizes=\"(max-width: 1024px) 100vw, 1024px\" \/><\/a><\/figure>\n<p>Al respecto, el coordinador del b\u00e1squet de Don Bosco, Facundo G\u00f3mez Brocal, expres\u00f3 que \u201ceste Campus fue super positivo para el club y para los entrenadores; espero que para los chicos haya sido positivo\u201d.<\/p>\n<p>En este marco, G\u00f3mez Brocal explic\u00f3 que \u201cfueron 5 d\u00edas donde los chicos se llevaron 2 horas de entrenamiento por turno, adem\u00e1s de que hubo charlas quienes daban solamente profesionales o ex \u2013 jugadores\u201d, remarcando que \u201cnosotros con el Campus queremos incentivar que el b\u00e1squet va siempre de la mano con el estudio\u201d, afirm\u00f3 el coordinador y jugador del club\u201d, explic\u00f3 el coach del salesiano, adem\u00e1s que agradeci\u00f3 la participaci\u00f3n de Gonzalo Caliva (kinesi\u00f3logo) y del jugador Alexander M\u00edlovic por sumarse tambi\u00e9n a toda esta movida deportiva.<\/p>\n<p>\u201cEsto sirve como puntapi\u00e9 del a\u00f1o para que se reanuden las actividades del club, a su vez es llamador de chicos, adem\u00e1s de demostrar el nivel y trabajo de los entrenadores del club\u201d, finaliz\u00f3 Facundo G\u00f3mez Brocal.<\/p>\n<p><em><strong>Fotos: Nahiara Pallares (Don Bosco)<\/strong><\/em><\/p>\n<p><img loading=\"lazy\" decoding=\"async\" class=\" wp-image-9467 aligncenter\" src=\"https:\/\/www.sportchaco.com.ar\/wp-content\/uploads\/2024\/05\/Nachec1-300x250-1.gif\" alt=\"\" width=\"367\" height=\"306\" \/><\/p>\n","protected":false},"excerpt":{"rendered":"<p>17-01-2025 Desde el 8 al 13 de enero, el Centro Deportivo Don Bosco llev\u00f3 adelante su Campus de Verano 2025, que se realiz\u00f3 en sus maravillosas instalaciones y que cont\u00f3 con la presencia y participaci\u00f3n de m\u00e1s de 25 jugadores (28 en total), habiendo m\u00faltiples propuestas deportivas, regalos para cada jugador inscripto y asistencia permanente &hellip;<\/p>\n","protected":false},"author":3,"featured_media":15846,"comment_status":"open","ping_status":"open","sticky":false,"template":"","format":"standard","meta":{"footnotes":""},"categories":[3],"tags":[],"class_list":["post-15845","post","type-post","status-publish","format-standard","has-post-thumbnail","hentry","category-basquetbol"],"_links":{"self":[{"href":"https:\/\/www.sportchaco.com.ar\/index.php?rest_route=\/wp\/v2\/posts\/15845","targetHints":{"allow":["GET"]}}],"collection":[{"href":"https:\/\/www.sportchaco.com.ar\/index.php?rest_route=\/wp\/v2\/posts"}],"about":[{"href":"https:\/\/www.sportchaco.com.ar\/index.php?rest_route=\/wp\/v2\/types\/post"}],"author":[{"embeddable":true,"href":"https:\/\/www.sportchaco.com.ar\/index.php?rest_route=\/wp\/v2\/users\/3"}],"replies":[{"embeddable":true,"href":"https:\/\/www.sportchaco.com.ar\/index.php?rest_route=%2Fwp%2Fv2%2Fcomments&post=15845"}],"version-history":[{"count":1,"href":"https:\/\/www.sportchaco.com.ar\/index.php?rest_route=\/wp\/v2\/posts\/15845\/revisions"}],"predecessor-version":[{"id":15847,"href":"https:\/\/www.sportchaco.com.ar\/index.php?rest_route=\/wp\/v2\/posts\/15845\/revisions\/15847"}],"wp:featuredmedia":[{"embeddable":true,"href":"https:\/\/www.sportchaco.com.ar\/index.php?rest_route=\/wp\/v2\/media\/15846"}],"wp:attachment":[{"href":"https:\/\/www.sportchaco.com.ar\/index.php?rest_route=%2Fwp%2Fv2%2Fmedia&parent=15845"}],"wp:term":[{"taxonomy":"category","embeddable":true,"href":"https:\/\/www.sportchaco.com.ar\/index.php?rest_route=%2Fwp%2Fv2%2Fcategories&post=15845"},{"taxonomy":"post_tag","embeddable":true,"href":"https:\/\/www.sportchaco.com.ar\/index.php?rest_route=%2Fwp%2Fv2%2Ftags&post=15845"}],"curies":[{"name":"wp","href":"https:\/\/api.w.org\/{rel}","templated":true}]}}