{"id":15858,"date":"2025-01-18T13:51:22","date_gmt":"2025-01-18T16:51:22","guid":{"rendered":"https:\/\/www.sportchaco.com.ar\/?p=15858"},"modified":"2025-01-18T19:28:13","modified_gmt":"2025-01-18T22:28:13","slug":"hercules-de-charata-va-armando-su-plantel-para-la-liga-federal","status":"publish","type":"post","link":"https:\/\/www.sportchaco.com.ar\/?p=15858","title":{"rendered":"H\u00e9rcules de Charata va armando su plantel para La Liga Federal"},"content":{"rendered":"<p><strong>18-01-2025<\/strong><\/p>\n<p><img loading=\"lazy\" decoding=\"async\" class=\" wp-image-9468 aligncenter\" src=\"https:\/\/www.sportchaco.com.ar\/wp-content\/uploads\/2024\/05\/Nachec-728x90-2-300x37.gif\" alt=\"\" width=\"373\" height=\"46\" \/><\/p>\n<p>De cara al arranque de la pretemporada 2025, en preparaci\u00f3n de lo que ser\u00e1 la temporada 2025 de La Liga Federal de B\u00e1squet, H\u00e9rcules de Charata ya se encuentra ultimando detalles para dar inicio a los trabajos de preparaci\u00f3n, donde ya confirm\u00f3 la mayor\u00eda de sus hombres que lo representar\u00e1n en este certamen nacional.<\/p>\n<p>Con respecto al armado del equipo, las primeras fichas confirmadas, donde hay que resaltar la continuidad y el goleo de Gabriel Frencia (27 a\u00f1os), la experiencia y per\u00edmetro de Cristian Aguilar y la explosi\u00f3n en ataque de Ignacio Torrente. En tanto que fueron confirmados Gonzalo Ger\u00e9z y toda su jerarqu\u00eda y el per\u00edmetro de Federico Cativa. Vale recordar que Mauro Aleksandrowicz es el entrenador principal del equipo.<\/p>\n<p><strong>\u201cNos pudimos reforzar en puestos claves\u201d<br \/>\n<\/strong>En primer lugar, la dirigencia charatense r\u00e1pidamente confirm\u00f3 a Gabriel Frencia, con su goleo habitual y una pieza clave dentro y fuera de la cancha, afirmando que \u201clas expectativas siempre son altas, es el segundo a\u00f1o consecutivo del club en su historia que disputar\u00e1 la Liga Federal; el objetivo nuestro es mejorar lo realizado en la temporada pasada, nos pudimos reforzar en puestos claves, lo cual nos dar\u00e1 un plus\u201d.<\/p>\n<p><strong>\u201cValores de la vida\u201d<br \/>\n<\/strong>Adem\u00e1s, el ala \u2013 pivote y tambi\u00e9n goleador, Gonzalo Ger\u00e9z (24 a\u00f1os), vuelve al club de sus amorres, expresando sentirse \u201ccontento de volver al club de donde sal\u00ed y que me ense\u00f1\u00f3 no solo b\u00e1squet, sino valores de la vida; es un desaf\u00edo nuevo y me va a hacer muy bien\u201d.<\/p>\n<p><strong>\u201cVamos a dejar todo por estos colores\u201d<br \/>\n<\/strong>Adem\u00e1s, otro confirmado es Cristian \u201ccorchito\u201d Aguilar (32 a\u00f1os), combinando experiencia y un per\u00edmetro m\u00e1s que efectivo, manifestando las \u201cganas de arrancar la temporada , ojal\u00e1 sea un lindo torneo y podamos dejar en los m\u00e1s alto al club H\u00e9rcules que se merece por todo el esfuerzo que vienen haciendo\u201d, remarcando, \u201ccon la gente muy agradecido y le pedimos que nos sigan apoyando como lo vienen haciendo hace a\u00f1os; vamos a dejar todo por estos colores\u201d.<\/p>\n<p><strong>\u201cEsperamos tener una linda pretemporada\u201d<br \/>\n<\/strong>Finalmente, el otro confirmado es el regreso de Federico Cativa (20 a\u00f1os), quien viene de jugar en Belgrano de Tucum\u00e1n, pero vuelve a H\u00e9rcules para volver a decir presente en la Liga Federal. \u201cVamos a tratar de llegar m\u00e1s lejos que el a\u00f1o pasado, mejorar la temporada, tenemos m\u00e1s experiencia; esperamos tener una linda pretemporada\u201d.<\/p>\n<p><strong>Actualidad<br \/>\n<\/strong>Actualmente, la instituci\u00f3n charatense se encuentra cambiando todo el piso de parquet de su cancha principal. En principio, la pretemporada arrancar\u00eda el pr\u00f3ximo 27 de enero. Todav\u00eda hay que esperar que equipos tambi\u00e9n confirmar\u00e1n su participaci\u00f3n en la temporada 2025 en la regi\u00f3n NEA, aunque todo indica, hasta el momento, que Hind\u00fa tambi\u00e9n dar\u00eda el si; Cultural de Santa Sylvina tambi\u00e9n espera confirmaci\u00f3n; todo depende de la Resoluci\u00f3n de la CAB, inoportuna de alguna manera, que obliga a los clubes que participen a contar obligadamente con categor\u00edas U11 y U13 femenina. La idea es muy buea, pero eso necesita ser claro y con tiempo. Se espera definici\u00f3n en los pr\u00f3ximos d\u00edas.<\/p>\n<p><img loading=\"lazy\" decoding=\"async\" class=\" wp-image-9671 aligncenter\" src=\"https:\/\/www.sportchaco.com.ar\/wp-content\/uploads\/2024\/05\/Nachec1-200x200-1.gif\" alt=\"\" width=\"233\" height=\"233\" \/><\/p>\n","protected":false},"excerpt":{"rendered":"<p>18-01-2025 De cara al arranque de la pretemporada 2025, en preparaci\u00f3n de lo que ser\u00e1 la temporada 2025 de La Liga Federal de B\u00e1squet, H\u00e9rcules de Charata ya se encuentra ultimando detalles para dar inicio a los trabajos de preparaci\u00f3n, donde ya confirm\u00f3 la mayor\u00eda de sus hombres que lo representar\u00e1n en este certamen nacional. &hellip;<\/p>\n","protected":false},"author":3,"featured_media":15859,"comment_status":"open","ping_status":"open","sticky":false,"template":"","format":"standard","meta":{"footnotes":""},"categories":[3],"tags":[],"class_list":["post-15858","post","type-post","status-publish","format-standard","has-post-thumbnail","hentry","category-basquetbol"],"_links":{"self":[{"href":"https:\/\/www.sportchaco.com.ar\/index.php?rest_route=\/wp\/v2\/posts\/15858","targetHints":{"allow":["GET"]}}],"collection":[{"href":"https:\/\/www.sportchaco.com.ar\/index.php?rest_route=\/wp\/v2\/posts"}],"about":[{"href":"https:\/\/www.sportchaco.com.ar\/index.php?rest_route=\/wp\/v2\/types\/post"}],"author":[{"embeddable":true,"href":"https:\/\/www.sportchaco.com.ar\/index.php?rest_route=\/wp\/v2\/users\/3"}],"replies":[{"embeddable":true,"href":"https:\/\/www.sportchaco.com.ar\/index.php?rest_route=%2Fwp%2Fv2%2Fcomments&post=15858"}],"version-history":[{"count":2,"href":"https:\/\/www.sportchaco.com.ar\/index.php?rest_route=\/wp\/v2\/posts\/15858\/revisions"}],"predecessor-version":[{"id":15869,"href":"https:\/\/www.sportchaco.com.ar\/index.php?rest_route=\/wp\/v2\/posts\/15858\/revisions\/15869"}],"wp:featuredmedia":[{"embeddable":true,"href":"https:\/\/www.sportchaco.com.ar\/index.php?rest_route=\/wp\/v2\/media\/15859"}],"wp:attachment":[{"href":"https:\/\/www.sportchaco.com.ar\/index.php?rest_route=%2Fwp%2Fv2%2Fmedia&parent=15858"}],"wp:term":[{"taxonomy":"category","embeddable":true,"href":"https:\/\/www.sportchaco.com.ar\/index.php?rest_route=%2Fwp%2Fv2%2Fcategories&post=15858"},{"taxonomy":"post_tag","embeddable":true,"href":"https:\/\/www.sportchaco.com.ar\/index.php?rest_route=%2Fwp%2Fv2%2Ftags&post=15858"}],"curies":[{"name":"wp","href":"https:\/\/api.w.org\/{rel}","templated":true}]}}