{"id":1587,"date":"2023-10-10T18:08:48","date_gmt":"2023-10-10T21:08:48","guid":{"rendered":"https:\/\/www.sportchaco.com.ar\/?p=1587"},"modified":"2023-10-10T18:08:48","modified_gmt":"2023-10-10T21:08:48","slug":"milei-se-califico-como-antiboca","status":"publish","type":"post","link":"https:\/\/www.sportchaco.com.ar\/?p=1587","title":{"rendered":"Milei se calific\u00f3 como \u00abantiboca\u00bb"},"content":{"rendered":"<div class=\"\"><\/div>\n<div class=\"\">\n<h1 class=\"\"><\/h1>\n<p>El candidato a Presidente por La Libertad Avanza tuvo fuertes declaraciones contra el dirigente del conjunto Xeneize. Adem\u00e1s, afirm\u00f3 que, en caso de llegar a la Casa Rosada, gente de su n\u00facleo se sumar\u00e1 a la lista de Andr\u00e9s Ibarra, de cara a las elecciones del conjunto de La Ribera.<\/p>\n<div>\n<div id=\"carouselExampleControls\" class=\"carousel slide\" data-ride=\"carousel\">\n<div class=\"carousel-inner\"><\/div>\n<\/div>\n<\/div>\n<div class=\"sharethis-inline-share-buttons pb-3\"><\/div>\n<p>A menos de dos semanas de las Elecciones Presidenciales, Javier Milei comenz\u00f3 a realizar su cierre de campa\u00f1a, pero no dejo afuera al f\u00fatbol. El candidato por La Libertad Avanza afirm\u00f3 que es \u201canti-Boca\u201d y le peg\u00f3 a Juan Rom\u00e1n Riquelme.<\/p>\n<p>El Diputado Nacional por la Ciudad de Buenos Aires estuvo en el estudio de Radio Mitre y en el cierre de la entrevista realiz\u00f3 una respuesta llamativa ante la consulta de que club es hincha: \u201cEra de Boca hasta que Daniel Angelici lo trajo a Riquelme para robar\u201d. Adem\u00e1s, el presidente del Partido Libertario, quien fue arquero de Chacarita Juniors en las inferiores, revel\u00f3 que era re fan\u00e1tico del Xeneize y que posee un palco en La Bombonera, y reconoci\u00f3: \u201cHab\u00eda dejado de ir a la cancha el d\u00eda que se retir\u00f3 Palermo y eso me puse muy triste\u201d.<\/p>\n<p>Adem\u00e1s de mostrar su desacuerdo con el actual vicepresidente de la instituci\u00f3n de La Ribera, el economista descarg\u00f3 contra otro hist\u00f3rico de Boca: \u201cCuando lo repatriaron a Fernando Gago me hice anti\u201d. Sobre el regreso de Pintita al club azul y oro en 2013, Milei sentenci\u00f3: \u201cC\u00f3mo pueden traer a un N\u00b05 que no marque, Gago tiene menos marca que La Salada\u201d.<\/p>\n<p>En la previa de las Elecciones Nacionales del pr\u00f3ximo 22 de octubre, el candidato a presidente por La Libertad Avanza reconoci\u00f3 que mantuvo un dialogo con Mauricio Macri por el futuro del Xeneize, el cual tendr\u00e1 elecciones el 2 de diciembre. Especulando con poder llegar a la Casa Rosada, el economista tratar\u00eda de poner gente de su n\u00facleo en la lista de Andr\u00e9s Ibarra.<\/p>\n<p>Con la intenci\u00f3n de regresar al poder de la instituci\u00f3n, luego de la salida de Angelici en manos de Riquelme en 2019, Macri respaldo la candidatura del exministro de Modernizaci\u00f3n de la Argentina, la cual recibe el apoyo de opositores aliados. Uno de ellos es el candidato a Legislador porte\u00f1o por el partido libertario, Edgardo Alifraco, el cual ser\u00eda el nexo entre ambos referentes pol\u00edticos. Otros de los nombres que podr\u00edan sumarse a la lista, en caso de un acuerdo, son Ramiro Marra, Eugenio Casielles y Oscar Zago.<\/p>\n<p><em>Fuente: T\u00e9lam<\/em><\/p>\n<\/div>\n","protected":false},"excerpt":{"rendered":"<p>El candidato a Presidente por La Libertad Avanza tuvo fuertes declaraciones contra el dirigente del conjunto Xeneize. Adem\u00e1s, afirm\u00f3 que, en caso de llegar a la Casa Rosada, gente de su n\u00facleo se sumar\u00e1 a la lista de Andr\u00e9s Ibarra, de cara a las elecciones del conjunto de La Ribera. A menos de dos semanas &hellip;<\/p>\n","protected":false},"author":2,"featured_media":1588,"comment_status":"open","ping_status":"open","sticky":false,"template":"","format":"standard","meta":{"footnotes":""},"categories":[47],"tags":[],"class_list":["post-1587","post","type-post","status-publish","format-standard","has-post-thumbnail","hentry","category-nacionales"],"_links":{"self":[{"href":"https:\/\/www.sportchaco.com.ar\/index.php?rest_route=\/wp\/v2\/posts\/1587","targetHints":{"allow":["GET"]}}],"collection":[{"href":"https:\/\/www.sportchaco.com.ar\/index.php?rest_route=\/wp\/v2\/posts"}],"about":[{"href":"https:\/\/www.sportchaco.com.ar\/index.php?rest_route=\/wp\/v2\/types\/post"}],"author":[{"embeddable":true,"href":"https:\/\/www.sportchaco.com.ar\/index.php?rest_route=\/wp\/v2\/users\/2"}],"replies":[{"embeddable":true,"href":"https:\/\/www.sportchaco.com.ar\/index.php?rest_route=%2Fwp%2Fv2%2Fcomments&post=1587"}],"version-history":[{"count":1,"href":"https:\/\/www.sportchaco.com.ar\/index.php?rest_route=\/wp\/v2\/posts\/1587\/revisions"}],"predecessor-version":[{"id":1589,"href":"https:\/\/www.sportchaco.com.ar\/index.php?rest_route=\/wp\/v2\/posts\/1587\/revisions\/1589"}],"wp:featuredmedia":[{"embeddable":true,"href":"https:\/\/www.sportchaco.com.ar\/index.php?rest_route=\/wp\/v2\/media\/1588"}],"wp:attachment":[{"href":"https:\/\/www.sportchaco.com.ar\/index.php?rest_route=%2Fwp%2Fv2%2Fmedia&parent=1587"}],"wp:term":[{"taxonomy":"category","embeddable":true,"href":"https:\/\/www.sportchaco.com.ar\/index.php?rest_route=%2Fwp%2Fv2%2Fcategories&post=1587"},{"taxonomy":"post_tag","embeddable":true,"href":"https:\/\/www.sportchaco.com.ar\/index.php?rest_route=%2Fwp%2Fv2%2Ftags&post=1587"}],"curies":[{"name":"wp","href":"https:\/\/api.w.org\/{rel}","templated":true}]}}