{"id":15907,"date":"2025-01-20T18:32:55","date_gmt":"2025-01-20T21:32:55","guid":{"rendered":"https:\/\/www.sportchaco.com.ar\/?p=15907"},"modified":"2025-01-20T18:32:55","modified_gmt":"2025-01-20T21:32:55","slug":"san-fernando-lleva-adelante-su-campus-para-las-formativas","status":"publish","type":"post","link":"https:\/\/www.sportchaco.com.ar\/?p=15907","title":{"rendered":"San Fernando lleva adelante su campus para las formativas"},"content":{"rendered":"<p><strong>20-01-2025<\/strong><\/p>\n<p><img loading=\"lazy\" decoding=\"async\" class=\" wp-image-11990 aligncenter\" src=\"https:\/\/www.sportchaco.com.ar\/wp-content\/uploads\/2024\/07\/Copy-of-CHACO-JUEGA-BANNERS-1_1200X200-1-300x50.gif\" alt=\"\" width=\"366\" height=\"61\" srcset=\"https:\/\/www.sportchaco.com.ar\/wp-content\/uploads\/2024\/07\/Copy-of-CHACO-JUEGA-BANNERS-1_1200X200-1-300x50.gif 300w, https:\/\/www.sportchaco.com.ar\/wp-content\/uploads\/2024\/07\/Copy-of-CHACO-JUEGA-BANNERS-1_1200X200-1-1024x171.gif 1024w, https:\/\/www.sportchaco.com.ar\/wp-content\/uploads\/2024\/07\/Copy-of-CHACO-JUEGA-BANNERS-1_1200X200-1-768x128.gif 768w\" sizes=\"auto, (max-width: 366px) 100vw, 366px\" \/><\/p>\n<p>Inici\u00e1ndose el pasado 7 de enero, San Fernando tambi\u00e9n se suma a la m\u00faltiple propuesta y lleva adelante su Campus de Verano 2025, abord\u00e1ndose clases en de 120 minutos, en turno ma\u00f1ana los martes, mi\u00e9rcoles y jueves durante todo este mes.<\/p>\n<p>\u201cEl objetivo es reforzar contenidos fundamentales y vivenciar otros nuevos poniendo el foco un poco mas en ejercicios que estimulen el desarrollo f\u00edsico y motriz, b\u00e1sicamente fuerza, coordinaci\u00f3n y el baloncesto\/juego en si mismo , sin descuidar momentos de recuperaci\u00f3n e hidrataci\u00f3n\u201d, explic\u00f3 el entrenador a cargo de toda esta movida deportiva, Manuel \u201cPitu\u201d Abarca.<\/p>\n<figure class=\"wp-block-image size-large\"><a href=\"https:\/\/baskettotal.com.ar\/wp-content\/uploads\/2025\/01\/CASF-5.jpg\"><img loading=\"lazy\" decoding=\"async\" class=\"lazy wp-image-26020 lazy-loaded\" src=\"https:\/\/baskettotal.com.ar\/wp-content\/uploads\/2025\/01\/CASF-5-1024x528.jpg\" sizes=\"auto, (max-width: 1024px) 100vw, 1024px\" srcset=\"https:\/\/baskettotal.com.ar\/wp-content\/uploads\/2025\/01\/CASF-5-1024x528.jpg 1024w, https:\/\/baskettotal.com.ar\/wp-content\/uploads\/2025\/01\/CASF-5-300x155.jpg 300w, https:\/\/baskettotal.com.ar\/wp-content\/uploads\/2025\/01\/CASF-5-768x396.jpg 768w, https:\/\/baskettotal.com.ar\/wp-content\/uploads\/2025\/01\/CASF-5.jpg 1040w\" alt=\"\" width=\"1024\" height=\"528\" data-lazy-type=\"image\" data-lazy-src=\"https:\/\/baskettotal.com.ar\/wp-content\/uploads\/2025\/01\/CASF-5-1024x528.jpg\" data-lazy-srcset=\"https:\/\/baskettotal.com.ar\/wp-content\/uploads\/2025\/01\/CASF-5-1024x528.jpg 1024w, https:\/\/baskettotal.com.ar\/wp-content\/uploads\/2025\/01\/CASF-5-300x155.jpg 300w, https:\/\/baskettotal.com.ar\/wp-content\/uploads\/2025\/01\/CASF-5-768x396.jpg 768w, https:\/\/baskettotal.com.ar\/wp-content\/uploads\/2025\/01\/CASF-5.jpg 1040w\" data-lazy-sizes=\"(max-width: 1024px) 100vw, 1024px\" \/><\/a><\/figure>\n<p>Desde el club San Fernando se eligi\u00f3 el formato Campus para el cual todas las semanas se invita a referentes, entrenadores, profesionales, agentes de salud y jugadores \u201cpara charlar de sus experiencias, conocerlos, generar compromiso y motivaci\u00f3n en nuestros ni\u00f1os y compartir lo que creemos necesario para la pr\u00e1ctica segura de este deporte\u201d, especific\u00f3 Abarca.<\/p>\n<p>Vale resaltar que cada jugador-alumno tendr\u00e1 de regalo una camiseta personalizada NBA de la firma de indumentaria B.Jones.<\/p>\n<p>&nbsp;<\/p>\n<p><img loading=\"lazy\" decoding=\"async\" class=\" wp-image-12986 aligncenter\" src=\"https:\/\/www.sportchaco.com.ar\/wp-content\/uploads\/2024\/09\/CHACO-JUEGA-BANNERS-1_300X250-1.gif\" alt=\"\" width=\"338\" height=\"282\" \/><\/p>\n","protected":false},"excerpt":{"rendered":"<p>20-01-2025 Inici\u00e1ndose el pasado 7 de enero, San Fernando tambi\u00e9n se suma a la m\u00faltiple propuesta y lleva adelante su Campus de Verano 2025, abord\u00e1ndose clases en de 120 minutos, en turno ma\u00f1ana los martes, mi\u00e9rcoles y jueves durante todo este mes. \u201cEl objetivo es reforzar contenidos fundamentales y vivenciar otros nuevos poniendo el foco &hellip;<\/p>\n","protected":false},"author":3,"featured_media":15908,"comment_status":"open","ping_status":"open","sticky":false,"template":"","format":"standard","meta":{"footnotes":""},"categories":[3],"tags":[],"class_list":["post-15907","post","type-post","status-publish","format-standard","has-post-thumbnail","hentry","category-basquetbol"],"_links":{"self":[{"href":"https:\/\/www.sportchaco.com.ar\/index.php?rest_route=\/wp\/v2\/posts\/15907","targetHints":{"allow":["GET"]}}],"collection":[{"href":"https:\/\/www.sportchaco.com.ar\/index.php?rest_route=\/wp\/v2\/posts"}],"about":[{"href":"https:\/\/www.sportchaco.com.ar\/index.php?rest_route=\/wp\/v2\/types\/post"}],"author":[{"embeddable":true,"href":"https:\/\/www.sportchaco.com.ar\/index.php?rest_route=\/wp\/v2\/users\/3"}],"replies":[{"embeddable":true,"href":"https:\/\/www.sportchaco.com.ar\/index.php?rest_route=%2Fwp%2Fv2%2Fcomments&post=15907"}],"version-history":[{"count":1,"href":"https:\/\/www.sportchaco.com.ar\/index.php?rest_route=\/wp\/v2\/posts\/15907\/revisions"}],"predecessor-version":[{"id":15909,"href":"https:\/\/www.sportchaco.com.ar\/index.php?rest_route=\/wp\/v2\/posts\/15907\/revisions\/15909"}],"wp:featuredmedia":[{"embeddable":true,"href":"https:\/\/www.sportchaco.com.ar\/index.php?rest_route=\/wp\/v2\/media\/15908"}],"wp:attachment":[{"href":"https:\/\/www.sportchaco.com.ar\/index.php?rest_route=%2Fwp%2Fv2%2Fmedia&parent=15907"}],"wp:term":[{"taxonomy":"category","embeddable":true,"href":"https:\/\/www.sportchaco.com.ar\/index.php?rest_route=%2Fwp%2Fv2%2Fcategories&post=15907"},{"taxonomy":"post_tag","embeddable":true,"href":"https:\/\/www.sportchaco.com.ar\/index.php?rest_route=%2Fwp%2Fv2%2Ftags&post=15907"}],"curies":[{"name":"wp","href":"https:\/\/api.w.org\/{rel}","templated":true}]}}