{"id":15926,"date":"2025-01-21T11:20:14","date_gmt":"2025-01-21T14:20:14","guid":{"rendered":"https:\/\/www.sportchaco.com.ar\/?p=15926"},"modified":"2025-01-21T11:20:14","modified_gmt":"2025-01-21T14:20:14","slug":"los-capitanes-del-87-de-for-ever-y-mandiyu","status":"publish","type":"post","link":"https:\/\/www.sportchaco.com.ar\/?p=15926","title":{"rendered":"Los capitanes del 87 de For Ever y Mandiy\u00fa"},"content":{"rendered":"<p>S\u00e1bado 26 de septiembre del 87, en cancha de Hurac\u00e1n se enfrentaban el Deportivo Mandiy\u00fa y Chaco For Ever por el Nacional \u00abB\u00bb. Posan junto al \u00e1rbitro C. Gonz\u00e1lez: los capitanes Daniel Cravero y Pablo Quiroga. Seria igualdad en un tanto, en el cl\u00e1sico interprovincial que tanto se extra\u00f1a. Face Carlos Ortiz<\/p>\n","protected":false},"excerpt":{"rendered":"<p>S\u00e1bado 26 de septiembre del 87, en cancha de Hurac\u00e1n se enfrentaban el Deportivo Mandiy\u00fa y Chaco For Ever por el Nacional \u00abB\u00bb. Posan junto al \u00e1rbitro C. Gonz\u00e1lez: los capitanes Daniel Cravero y Pablo Quiroga. Seria igualdad en un tanto, en el cl\u00e1sico interprovincial que tanto se extra\u00f1a. Face Carlos Ortiz<\/p>\n","protected":false},"author":2,"featured_media":15927,"comment_status":"open","ping_status":"open","sticky":false,"template":"","format":"standard","meta":{"footnotes":""},"categories":[1],"tags":[],"class_list":["post-15926","post","type-post","status-publish","format-standard","has-post-thumbnail","hentry","category-fotos-del-recuerdo"],"_links":{"self":[{"href":"https:\/\/www.sportchaco.com.ar\/index.php?rest_route=\/wp\/v2\/posts\/15926","targetHints":{"allow":["GET"]}}],"collection":[{"href":"https:\/\/www.sportchaco.com.ar\/index.php?rest_route=\/wp\/v2\/posts"}],"about":[{"href":"https:\/\/www.sportchaco.com.ar\/index.php?rest_route=\/wp\/v2\/types\/post"}],"author":[{"embeddable":true,"href":"https:\/\/www.sportchaco.com.ar\/index.php?rest_route=\/wp\/v2\/users\/2"}],"replies":[{"embeddable":true,"href":"https:\/\/www.sportchaco.com.ar\/index.php?rest_route=%2Fwp%2Fv2%2Fcomments&post=15926"}],"version-history":[{"count":1,"href":"https:\/\/www.sportchaco.com.ar\/index.php?rest_route=\/wp\/v2\/posts\/15926\/revisions"}],"predecessor-version":[{"id":15928,"href":"https:\/\/www.sportchaco.com.ar\/index.php?rest_route=\/wp\/v2\/posts\/15926\/revisions\/15928"}],"wp:featuredmedia":[{"embeddable":true,"href":"https:\/\/www.sportchaco.com.ar\/index.php?rest_route=\/wp\/v2\/media\/15927"}],"wp:attachment":[{"href":"https:\/\/www.sportchaco.com.ar\/index.php?rest_route=%2Fwp%2Fv2%2Fmedia&parent=15926"}],"wp:term":[{"taxonomy":"category","embeddable":true,"href":"https:\/\/www.sportchaco.com.ar\/index.php?rest_route=%2Fwp%2Fv2%2Fcategories&post=15926"},{"taxonomy":"post_tag","embeddable":true,"href":"https:\/\/www.sportchaco.com.ar\/index.php?rest_route=%2Fwp%2Fv2%2Ftags&post=15926"}],"curies":[{"name":"wp","href":"https:\/\/api.w.org\/{rel}","templated":true}]}}