{"id":15942,"date":"2025-01-22T14:42:17","date_gmt":"2025-01-22T17:42:17","guid":{"rendered":"https:\/\/www.sportchaco.com.ar\/?p=15942"},"modified":"2025-01-22T14:42:17","modified_gmt":"2025-01-22T17:42:17","slug":"mucha-incertidumbre-con-los-equipos-clasificados-a-la-liga-federal-de-basquet","status":"publish","type":"post","link":"https:\/\/www.sportchaco.com.ar\/?p=15942","title":{"rendered":"Mucha incertidumbre con los equipos clasificados a La Liga Federal de B\u00e1squet"},"content":{"rendered":"<p><strong>22-01-2025<\/strong><\/p>\n<p><img loading=\"lazy\" decoding=\"async\" class=\" wp-image-9640 aligncenter\" src=\"https:\/\/www.sportchaco.com.ar\/wp-content\/uploads\/2024\/05\/gob-obras-marzo-apaisado-300x29.gif\" alt=\"\" width=\"372\" height=\"36\" srcset=\"https:\/\/www.sportchaco.com.ar\/wp-content\/uploads\/2024\/05\/gob-obras-marzo-apaisado-300x29.gif 300w, https:\/\/www.sportchaco.com.ar\/wp-content\/uploads\/2024\/05\/gob-obras-marzo-apaisado-768x74.gif 768w\" sizes=\"auto, (max-width: 372px) 100vw, 372px\" \/><\/p>\n<p>El pr\u00f3ximo 8 de marzo se largar\u00e1 una nueva temporada de la Liga Federal, tercera categor\u00eda a nivel pa\u00eds, la cual otorgar\u00e1 dos ascensos. Como siempre, las expectativas invaden a los fan\u00e1ticos de la \u00abnaranja\u00bb, aunque este a\u00f1o se asoma con m\u00e1s dudas que certezas en el NEA.<\/p>\n<div class=\" large m_image\">\n<figure><picture><source srcset=\"https:\/\/www.diarionorte.com\/content\/bucket\/9\/396929w790h526c.jpg.webp\" type=\"image\/webp\" media=\"(min-width: 640px)\" \/><source srcset=\"https:\/\/www.diarionorte.com\/content\/bucket\/9\/396929w440h293c.jpg.webp\" type=\"image\/webp\" media=\"(min-width: 300px)\" \/><source srcset=\"https:\/\/www.diarionorte.com\/content\/bucket\/9\/396929w790h526c.jpg\" media=\"(min-width: 300px)\" \/><img loading=\"lazy\" decoding=\"async\" class=\"pic\" src=\"https:\/\/www.diarionorte.com\/content\/bucket\/9\/396929w790h526c.jpg.webp\" alt=\"\" width=\"790\" height=\"526\" \/><\/picture><\/figure>\n<\/div>\n<p>Hasta el momento son seis los clubes de la regi\u00f3n que tienen confirmada su participaci\u00f3n, tres de ellos son de Misiones: Tokio, Mitre y CAPRI. Los tres elencos posade\u00f1os reunieron el apoyo econ\u00f3mico necesario y, con mucho esfuerzo, representar\u00e1n a la provincia buscando llegar lo m\u00e1s lejos posible.<\/p>\n<p>El \u00abjapon\u00e9s\u00bb, \u00faltimo finalista por el ascenso, cerr\u00f3 su plantel y comenz\u00f3 con la pretemporada, siendo el primero en iniciar los entrenamientos con el DT Agust\u00edn Ponissi a la cabeza y con fichas de jerarqu\u00eda como Gonz\u00e1lez, Tabbia, Frencia, Rainero y Araujo, que lo posicionan como claro candidato.<\/p>\n<p>En tanto que el \u00abauriazul\u00bb, que ser\u00e1 orientado por Mat\u00edas Martinho, ya dio a conocer algunos nombres como Tantos, Chervo, Acosta y Wolinsky. Restan definir las dem\u00e1s fichas que estar\u00edan completas en los pr\u00f3ximos d\u00edas.\u00a0Las pr\u00e1cticas iniciaron esta semana, mientras siguen llegando los refuerzos para arrancar oficialmente el pr\u00f3ximo lunes 27.<\/p>\n<div class=\" large m_image\">\n<figure><picture><source srcset=\"https:\/\/www.diarionorte.com\/content\/bucket\/8\/396928w790h527c.jpg.webp\" type=\"image\/webp\" media=\"(min-width: 640px)\" \/><source srcset=\"https:\/\/www.diarionorte.com\/content\/bucket\/8\/396928w440h293c.jpg.webp\" type=\"image\/webp\" media=\"(min-width: 300px)\" \/><source srcset=\"https:\/\/www.diarionorte.com\/content\/bucket\/8\/396928w790h527c.jpg\" media=\"(min-width: 300px)\" \/><img loading=\"lazy\" decoding=\"async\" class=\"pic\" src=\"https:\/\/www.diarionorte.com\/content\/bucket\/8\/396928w790h527c.jpg.webp\" alt=\"\" width=\"790\" height=\"527\" \/><\/picture><\/figure>\n<\/div>\n<p>Por su parte, el \u00abazzurro\u00bb, campe\u00f3n del Pre Federal, solo anunci\u00f3 la continuidad de \u00abKako\u00bb Zandomeni y la vuelta del U21 \u00c1ngel Az\u00facar. Es inminente la confirmaci\u00f3n del plantel, donde se hablan de algunos nombres locales como refuerzos. Los entrenamientos bajo las \u00f3rdenes del cuerpo t\u00e9cnico, liderado por Eduardo D\u00edaz, empezar\u00e1n el 3 de febrero.<\/p>\n<p><strong>El panorama en el Chaco<\/strong><br \/>\nSi bien hay certezas en Misiones, en el resto de la regi\u00f3n la situaci\u00f3n es diferencia. El contexto econ\u00f3mico nacional golpea duro y se hace todo cuesta arriba para los clubes. Aun as\u00ed, hay tres conjuntos que tienen confirmada su participaci\u00f3n en la siguiente temporada.<\/p>\n<p>Por el Chaco, H\u00e9rcules de Charata es hasta el momento el \u00fanico en dar el visto bueno para el certamen. La direcci\u00f3n t\u00e9cnica pasar\u00e1 por Mauro Aleksandrowicz, quien fue confirmado en los \u00faltimos d\u00edas.<\/p>\n<p>En cuanto al armado del equipo, las primeras fichas confirmadas son Gabriel Frencia, Cristian Aguilar e Ignacio Torrente, quienes continuar\u00e1n. En tanto que llegar\u00e1n a la instituci\u00f3n el interno Gonzalo Ger\u00e9z y el perimetral U21 Federico Cativa. La pretemporada arrancar\u00eda el pr\u00f3ximo 27 de enero.<\/p>\n<div class=\" original m_image\">\n<figure><picture><source srcset=\"https:\/\/www.diarionorte.com\/content\/bucket\/7\/396927w631h600c.jpg.webp\" type=\"image\/webp\" media=\"(min-width: 640px)\" \/><source srcset=\"https:\/\/www.diarionorte.com\/content\/bucket\/7\/396927w440h418c.jpg.webp\" type=\"image\/webp\" media=\"(min-width: 300px)\" \/><source srcset=\"https:\/\/www.diarionorte.com\/content\/bucket\/7\/396927w631h600c.jpg\" media=\"(min-width: 300px)\" \/><img loading=\"lazy\" decoding=\"async\" class=\"pic\" src=\"https:\/\/www.diarionorte.com\/content\/bucket\/7\/396927w631h600c.jpg.webp\" alt=\"\" width=\"631\" height=\"600\" \/><\/picture><\/figure>\n<p>Los otros elencos chaque\u00f1os que tienen intenciones de jugar, aunque a\u00fan no han confirmado su participaci\u00f3n, son el campe\u00f3n del Pre Federal Hind\u00fa de Resistencia y Cultural de Santa Sylvina. En tanto, el subcampe\u00f3n Regatas Resistencia, oportunamente ya se baj\u00f3 de la competencia.<\/p>\n<p><strong>En Corrientes<br \/>\n<\/strong>En tanto, por Corrientes, San Lorenzo de Monte Caseros es hasta ahora el \u00fanico que dio el visto bueno para jugar en la categor\u00eda. El \u00abpitog\u00fce\u00bb dio el Ok previo al final Four del Pre Federal y ya se encuentra cerrando su plantel. El elenco casere\u00f1o que es conducido por el entrenador capitalino, Javier Skiarski, contar\u00e1 con el base ex Tokio, Ariel Romero, quien viene de jugar en Alvear de Corrientes.<\/p>\n<p>Se puede decir que el \u00abaurinegro\u00bb es un adelantado porque ya confirm\u00f3 el a\u00f1o pasado que tomar\u00e1 parte de la competencia nacional, en tanto que esta semana se podr\u00eda definir si San Mart\u00edn de Curuz\u00fa Cuati\u00e1, Amad de Goya y C\u00f3rdoba de Capital, que tambi\u00e9n se ganaron su plaza, puedan formar parte de la competencia. Ah\u00ed tambi\u00e9n restar\u00eda saber si tanto San Lorenzo como San Mart\u00edn -ambos del sur- formar\u00e1n parte del NEA o jugar\u00e1n en otra zona con los entrerrianos, debido a las distancias.<\/p>\n<p><strong>En Formosa<br \/>\n<\/strong>En Formosa el panorama es similar. Sarmiento se arm\u00f3 temprano y ser\u00eda el \u00fanico representante de la provincia, con respaldo del estado y del privado. Por estas horas el \u00abtaninero\u00bb ultima detalles con las fichas U21 pero el resto tiene todo definido, con un gran trabajo dirigencial.<\/p>\n<p>El chaque\u00f1o, Juan Vargas, ser\u00e1 el responsable de conducir al equipo esta temporada y sumaron caras nuevas como las de Sergio Mora, Juan Delon, Ezequiel Zanata, Manuel Sagardia y Luciano C\u00e1rdenas. En tanto que contin\u00faan Maximiliano R\u00edos y Emiliano Gim\u00e9nez. El 1 de febrero comenzar\u00e1n con los entrenamientos.<\/p>\n<p>El otro interesado en jugar ser\u00eda Sol de Am\u00e9rica, aunque por el momento no hay confirmaci\u00f3n, todo depender\u00e1 del apoyo econ\u00f3mico que logre conseguir.<\/p>\n<p>En fin, por el momento ser\u00edan seis los clubes confirmados, aunque podr\u00edan ser doce, todo depender\u00e1 de la billetera de las instituciones y de la Resoluci\u00f3n de la CAB, que obliga a los clubes que participen a contar obligadamente con categor\u00edas U11 y U13 femenina, lo cual signific\u00f3 un baldazo de agua fr\u00eda para muchos. A esperar\u2026<\/p>\n<\/div>\n<p><img loading=\"lazy\" decoding=\"async\" class=\" wp-image-9818 aligncenter\" src=\"https:\/\/www.sportchaco.com.ar\/wp-content\/uploads\/2024\/05\/gobierno-paisaje-300x116.png\" alt=\"\" width=\"370\" height=\"143\" srcset=\"https:\/\/www.sportchaco.com.ar\/wp-content\/uploads\/2024\/05\/gobierno-paisaje-300x116.png 300w, https:\/\/www.sportchaco.com.ar\/wp-content\/uploads\/2024\/05\/gobierno-paisaje-768x297.png 768w, https:\/\/www.sportchaco.com.ar\/wp-content\/uploads\/2024\/05\/gobierno-paisaje.png 800w\" sizes=\"auto, (max-width: 370px) 100vw, 370px\" \/><\/p>\n","protected":false},"excerpt":{"rendered":"<p>22-01-2025 El pr\u00f3ximo 8 de marzo se largar\u00e1 una nueva temporada de la Liga Federal, tercera categor\u00eda a nivel pa\u00eds, la cual otorgar\u00e1 dos ascensos. Como siempre, las expectativas invaden a los fan\u00e1ticos de la \u00abnaranja\u00bb, aunque este a\u00f1o se asoma con m\u00e1s dudas que certezas en el NEA. Hasta el momento son seis los &hellip;<\/p>\n","protected":false},"author":3,"featured_media":15943,"comment_status":"open","ping_status":"open","sticky":false,"template":"","format":"standard","meta":{"footnotes":""},"categories":[3],"tags":[],"class_list":["post-15942","post","type-post","status-publish","format-standard","has-post-thumbnail","hentry","category-basquetbol"],"_links":{"self":[{"href":"https:\/\/www.sportchaco.com.ar\/index.php?rest_route=\/wp\/v2\/posts\/15942","targetHints":{"allow":["GET"]}}],"collection":[{"href":"https:\/\/www.sportchaco.com.ar\/index.php?rest_route=\/wp\/v2\/posts"}],"about":[{"href":"https:\/\/www.sportchaco.com.ar\/index.php?rest_route=\/wp\/v2\/types\/post"}],"author":[{"embeddable":true,"href":"https:\/\/www.sportchaco.com.ar\/index.php?rest_route=\/wp\/v2\/users\/3"}],"replies":[{"embeddable":true,"href":"https:\/\/www.sportchaco.com.ar\/index.php?rest_route=%2Fwp%2Fv2%2Fcomments&post=15942"}],"version-history":[{"count":1,"href":"https:\/\/www.sportchaco.com.ar\/index.php?rest_route=\/wp\/v2\/posts\/15942\/revisions"}],"predecessor-version":[{"id":15944,"href":"https:\/\/www.sportchaco.com.ar\/index.php?rest_route=\/wp\/v2\/posts\/15942\/revisions\/15944"}],"wp:featuredmedia":[{"embeddable":true,"href":"https:\/\/www.sportchaco.com.ar\/index.php?rest_route=\/wp\/v2\/media\/15943"}],"wp:attachment":[{"href":"https:\/\/www.sportchaco.com.ar\/index.php?rest_route=%2Fwp%2Fv2%2Fmedia&parent=15942"}],"wp:term":[{"taxonomy":"category","embeddable":true,"href":"https:\/\/www.sportchaco.com.ar\/index.php?rest_route=%2Fwp%2Fv2%2Fcategories&post=15942"},{"taxonomy":"post_tag","embeddable":true,"href":"https:\/\/www.sportchaco.com.ar\/index.php?rest_route=%2Fwp%2Fv2%2Ftags&post=15942"}],"curies":[{"name":"wp","href":"https:\/\/api.w.org\/{rel}","templated":true}]}}