{"id":15948,"date":"2025-01-22T19:05:50","date_gmt":"2025-01-22T22:05:50","guid":{"rendered":"https:\/\/www.sportchaco.com.ar\/?p=15948"},"modified":"2025-01-22T19:05:50","modified_gmt":"2025-01-22T22:05:50","slug":"luis-cequeira-hoy-hindu-esta-afuera-de-la-liga-federal","status":"publish","type":"post","link":"https:\/\/www.sportchaco.com.ar\/?p=15948","title":{"rendered":"Luis Cequeira: \u201cHoy Hind\u00fa est\u00e1 afuera de La Liga Federal\u201d"},"content":{"rendered":"<p><strong>22-01-2025<\/strong><\/p>\n<p><img loading=\"lazy\" decoding=\"async\" class=\" wp-image-11990 aligncenter\" src=\"https:\/\/www.sportchaco.com.ar\/wp-content\/uploads\/2024\/07\/Copy-of-CHACO-JUEGA-BANNERS-1_1200X200-1-300x50.gif\" alt=\"\" width=\"366\" height=\"61\" srcset=\"https:\/\/www.sportchaco.com.ar\/wp-content\/uploads\/2024\/07\/Copy-of-CHACO-JUEGA-BANNERS-1_1200X200-1-300x50.gif 300w, https:\/\/www.sportchaco.com.ar\/wp-content\/uploads\/2024\/07\/Copy-of-CHACO-JUEGA-BANNERS-1_1200X200-1-1024x171.gif 1024w, https:\/\/www.sportchaco.com.ar\/wp-content\/uploads\/2024\/07\/Copy-of-CHACO-JUEGA-BANNERS-1_1200X200-1-768x128.gif 768w\" sizes=\"auto, (max-width: 366px) 100vw, 366px\" \/><\/p>\n<p>El presidente de Hind\u00fa Club, Luis Cequeira, instituci\u00f3n campeona del campe\u00f3n del Pre \u2013 Federal 2024, se mostr\u00f3 dolido y molesto por la pol\u00e9mica resoluci\u00f3n de la CAB que obliga a que los clubes compitan en U11 y U13 femenino desde marzo. \u201cEstamos totalmente de acuerdo con el objeto de la resoluci\u00f3n, no as\u00ed con la fecha\u201d, resalt\u00f3. Varios equipos quedar\u00edan out de la competencia.<\/p>\n<p>\u201cEl panorama es complicado\u201d, es la frase que se repite en la mayor\u00eda de los clubes que clasificaron deportivamente a la Liga Federal 2025, certamen que inicia el pr\u00f3ximo 8 de marzo.<\/p>\n<p>Adem\u00e1s, Cequeira dej\u00f3 en claro que el problema no es por cuesti\u00f3n de dinero, sino que \u00abel problema pasa por una pol\u00e9mica resoluci\u00f3n de la Confederaci\u00f3n Argentina de B\u00e1squetbol, la cual sali\u00f3 en el mes de noviembre (en pleno Pre Federal) y obliga a los clubes clasificados a tener categor\u00edas U11 y U13 de femenino. No solo eso, que ambas empiecen a competir en sus torneos locales el 10 de marzo, dos d\u00edas despu\u00e9s del inicio de la tercera categor\u00eda. De lo contrario, no podr\u00e1n disputar la Liga\u00bb, remarcando, \u00abhoy estamos afuera\u201d.<\/p>\n<figure class=\"wp-block-image size-full\"><a href=\"https:\/\/baskettotal.com.ar\/wp-content\/uploads\/2025\/01\/HINDU-2.jpeg\"><img loading=\"lazy\" decoding=\"async\" class=\"lazy wp-image-26045 lazy-loaded\" src=\"https:\/\/baskettotal.com.ar\/wp-content\/uploads\/2025\/01\/HINDU-2.jpeg\" sizes=\"auto, (max-width: 768px) 100vw, 768px\" srcset=\"https:\/\/baskettotal.com.ar\/wp-content\/uploads\/2025\/01\/HINDU-2.jpeg 768w, https:\/\/baskettotal.com.ar\/wp-content\/uploads\/2025\/01\/HINDU-2-300x169.jpeg 300w\" alt=\"\" width=\"768\" height=\"432\" data-lazy-type=\"image\" data-lazy-src=\"https:\/\/baskettotal.com.ar\/wp-content\/uploads\/2025\/01\/HINDU-2.jpeg\" data-lazy-srcset=\"https:\/\/baskettotal.com.ar\/wp-content\/uploads\/2025\/01\/HINDU-2.jpeg 768w, https:\/\/baskettotal.com.ar\/wp-content\/uploads\/2025\/01\/HINDU-2-300x169.jpeg 300w\" data-lazy-sizes=\"(max-width: 768px) 100vw, 768px\" \/><\/a><\/figure>\n<p>\u201cEstamos totalmente de acuerdo con el objeto de la resoluci\u00f3n, no as\u00ed con la fecha\u201d, resalt\u00f3 el dirigente, quien se mostr\u00f3 visiblemente molesto.<\/p>\n<p>Y aclar\u00f3: \u201cNosotros queremos tener b\u00e1squet femenino pero lamentablemente no contamos con el espacio f\u00edsico en el club, al igual con la rama masculina en el v\u00f3ley\u201d.<\/p>\n<p>Tambi\u00e9n cont\u00f3 que tuvieron un contacto con la CAB pero no fue positivo. \u201cMandamos un email y la respuesta fue que ellos nos notificaron el 22 de noviembre. El tema es que ellos notificaron durante las finales del Pre Federal y no antes de la competencia\u201d, detall\u00f3 el mandam\u00e1s del \u201cb\u00f3lido verde\u201d.<\/p>\n<p>\u201cAlgunos dicen que van a ver la cantidad de inscriptos y los que quieran participar y cumplan con estas condiciones van a poder jugar, o sea que los que no jugaron el Pre Federal podr\u00e1n hacerlo. Ojal\u00e1 no ocurra\u201d, finaliz\u00f3 Cequeira.<\/p>\n<p><img loading=\"lazy\" decoding=\"async\" class=\" wp-image-13295 aligncenter\" src=\"https:\/\/www.sportchaco.com.ar\/wp-content\/uploads\/2024\/09\/CHACO-JUEGA-BANNERS-1_300X250-1-1.gif\" alt=\"\" width=\"361\" height=\"301\" \/><\/p>\n","protected":false},"excerpt":{"rendered":"<p>22-01-2025 El presidente de Hind\u00fa Club, Luis Cequeira, instituci\u00f3n campeona del campe\u00f3n del Pre \u2013 Federal 2024, se mostr\u00f3 dolido y molesto por la pol\u00e9mica resoluci\u00f3n de la CAB que obliga a que los clubes compitan en U11 y U13 femenino desde marzo. \u201cEstamos totalmente de acuerdo con el objeto de la resoluci\u00f3n, no as\u00ed &hellip;<\/p>\n","protected":false},"author":3,"featured_media":15949,"comment_status":"open","ping_status":"open","sticky":false,"template":"","format":"standard","meta":{"footnotes":""},"categories":[3],"tags":[],"class_list":["post-15948","post","type-post","status-publish","format-standard","has-post-thumbnail","hentry","category-basquetbol"],"_links":{"self":[{"href":"https:\/\/www.sportchaco.com.ar\/index.php?rest_route=\/wp\/v2\/posts\/15948","targetHints":{"allow":["GET"]}}],"collection":[{"href":"https:\/\/www.sportchaco.com.ar\/index.php?rest_route=\/wp\/v2\/posts"}],"about":[{"href":"https:\/\/www.sportchaco.com.ar\/index.php?rest_route=\/wp\/v2\/types\/post"}],"author":[{"embeddable":true,"href":"https:\/\/www.sportchaco.com.ar\/index.php?rest_route=\/wp\/v2\/users\/3"}],"replies":[{"embeddable":true,"href":"https:\/\/www.sportchaco.com.ar\/index.php?rest_route=%2Fwp%2Fv2%2Fcomments&post=15948"}],"version-history":[{"count":1,"href":"https:\/\/www.sportchaco.com.ar\/index.php?rest_route=\/wp\/v2\/posts\/15948\/revisions"}],"predecessor-version":[{"id":15950,"href":"https:\/\/www.sportchaco.com.ar\/index.php?rest_route=\/wp\/v2\/posts\/15948\/revisions\/15950"}],"wp:featuredmedia":[{"embeddable":true,"href":"https:\/\/www.sportchaco.com.ar\/index.php?rest_route=\/wp\/v2\/media\/15949"}],"wp:attachment":[{"href":"https:\/\/www.sportchaco.com.ar\/index.php?rest_route=%2Fwp%2Fv2%2Fmedia&parent=15948"}],"wp:term":[{"taxonomy":"category","embeddable":true,"href":"https:\/\/www.sportchaco.com.ar\/index.php?rest_route=%2Fwp%2Fv2%2Fcategories&post=15948"},{"taxonomy":"post_tag","embeddable":true,"href":"https:\/\/www.sportchaco.com.ar\/index.php?rest_route=%2Fwp%2Fv2%2Ftags&post=15948"}],"curies":[{"name":"wp","href":"https:\/\/api.w.org\/{rel}","templated":true}]}}