{"id":15961,"date":"2025-01-23T11:46:38","date_gmt":"2025-01-23T14:46:38","guid":{"rendered":"https:\/\/www.sportchaco.com.ar\/?p=15961"},"modified":"2025-01-23T15:41:42","modified_gmt":"2025-01-23T18:41:42","slug":"david-sona-tiene-equipo-para-le-mxgp","status":"publish","type":"post","link":"https:\/\/www.sportchaco.com.ar\/?p=15961","title":{"rendered":"David Sona tiene equipo para le MXGP"},"content":{"rendered":"<p><strong>23-01-2025<\/strong><\/p>\n<p>El chaque\u00f1o David Sona ser\u00e1 parte del equipo \u00abUFO &#8211; SPEED\u00bb para el MXGP.<\/p>\n<p>\u00abEste a\u00f1o contaremos con la representaci\u00f3n de los pilotos Daniel Garay y David Sona, quienes competir\u00e1n en la categor\u00eda MXGP 450\u00bb, dijo el equipo en sus redes sociales.<\/p>\n<p><img loading=\"lazy\" decoding=\"async\" class=\" wp-image-10821 aligncenter\" src=\"https:\/\/www.sportchaco.com.ar\/wp-content\/uploads\/2024\/06\/Gobierno-paisaje-1-300x116.png\" alt=\"\" width=\"432\" height=\"167\" srcset=\"https:\/\/www.sportchaco.com.ar\/wp-content\/uploads\/2024\/06\/Gobierno-paisaje-1-300x116.png 300w, https:\/\/www.sportchaco.com.ar\/wp-content\/uploads\/2024\/06\/Gobierno-paisaje-1-768x297.png 768w, https:\/\/www.sportchaco.com.ar\/wp-content\/uploads\/2024\/06\/Gobierno-paisaje-1.png 800w\" sizes=\"auto, (max-width: 432px) 100vw, 432px\" \/><\/p>\n","protected":false},"excerpt":{"rendered":"<p>23-01-2025 El chaque\u00f1o David Sona ser\u00e1 parte del equipo \u00abUFO &#8211; SPEED\u00bb para el MXGP. \u00abEste a\u00f1o contaremos con la representaci\u00f3n de los pilotos Daniel Garay y David Sona, quienes competir\u00e1n en la categor\u00eda MXGP 450\u00bb, dijo el equipo en sus redes sociales.<\/p>\n","protected":false},"author":2,"featured_media":15962,"comment_status":"open","ping_status":"open","sticky":false,"template":"","format":"standard","meta":{"footnotes":""},"categories":[59],"tags":[],"class_list":["post-15961","post","type-post","status-publish","format-standard","has-post-thumbnail","hentry","category-motociclismo"],"_links":{"self":[{"href":"https:\/\/www.sportchaco.com.ar\/index.php?rest_route=\/wp\/v2\/posts\/15961","targetHints":{"allow":["GET"]}}],"collection":[{"href":"https:\/\/www.sportchaco.com.ar\/index.php?rest_route=\/wp\/v2\/posts"}],"about":[{"href":"https:\/\/www.sportchaco.com.ar\/index.php?rest_route=\/wp\/v2\/types\/post"}],"author":[{"embeddable":true,"href":"https:\/\/www.sportchaco.com.ar\/index.php?rest_route=\/wp\/v2\/users\/2"}],"replies":[{"embeddable":true,"href":"https:\/\/www.sportchaco.com.ar\/index.php?rest_route=%2Fwp%2Fv2%2Fcomments&post=15961"}],"version-history":[{"count":3,"href":"https:\/\/www.sportchaco.com.ar\/index.php?rest_route=\/wp\/v2\/posts\/15961\/revisions"}],"predecessor-version":[{"id":15980,"href":"https:\/\/www.sportchaco.com.ar\/index.php?rest_route=\/wp\/v2\/posts\/15961\/revisions\/15980"}],"wp:featuredmedia":[{"embeddable":true,"href":"https:\/\/www.sportchaco.com.ar\/index.php?rest_route=\/wp\/v2\/media\/15962"}],"wp:attachment":[{"href":"https:\/\/www.sportchaco.com.ar\/index.php?rest_route=%2Fwp%2Fv2%2Fmedia&parent=15961"}],"wp:term":[{"taxonomy":"category","embeddable":true,"href":"https:\/\/www.sportchaco.com.ar\/index.php?rest_route=%2Fwp%2Fv2%2Fcategories&post=15961"},{"taxonomy":"post_tag","embeddable":true,"href":"https:\/\/www.sportchaco.com.ar\/index.php?rest_route=%2Fwp%2Fv2%2Ftags&post=15961"}],"curies":[{"name":"wp","href":"https:\/\/api.w.org\/{rel}","templated":true}]}}