{"id":15984,"date":"2025-01-23T21:00:46","date_gmt":"2025-01-24T00:00:46","guid":{"rendered":"https:\/\/www.sportchaco.com.ar\/?p=15984"},"modified":"2025-01-23T21:03:42","modified_gmt":"2025-01-24T00:03:42","slug":"joaquin-espindola-sera-el-nuevo-dt-de-defensores","status":"publish","type":"post","link":"https:\/\/www.sportchaco.com.ar\/?p=15984","title":{"rendered":"Joaqu\u00edn Esp\u00edndola ser\u00e1 el nuevo DT de Defensores"},"content":{"rendered":"<p><strong>23-01-2025<\/strong><\/p>\n<p><img loading=\"lazy\" decoding=\"async\" class=\" wp-image-11990 aligncenter\" src=\"https:\/\/www.sportchaco.com.ar\/wp-content\/uploads\/2024\/07\/Copy-of-CHACO-JUEGA-BANNERS-1_1200X200-1-300x50.gif\" alt=\"\" width=\"360\" height=\"60\" srcset=\"https:\/\/www.sportchaco.com.ar\/wp-content\/uploads\/2024\/07\/Copy-of-CHACO-JUEGA-BANNERS-1_1200X200-1-300x50.gif 300w, https:\/\/www.sportchaco.com.ar\/wp-content\/uploads\/2024\/07\/Copy-of-CHACO-JUEGA-BANNERS-1_1200X200-1-1024x171.gif 1024w, https:\/\/www.sportchaco.com.ar\/wp-content\/uploads\/2024\/07\/Copy-of-CHACO-JUEGA-BANNERS-1_1200X200-1-768x128.gif 768w\" sizes=\"auto, (max-width: 360px) 100vw, 360px\" \/><\/p>\n<p>Defensores de Vilelas, el \u00faltimo campe\u00f3n de la Liga Chaque\u00f1a de F\u00fatbol, realiz\u00f3 cambio de entrenador para afrontar las competiciones del a\u00f1o 2025.<\/p>\n<p>En las \u00faltimas semanas se supo de la salida de Alejandro Barbona del club \u00abverde\u00bb, ya que pasar\u00e1 a integrar el cuerpo t\u00e9cnico de Daniel Cravero en el Federal A en el equipo de Cipoletti.<\/p>\n<p>La dirigencia de Defensores se movi\u00f3 r\u00e1pidamente en el mercado y contrat\u00f3 los servicios de Joaqu\u00edn Esp\u00edndola para que se convierta en el nuevo DT del equipo de Primera Divisi\u00f3n.<\/p>\n<p>El \u00abconejo\u00bb Esp\u00edndola tuvo su debut como cabeza de grupo en el a\u00f1o 2022 cuando se hizo cargo de Juventud de Puerto Tirol, club con el que obtuvo dos t\u00edtulos ese a\u00f1o. En esta ocasi\u00f3n el entrenador estar\u00e1 acompa\u00f1ado por el profesor Richard Meyer.<\/p>\n<p><em><strong>Foto: Prensa Defensores<\/strong><\/em><\/p>\n<p><img loading=\"lazy\" decoding=\"async\" class=\" wp-image-14581 aligncenter\" src=\"https:\/\/www.sportchaco.com.ar\/wp-content\/uploads\/2024\/11\/CHACO-JUEGA-BANNERS-1_250X250-1.gif\" alt=\"\" width=\"310\" height=\"310\" \/><\/p>\n","protected":false},"excerpt":{"rendered":"<p>23-01-2025 Defensores de Vilelas, el \u00faltimo campe\u00f3n de la Liga Chaque\u00f1a de F\u00fatbol, realiz\u00f3 cambio de entrenador para afrontar las competiciones del a\u00f1o 2025. En las \u00faltimas semanas se supo de la salida de Alejandro Barbona del club \u00abverde\u00bb, ya que pasar\u00e1 a integrar el cuerpo t\u00e9cnico de Daniel Cravero en el Federal A en &hellip;<\/p>\n","protected":false},"author":3,"featured_media":15985,"comment_status":"open","ping_status":"open","sticky":false,"template":"","format":"standard","meta":{"footnotes":""},"categories":[5],"tags":[],"class_list":["post-15984","post","type-post","status-publish","format-standard","has-post-thumbnail","hentry","category-futbol"],"_links":{"self":[{"href":"https:\/\/www.sportchaco.com.ar\/index.php?rest_route=\/wp\/v2\/posts\/15984","targetHints":{"allow":["GET"]}}],"collection":[{"href":"https:\/\/www.sportchaco.com.ar\/index.php?rest_route=\/wp\/v2\/posts"}],"about":[{"href":"https:\/\/www.sportchaco.com.ar\/index.php?rest_route=\/wp\/v2\/types\/post"}],"author":[{"embeddable":true,"href":"https:\/\/www.sportchaco.com.ar\/index.php?rest_route=\/wp\/v2\/users\/3"}],"replies":[{"embeddable":true,"href":"https:\/\/www.sportchaco.com.ar\/index.php?rest_route=%2Fwp%2Fv2%2Fcomments&post=15984"}],"version-history":[{"count":2,"href":"https:\/\/www.sportchaco.com.ar\/index.php?rest_route=\/wp\/v2\/posts\/15984\/revisions"}],"predecessor-version":[{"id":15987,"href":"https:\/\/www.sportchaco.com.ar\/index.php?rest_route=\/wp\/v2\/posts\/15984\/revisions\/15987"}],"wp:featuredmedia":[{"embeddable":true,"href":"https:\/\/www.sportchaco.com.ar\/index.php?rest_route=\/wp\/v2\/media\/15985"}],"wp:attachment":[{"href":"https:\/\/www.sportchaco.com.ar\/index.php?rest_route=%2Fwp%2Fv2%2Fmedia&parent=15984"}],"wp:term":[{"taxonomy":"category","embeddable":true,"href":"https:\/\/www.sportchaco.com.ar\/index.php?rest_route=%2Fwp%2Fv2%2Fcategories&post=15984"},{"taxonomy":"post_tag","embeddable":true,"href":"https:\/\/www.sportchaco.com.ar\/index.php?rest_route=%2Fwp%2Fv2%2Ftags&post=15984"}],"curies":[{"name":"wp","href":"https:\/\/api.w.org\/{rel}","templated":true}]}}