{"id":15998,"date":"2025-01-25T10:28:57","date_gmt":"2025-01-25T13:28:57","guid":{"rendered":"https:\/\/www.sportchaco.com.ar\/?p=15998"},"modified":"2025-01-25T11:28:38","modified_gmt":"2025-01-25T14:28:38","slug":"posiciones-y-fixture-del-sudamericano-sub-20","status":"publish","type":"post","link":"https:\/\/www.sportchaco.com.ar\/?p=15998","title":{"rendered":"Posiciones y fixture del Sudamericano Sub 20"},"content":{"rendered":"<div class=\"lay --apertura\">\n<div class=\"row\">\n<div class=\"col-12\">\n<h1 class=\"com-title --font-primary --sixxl --font-extra\">\u00a0Se jug\u00f3 la fecha 1 <span style=\"font-size: 24px;\">El torneo que reparte un t\u00edtulo continental y cuatro clasificaciones al Mundial de la categor\u00eda se disputa hasta el 16 de febrero, en distintas ciudades de Venezuela<\/span><\/h1>\n<\/div>\n<\/div>\n<\/div>\n<div class=\"lay-sidebar\">\n<div class=\"sidebar__main\">\n<div class=\"row\">\n<div class=\"col-12 \">\n<div class=\"mod-date-container flex flex-column gap-8 mb-16 text-neutral-light-600 jc-between flex-row_sm ai-center_sm\"><\/div>\n<div>\n<section class=\"mod-opening\">\n<div class=\"content-media\">\n<section id=\"ZSCHEY4BKFA73DJZKJZBFLRFDQ\" class=\"mod-media \" role=\"button\">\n<figure class=\"mod-figure --horizontal\" role=\"button\">\n<div class=\"placeholder \">\n<div class=\"com-image\"><\/div>\n<\/div><figcaption class=\"mod-figcaption\"><\/figcaption><\/figure>\n<\/section>\n<\/div>\n<\/section>\n<\/div>\n<\/div>\n<\/div>\n<section class=\"cuerpo__nota\">\n<div class=\"row\">\n<div class=\"col-12 col-desksm-1\">\n<div class=\"mod-share-container py-12 mb-16 mb-0_l border border-bottom border-thin border-neutral-light-100 border-0_l --no-app sticky float-l_l z-101 transition transition-all transition-duration-250 top-73_min1024\"><\/div>\n<\/div>\n<div class=\"col-deskxl-10 offset-deskxl-1 col-desksm-11\">\n<div class=\"row\">\n<div class=\"col-12\">\n<p class=\"com-paragraph --s\"><strong>Este viernes se llev\u00f3 a cabo el segundo d\u00eda de competencia del\u00a0<\/strong><a class=\"com-link\" title=\"Sudamericano Sub 20\" href=\"https:\/\/canchallena.lanacion.com.ar\/futbol\/sudamericano-sub-20-2025\/\" target=\"_blank\" rel=\"noopener\"><strong>Sudamericano Sub 20<\/strong><\/a><strong>\u00a0que se desarrolla en Venezuela, con dos partidos de la primera fecha del grupo B: en el primer turno\u00a0<\/strong><a class=\"com-link\" title=\"Bolivia, que daba la sorpresa, cay\u00f3 con Ecuador\" href=\"https:\/\/canchallena.lanacion.com.ar\/futbol\/sudamericano-sub-20-2025\/bolivia-u20-ecuador-u20-2dzf9asrw14ppcmypozo5gy6s\/\" target=\"_blank\" rel=\"noopener\"><strong>Bolivia, que daba la sorpresa, cay\u00f3 con Ecuador<\/strong><\/a><strong>\u00a0y luego\u00a0<\/strong><a class=\"com-link\" title=\"la Argentina le propici\u00f3 una goleada hist\u00f3rica a Brasil. \" href=\"https:\/\/canchallena.lanacion.com.ar\/futbol\/sudamericano-sub-20-2025\/brazil-u20-argentina-u20-2effm3vmywu2oigort6icgydw\/\" target=\"_blank\" rel=\"noopener\"><strong>la Argentina le propici\u00f3 una goleada hist\u00f3rica a Brasil.\u00a0<\/strong><\/a>En\u00a0<a class=\"com-link\" title=\"canchallena.com\" href=\"https:\/\/canchallena.lanacion.com.ar\/\" target=\"_blank\" rel=\"noopener\">canchallena.com<\/a>\u00a0est\u00e1n disponibles todos los detalles de la competencia. Antes, el jueves, d\u00eda en el que se levant\u00f3 el tel\u00f3n del torneo, Chile y Paraguay se impusieron al local y Per\u00fa, respectivamente y por 2 a 1.<\/p>\n<p class=\"com-paragraph --s\">Los equipos participantes se dividieron en\u00a0<strong>dos grupos. En el A est\u00e1n el local, Paraguay, Per\u00fa, Chile y Uruguay<\/strong>\u00a0mientras que\u00a0<strong>en el B compiten la Argentina, Brasil, Bolivia, Ecuador y Colombia.<\/strong>\u00a0Los tres mejores de cada zona avanzan al Hexagonal Final, en el que los planteles se vuelven a enfrentar todos contra todos y los cuatro l\u00edderes se clasificar\u00e1n a la cita ecum\u00e9nica que tendr\u00e1 lugar en Chile del 20 de septiembre al 19 de octubre. En caso de que el seleccionado trasandino ocupe uno de los puestos de acceso a la Copa del Mundo, se abrir\u00e1 un lugar para el quinto de la instancia definitiva porque la Roja ya tiene su cupo como anfitriona.<\/p>\n<p class=\"com-paragraph --s\">Los encuentros de la primera etapa se jugar\u00e1n en los estadios Metropolitano de Lara y Misael Delgado de Valencia mientras que el Hexagonal Final ser\u00e1 en los recintos\u00a0<strong>Br\u00edgido Iriarte<\/strong>\u00a0y Ol\u00edmpico de la Universidad C\u00e9sar Vallejo de Caracas; y en el\u00a0<strong>Jos\u00e9 Antonio Anzoategui<\/strong>\u00a0de Puerto La Cruz.<\/p>\n<div class=\"content-media\">\n<section class=\"mod-media --zoom \" role=\"button\">\n<figure class=\"mod-figure \" role=\"button\">\n<div class=\"placeholder \">\n<div class=\"com-image\"><picture><source srcset=\"https:\/\/resizer.glanacion.com\/resizer\/v2\/la-argentina-no-tuvo-piedad-de-brasil-y-se-impuso-I3JMBSNFWJDKBNG5YWUQ4NWHYU.JPG?auth=e56f5c2963d9d8cd4270975380a8ff9e3a276d6725fa609949816d5c03e5e2ac&amp;width=780&amp;height=520&amp;quality=70&amp;smart=true\" media=\"(min-width: 768px)\" \/><img loading=\"lazy\" decoding=\"async\" class=\"image flex com-image --cover\" src=\"https:\/\/resizer.glanacion.com\/resizer\/v2\/la-argentina-no-tuvo-piedad-de-brasil-y-se-impuso-I3JMBSNFWJDKBNG5YWUQ4NWHYU.JPG?auth=e56f5c2963d9d8cd4270975380a8ff9e3a276d6725fa609949816d5c03e5e2ac&amp;width=420&amp;height=280&amp;quality=70&amp;smart=true\" alt=\"La Argentina no tuvo piedad de Brasil y se impuso por 6 a 0 en el estreno cl\u00e1sico del Sub 20\" width=\"2000\" height=\"1333\" \/><\/picture><\/div>\n<\/div><figcaption class=\"mod-figcaption\"><span class=\"com-text --caption --twoxs\">La Argentina no tuvo piedad de Brasil y se impuso por 6 a 0 en el estreno cl\u00e1sico del Sub 20<\/span><span class=\"com-text --credit --twoxs\">Ariana Cubillos &#8211; AP<\/span><\/figcaption><\/figure>\n<\/section>\n<\/div>\n<h2 class=\"com-title --font-primary --xl --font-extra\">Fixture, resultados y posiciones del Sudamericano Sub 20<\/h2>\n<p class=\"com-paragraph --s\"><em>*Todos los horarios corresponden a la Argentina.<\/em><\/p>\n<h3 class=\"com-title --font-primary --l --font-extra\">Grupo A<\/h3>\n<p class=\"com-paragraph --s\"><strong>Fecha 1<\/strong><\/p>\n<ul class=\"com-unordered\">\n<li class=\"com-item\">Per\u00fa 2-1 Paraguay.<\/li>\n<li class=\"com-item\">Venezuela 1-2 Chile.<\/li>\n<li class=\"com-item\">Libre: Uruguay.<\/li>\n<\/ul>\n<p class=\"com-paragraph --s\"><strong>Fecha 2<\/strong><\/p>\n<ul class=\"com-unordered\">\n<li class=\"com-item\">18: Chile vs. Uruguay &#8211; S\u00e1bado 25 de enero en el estadio Metropolitano de Lara.<\/li>\n<li class=\"com-item\">20.30: Per\u00fa vs. Venezuela &#8211; S\u00e1bado 25 de enero en el estadio Metropolitano de Lara.<\/li>\n<li class=\"com-item\">Libre: Paraguay.<\/li>\n<\/ul>\n<p class=\"com-paragraph --s\"><strong>Fecha 3<\/strong><\/p>\n<ul class=\"com-unordered\">\n<li class=\"com-item\">18: Chile 2-1 Per\u00fa &#8211; Lunes 27 de enero en el estadio Metropolitano de Lara.<\/li>\n<li class=\"com-item\">20.30: Uruguay vs. Paraguay &#8211; Lunes 27 de enero en el estadio Metropolitano de Lara.<\/li>\n<li class=\"com-item\">Libre: Venezuela.<\/li>\n<\/ul>\n<div class=\"com-embed --html\">\n<div class=\"p-overflow_max767\">\n<div>\n<div class=\"contenido-externo\">\n<div id=\"anexo-TBWSOKSQOZDD3JRXPEW4JIJYAQ-0-1-1\" class=\"com-anexo pym\"><\/div>\n<\/div>\n<\/div>\n<\/div>\n<\/div>\n<p class=\"com-paragraph --s\"><strong>Fecha 4<\/strong><\/p>\n<ul class=\"com-unordered\">\n<li class=\"com-item\">18: Uruguay vs. Per\u00fa &#8211; Mi\u00e9rcoles 29 de enero en el estadio Metropolitano de Lara.<\/li>\n<li class=\"com-item\">20.30: Paraguay vs. Venezuela &#8211; Mi\u00e9rcoles 29 de enero en el estadio Metropolitano de Lara.<\/li>\n<li class=\"com-item\">Libre: Chile.<\/li>\n<\/ul>\n<p class=\"com-paragraph --s\"><strong>Fecha 5<\/strong><\/p>\n<ul class=\"com-unordered\">\n<li class=\"com-item\">20.30: Venezuela vs. Uruguay &#8211; Viernes 31 de enero en el estadio Metropolitano de Lara.<\/li>\n<li class=\"com-item\">20.30: Paraguay vs. Chile &#8211; Viernes 31 de enero en el estadio Misael Delgado de Valencia.<\/li>\n<li class=\"com-item\">Libre: Per\u00fa.<\/li>\n<\/ul>\n<h3 class=\"com-title --font-primary --l --font-extra\">Grupo B<\/h3>\n<p class=\"com-paragraph --s\"><strong>Fecha 1<\/strong><\/p>\n<ul class=\"com-unordered\">\n<li class=\"com-item\">Bolivia 1-2 Ecuador.<\/li>\n<li class=\"com-item\">Brasil 0-6 Argentina.<\/li>\n<li class=\"com-item\">Libre: Colombia.<\/li>\n<\/ul>\n<p class=\"com-paragraph --s\"><strong>Fecha 2<\/strong><\/p>\n<ul class=\"com-unordered\">\n<li class=\"com-item\">18: Bolivia vs. Brasil &#8211; Domingo 26 de enero en el estadio Misael Delgado de Valencia.<\/li>\n<li class=\"com-item\">20.30: Argentina vs. Colombia &#8211; Domingo 26 de enero en el estadio Misael Delgado de Valencia.<\/li>\n<li class=\"com-item\">Libre: Ecuador.<\/li>\n<\/ul>\n<p class=\"com-paragraph --s\"><strong>Fecha 3<\/strong><\/p>\n<ul class=\"com-unordered\">\n<li class=\"com-item\">18: Argentina vs. Bolivia &#8211; Martes 28 de enero en el estadio Misael Delgado de Valencia.<\/li>\n<li class=\"com-item\">20.30: Colombia vs. Ecuador &#8211; Martes 28 de enero en el estadio Misael Delgado de Valencia.<\/li>\n<li class=\"com-item\">Libre: Brasil.<\/li>\n<\/ul>\n<p class=\"com-paragraph --s\"><strong>Fecha 4<\/strong><\/p>\n<ul class=\"com-unordered\">\n<li class=\"com-item\">18: Colombia vs. Bolivia &#8211; Jueves 30 de enero en el estadio Misael Delgado de Valencia.<\/li>\n<li class=\"com-item\">20.30: Ecuador vs. Brasil &#8211; Jueves 30 de enero en el estadio Misael Delgado de Valencia.<\/li>\n<li class=\"com-item\">Libre: Argentina.<\/li>\n<\/ul>\n<p class=\"com-paragraph --s\"><strong>Fecha 5<\/strong><\/p>\n<ul class=\"com-unordered\">\n<li class=\"com-item\">20.30: Ecuador vs. Argentina &#8211; S\u00e1bado 1\u00b0 de febrero en el estadio Metropolitano de Lara.<\/li>\n<li class=\"com-item\">20.30: Brasil vs. Colombia &#8211; S\u00e1bado 1\u00b0 de febrero en el estadio Misael Delgado de Valencia.<\/li>\n<li class=\"com-item\">Libre: Bolivia.<\/li>\n<\/ul>\n<div class=\"com-embed --html\">\n<div class=\"p-overflow_max767\">\n<div>\n<div class=\"contenido-externo\">\n<div id=\"anexo-NK463CODWZC53KF6VZC7ZVZ5GA-0-1-1\" class=\"com-anexo pym\"><\/div>\n<\/div>\n<\/div>\n<\/div>\n<\/div>\n<h2 class=\"com-title --font-primary --xl --font-extra\">Hexagonal Final<\/h2>\n<ul class=\"com-unordered\">\n<li class=\"com-item\">Fecha 1: Martes 4 de febrero.<\/li>\n<li class=\"com-item\">Fecha 2: Viernes 7 de febrero.<\/li>\n<li class=\"com-item\">Fecha 3: Lunes 10 de febrero.<\/li>\n<li class=\"com-item\">Fecha 4: Jueves 13 de febrero.<\/li>\n<li class=\"com-item\">Fecha 5: Domingo 16 de febrero.<\/li>\n<\/ul>\n<div class=\"flex flex-column feature-firma mb-32\">\n<div class=\"flex flex-column feature-firma\"><\/div>\n<\/div>\n<div class=\"mb-32\"><span class=\"text ln-text font-bold --twoxs\">L<\/span><\/div>\n<\/div>\n<\/div>\n<\/div>\n<\/div>\n<\/section>\n<\/div>\n<\/div>\n","protected":false},"excerpt":{"rendered":"<p>\u00a0Se jug\u00f3 la fecha 1 El torneo que reparte un t\u00edtulo continental y cuatro clasificaciones al Mundial de la categor\u00eda se disputa hasta el 16 de febrero, en distintas ciudades de Venezuela Este viernes se llev\u00f3 a cabo el segundo d\u00eda de competencia del\u00a0Sudamericano Sub 20\u00a0que se desarrolla en Venezuela, con dos partidos de la &hellip;<\/p>\n","protected":false},"author":2,"featured_media":16026,"comment_status":"open","ping_status":"open","sticky":false,"template":"","format":"standard","meta":{"footnotes":""},"categories":[6],"tags":[],"class_list":["post-15998","post","type-post","status-publish","format-standard","has-post-thumbnail","hentry","category-internacionales"],"_links":{"self":[{"href":"https:\/\/www.sportchaco.com.ar\/index.php?rest_route=\/wp\/v2\/posts\/15998","targetHints":{"allow":["GET"]}}],"collection":[{"href":"https:\/\/www.sportchaco.com.ar\/index.php?rest_route=\/wp\/v2\/posts"}],"about":[{"href":"https:\/\/www.sportchaco.com.ar\/index.php?rest_route=\/wp\/v2\/types\/post"}],"author":[{"embeddable":true,"href":"https:\/\/www.sportchaco.com.ar\/index.php?rest_route=\/wp\/v2\/users\/2"}],"replies":[{"embeddable":true,"href":"https:\/\/www.sportchaco.com.ar\/index.php?rest_route=%2Fwp%2Fv2%2Fcomments&post=15998"}],"version-history":[{"count":1,"href":"https:\/\/www.sportchaco.com.ar\/index.php?rest_route=\/wp\/v2\/posts\/15998\/revisions"}],"predecessor-version":[{"id":16024,"href":"https:\/\/www.sportchaco.com.ar\/index.php?rest_route=\/wp\/v2\/posts\/15998\/revisions\/16024"}],"wp:featuredmedia":[{"embeddable":true,"href":"https:\/\/www.sportchaco.com.ar\/index.php?rest_route=\/wp\/v2\/media\/16026"}],"wp:attachment":[{"href":"https:\/\/www.sportchaco.com.ar\/index.php?rest_route=%2Fwp%2Fv2%2Fmedia&parent=15998"}],"wp:term":[{"taxonomy":"category","embeddable":true,"href":"https:\/\/www.sportchaco.com.ar\/index.php?rest_route=%2Fwp%2Fv2%2Fcategories&post=15998"},{"taxonomy":"post_tag","embeddable":true,"href":"https:\/\/www.sportchaco.com.ar\/index.php?rest_route=%2Fwp%2Fv2%2Ftags&post=15998"}],"curies":[{"name":"wp","href":"https:\/\/api.w.org\/{rel}","templated":true}]}}