{"id":16019,"date":"2025-01-25T23:00:43","date_gmt":"2025-01-26T02:00:43","guid":{"rendered":"https:\/\/www.sportchaco.com.ar\/?p=16019"},"modified":"2025-01-26T00:32:49","modified_gmt":"2025-01-26T03:32:49","slug":"efemerides-del-26-de-enero-2","status":"publish","type":"post","link":"https:\/\/www.sportchaco.com.ar\/?p=16019","title":{"rendered":"Efem\u00e9rides del 26 de enero"},"content":{"rendered":"<div class=\"container fullwidth-entry-title-wrapper\">\n<div class=\"container-wrapper fullwidth-entry-title\">\n<header class=\"entry-header-outer\">\n<div class=\"entry-header\">\n<h1 class=\"post-title entry-title\">Efem\u00e9rides del 26 de enero<\/h1>\n<div class=\"single-post-meta post-meta clearfix\"><\/div>\n<\/div>\n<\/header>\n<\/div>\n<\/div>\n<div id=\"content\" class=\"site-content container\">\n<div id=\"main-content-row\" class=\"tie-row main-content-row\">\n<div class=\"main-content tie-col-md-8 tie-col-xs-12\" role=\"main\">\n<article id=\"the-post\" class=\"container-wrapper post-content tie-standard\">\n<div class=\"featured-area\">\n<div class=\"featured-area-inner\">\n<figure class=\"single-featured-image\"><img loading=\"lazy\" decoding=\"async\" class=\"attachment-jannah-image-post size-jannah-image-post wp-post-image\" src=\"https:\/\/www.sportchaco.com.ar\/wp-content\/uploads\/2024\/01\/Kuroki-Luis-chica-780x470.jpg\" alt=\"\" width=\"780\" height=\"470\" data-main-img=\"1\" \/><\/figure>\n<\/div>\n<\/div>\n<div id=\"share-buttons-top\" class=\"share-buttons share-buttons-top\">\n<div class=\"share-links icons-text share-pill\"><a class=\"facebook-share-btn large-share-button\" title=\"Facebook\" href=\"https:\/\/www.facebook.com\/sharer.php?u=https:\/\/www.sportchaco.com.ar\/?p=5088\" target=\"_blank\" rel=\"external noopener nofollow\" data-raw=\"https:\/\/www.facebook.com\/sharer.php?u={post_link}\"><span class=\"social-text\">Facebook<\/span><\/a>\u00a0<a class=\"twitter-share-btn large-share-button\" title=\"Twitter\" href=\"https:\/\/twitter.com\/intent\/tweet?text=Efem%C3%A9rides%20del%2026%20de%20enero&amp;url=https:\/\/www.sportchaco.com.ar\/?p=5088\" target=\"_blank\" rel=\"external noopener nofollow\" data-raw=\"https:\/\/twitter.com\/intent\/tweet?text={post_title}&amp;url={post_link}\"><span class=\"social-text\">Twitter<\/span><\/a>\u00a0<a class=\"messenger-desktop-share-btn messenger-share-btn large-share-button\" title=\"Messenger\" href=\"https:\/\/www.facebook.com\/dialog\/send?app_id=5303202981&amp;display=popup&amp;link=https:\/\/www.sportchaco.com.ar\/?p=5088&amp;redirect_uri=https:\/\/www.sportchaco.com.ar\/?p=5088\" target=\"_blank\" rel=\"external noopener nofollow\" data-raw=\"https:\/\/www.facebook.com\/dialog\/send?app_id=5303202981&amp;display=popup&amp;link={post_link}&amp;redirect_uri={post_link}\"><span class=\"social-text\">Messenger<\/span><\/a><\/div>\n<\/div>\n<div class=\"entry-content entry clearfix\">\n<p><strong>Esta es la Efem\u00e9rides del Deporte en el Chaco de un 26 de enero del periodista Luis Dar\u00edo Molodezky.<\/strong><\/p>\n<p><img loading=\"lazy\" decoding=\"async\" class=\"alignnone size-medium wp-image-15992\" src=\"https:\/\/www.sportchaco.com.ar\/wp-content\/uploads\/2025\/01\/MOLODEZKY-PERSONALMENTE-e1737730714432-300x265.jpg\" alt=\"\" width=\"300\" height=\"265\" srcset=\"https:\/\/www.sportchaco.com.ar\/wp-content\/uploads\/2025\/01\/MOLODEZKY-PERSONALMENTE-e1737730714432-300x265.jpg 300w, https:\/\/www.sportchaco.com.ar\/wp-content\/uploads\/2025\/01\/MOLODEZKY-PERSONALMENTE-e1737730714432.jpg 305w\" sizes=\"auto, (max-width: 300px) 100vw, 300px\" \/><\/p>\n<p><strong>1955 \/<\/strong>\u00a0Nace en Resistencia Juan Celso Outeri\u00f1o, debutando en la primera de For Ever en 1973. Jug\u00f3 10 temporadas en el negro con m\u00e1s de 150 partidos, 20 goles y10 t\u00edtulos, aunque era defensor. En el Nacional debut\u00f3 en 1979 frente a Boca en la Bombonera, donde le hizo un gol de tiro libre a Hugo Gatti, con su fuerte pegada. Tuvo su ciclo como entrenador en el club. El recuerdo para juanchi un jugador temperamental, uno de los que mejor y m\u00e1s fuerte le pegaba a la pelota, dejando su nombre grabado en la rica historia Forevista.<\/p>\n<p><strong>1937\u00a0<\/strong>\/ El Club 12 de Octubre solicit\u00f3 su afiliaci\u00f3n a la Federaci\u00f3n Chaque\u00f1a de B\u00e1squetbol, cumpliendo todos los requisitos exigidos: contaba con una cancha con luz el\u00e9ctrica para la realizaci\u00f3n de encuentros nocturnos, enclavada en los alrededores de la plaza del mismo nombre.<\/p>\n<p><strong>1963\u00a0<\/strong>\/ En un accidente a\u00e9reo en Ceres, Santa Fe, mueren varios aficionados y familiares que viajaban a Mendoza, para ver la final del campeonato argentino de b\u00e1squetbol entre Chaco y C\u00f3rdoba. En el avi\u00f3n del Aero Club Chaco, piloteado por Bellini, viajaban y fallecieron Julio C\u00e9sar Veloso, Alberto Velazco, Isaac D\u00edaz Setuvi, Benjam\u00edn\u00a0<em>Tango\u00a0<\/em>Margosa y Juan Cabrera.<\/p>\n<p><strong>2005 \/<\/strong>\u00a0Fallece en S\u00e1enz Pe\u00f1a el profesor Luis \u00c1ngel Kuroki quien se destac\u00f3 en el f\u00fatbol Saenzpe\u00f1ense y en Don Orione. Gran trayectoria como t\u00e9cnico con logros en Corrientes y de S\u00e1enz Pe\u00f1a, incluso a CACU de Campo Largo. Creador y organizador de las escuelas de t\u00e9cnicos y \u00e1rbitros de S\u00e1enz P\u00f1ea, Resistencia y Corrientes. Autor de proyectos comunitarios como la Escuela Integral del Deporte, Escuelas Granjas, Escuela Infantil de F\u00fatbol, Proyecto de Salud Escolar (1983-con Resoluci\u00f3n Ministerial), Proyecto: Para evitar inundaciones en el Chaco, Impulso Tur\u00edstico y reparaci\u00f3n del Puente Pexoa..\u00a8 Mi labor debe trascender el umbral de la escuela\u00a8 sentenci\u00f3 y se cumpli\u00f3<\/p>\n<p>&nbsp;<\/p>\n<h3>Foto del diario de Luis Angel Kuroki<\/h3>\n<\/div>\n<\/article>\n<\/div>\n<\/div>\n<\/div>\n","protected":false},"excerpt":{"rendered":"<p>Efem\u00e9rides del 26 de enero Facebook\u00a0Twitter\u00a0Messenger Esta es la Efem\u00e9rides del Deporte en el Chaco de un 26 de enero del periodista Luis Dar\u00edo Molodezky. 1955 \/\u00a0Nace en Resistencia Juan Celso Outeri\u00f1o, debutando en la primera de For Ever en 1973. Jug\u00f3 10 temporadas en el negro con m\u00e1s de 150 partidos, 20 goles y10 &hellip;<\/p>\n","protected":false},"author":2,"featured_media":16020,"comment_status":"open","ping_status":"open","sticky":false,"template":"","format":"standard","meta":{"footnotes":""},"categories":[45,31],"tags":[],"class_list":["post-16019","post","type-post","status-publish","format-standard","has-post-thumbnail","hentry","category-efemerides-dia-por-dia","category-enero"],"_links":{"self":[{"href":"https:\/\/www.sportchaco.com.ar\/index.php?rest_route=\/wp\/v2\/posts\/16019","targetHints":{"allow":["GET"]}}],"collection":[{"href":"https:\/\/www.sportchaco.com.ar\/index.php?rest_route=\/wp\/v2\/posts"}],"about":[{"href":"https:\/\/www.sportchaco.com.ar\/index.php?rest_route=\/wp\/v2\/types\/post"}],"author":[{"embeddable":true,"href":"https:\/\/www.sportchaco.com.ar\/index.php?rest_route=\/wp\/v2\/users\/2"}],"replies":[{"embeddable":true,"href":"https:\/\/www.sportchaco.com.ar\/index.php?rest_route=%2Fwp%2Fv2%2Fcomments&post=16019"}],"version-history":[{"count":1,"href":"https:\/\/www.sportchaco.com.ar\/index.php?rest_route=\/wp\/v2\/posts\/16019\/revisions"}],"predecessor-version":[{"id":16021,"href":"https:\/\/www.sportchaco.com.ar\/index.php?rest_route=\/wp\/v2\/posts\/16019\/revisions\/16021"}],"wp:featuredmedia":[{"embeddable":true,"href":"https:\/\/www.sportchaco.com.ar\/index.php?rest_route=\/wp\/v2\/media\/16020"}],"wp:attachment":[{"href":"https:\/\/www.sportchaco.com.ar\/index.php?rest_route=%2Fwp%2Fv2%2Fmedia&parent=16019"}],"wp:term":[{"taxonomy":"category","embeddable":true,"href":"https:\/\/www.sportchaco.com.ar\/index.php?rest_route=%2Fwp%2Fv2%2Fcategories&post=16019"},{"taxonomy":"post_tag","embeddable":true,"href":"https:\/\/www.sportchaco.com.ar\/index.php?rest_route=%2Fwp%2Fv2%2Ftags&post=16019"}],"curies":[{"name":"wp","href":"https:\/\/api.w.org\/{rel}","templated":true}]}}